{"id":655684,"date":"2026-08-30T11:45:23","date_gmt":"2026-08-30T11:45:23","guid":{"rendered":"https:\/\/www.europesays.com\/pl\/655684\/"},"modified":"2026-08-30T11:45:23","modified_gmt":"2026-08-30T11:45:23","slug":"nowa-lodz-ratownicza-sar-kajetan-za-ponad-12-mln-zl","status":"publish","type":"post","link":"https:\/\/www.europesays.com\/pl\/655684\/","title":{"rendered":"Nowa \u0142\u00f3d\u017a ratownicza SAR. &#8222;Kajetan&#8221; za ponad 1,2 mln z\u0142"},"content":{"rendered":"<p>\t\t\t\t\t\t\t\tW\u00a0\u0141ebie zwodowano now\u0105 \u0142\u00f3d\u017a Morskiej S\u0142u\u017cby Poszukiwania i\u00a0Ratownictwa \u201eKajetan\u201d. To\u00a0nowoczesna, specjalistyczna jednostka o\u00a0d\u0142ugo\u015bci ponad 8 m, z\u00a0dwoma silnikami o\u00a0mocy 400 KM oraz\u00a0wyposa\u017cona w\u00a0radar o\u00a0zasi\u0119gu do\u00a045 mil morskich.<\/p>\n<p>\u0141\u00f3d\u017a kosztowa\u0142a ponad 1,2 mln z\u0142otych i\u00a0jest w\u00a0pe\u0142ni wyposa\u017cona, dzi\u0119ki czemu ratownicy b\u0119d\u0105 mogli w\u00a0trakcie transportu prowadzi\u0107 tak\u017ce akcj\u0119 resuscytacyjn\u0105. Wodna karetka zosta\u0142a sfinansowana przez\u00a0Fundacj\u0119 Orlen. Jak zapewniaj\u0105 przedstawiciele SAR, sprz\u0119t bardzo im\u00a0si\u0119 przyda, tym bardziej, \u017ce\u00a0jednostka ma\u00a0ogrzewan\u0105 kabin\u0119, gdzie w\u00a0komfortowych warunkach mo\u017cna transportowa\u0107 poszkodowanych.<\/p>\n<p>LAWINOWY WZROST INTERWENCJI NA\u00a0BA\u0141TYKU<\/p>\n<p>\u0141\u00f3d\u017a wejdzie do\u00a0s\u0142u\u017cby w\u00a0najbli\u017cszych dniach. B\u0119dzie wykorzystywana do\u00a0poszukiwania rozbitk\u00f3w, prowadzenia poszukiwa\u0144 i\u00a0podejmowania potrzebuj\u0105cych ze\u00a0statk\u00f3w oraz\u00a0instalacji morskich. W\u00a0ostatnim czasie w\u00a0zwi\u0105zku z\u00a0budow\u0105 morskich farm wiatrowych liczba interwencji znacz\u0105co wzros\u0142a.<\/p>\n<p>\u2013 Gospodarka morska jest jak galopuj\u0105cy ko\u0144, a\u00a0my, ratownicy, staramy si\u0119 go\u00a0dogoni\u0107. W\u00a0ostatnim czasie rzuca nam ona nowe wyzwania. Staramy si\u0119 sprosta\u0107, cho\u0107 przyznam, \u017ce\u00a0nie\u00a0jest to\u00a0\u0142atwe. Dzi\u0119ki takim darowiznom, jak ta\u00a0jednostka, jeste\u015bmy w\u00a0stanie szybciej dotrze\u0107 do\u00a0potrzebuj\u0105cych \u2013 informuje dyrektor SAR, Sebastian Kluska.<\/p>\n<p><img loading=\"lazy\" decoding=\"async\" class=\"size-large wp-image-1035274\" src=\"https:\/\/www.europesays.com\/pl\/wp-content\/uploads\/2026\/08\/kajetan6-1024x768.jpeg\" alt=\"\" width=\"1024\" height=\"768\"  \/>\u0141\u00f3d\u017a wejdzie do\u00a0s\u0142u\u017cby w\u00a0najbli\u017cszych dniach (fot.\u00a0Radio Gda\u0144sk\/\u0141ukasz Kosik)<br \/>\n\u201eORLEN NA\u00a0STRA\u017bY\u201d<\/p>\n<p>Chrzest i\u00a0wodowanie nowej jednostki ratunkowej odby\u0142o si\u0119 w\u00a0\u0141ebie tu\u017c obok siedziby Morskiej S\u0142u\u017cby Poszukiwania i\u00a0Ratownictwa. Zdaniem licznie zgromadzonych ratownik\u00f3w morskich, specjalistyczna \u0142\u00f3d\u017a znacz\u0105co wzmocni ich potencja\u0142 operacyjny. Tylko\u00a0od\u00a0stycznia do\u00a0sierpnia interweniowali ju\u017c 390 razy \u2013 to\u00a0tyle, ile w\u00a0ca\u0142ym ubieg\u0142ym roku, a\u00a0sezon sztormowy dopiero przed\u00a0nimi. To\u00a0m.in.\u00a0te\u00a0statystki spowodowa\u0142y, \u017ce\u00a0Fundacja Orlen zdecydowa\u0142a si\u0119 na\u00a0ich wsparcie.<\/p>\n<p>\u2013 W\u00a0tym roku obchodzimy jubileusz programu \u201eOrlen na\u00a0stra\u017cy\u201d. Od\u00a025 lat pomagamy wszystkim ludziom, kt\u00f3rzy\u00a0s\u0105\u00a0w\u00a0potrzebie, tak\u017ce s\u0142u\u017cbom nios\u0105cym ratunek. To\u00a0w\u0142a\u015bnie stra\u017cacy, policjanci czy\u00a0ratownicy Morskiej S\u0142u\u017cby Poszukiwania i\u00a0Ratownictwa, jako pierwsi pojawiaj\u0105 si\u0119 w\u00a0sytuacji, kiedy jest zagro\u017cone \u017cycie ludzkie \u2013 dodaje Sylwia Snopkiewicz, dyrektor wykonawcza Orlenu ds.\u00a0sponsoringu, kt\u00f3ra\u00a0zosta\u0142a tak\u017ce matk\u0105 chrzestn\u0105 jednostki.<\/p>\n<p><img loading=\"lazy\" decoding=\"async\" class=\"size-large wp-image-1035276\" src=\"https:\/\/www.europesays.com\/pl\/wp-content\/uploads\/2026\/08\/kajetan4-1024x768.jpeg\" alt=\"\" width=\"1024\" height=\"768\"  \/>Chrzest i\u00a0wodowanie nowej jednostki ratunkowej odby\u0142o si\u0119 w\u00a0\u0141ebie tu\u017c obok siedziby SAR (fot.\u00a0Radio Gda\u0144sk\/\u0141ukasz Kosik)<br \/>\nMODERNIZACJA SAR<\/p>\n<p>W\u00a0uroczysto\u015bciach wodowania udzia\u0142 wzi\u0119li r\u00f3wnie\u017c samorz\u0105dowcy, przedstawiciele koncern\u00f3w buduj\u0105cych farmy wiatrowe na\u00a0Ba\u0142tyku oraz\u00a0rz\u0105du. Emil Rojek, wicewojewoda pomorski, przyznaje, \u017ce\u00a0szybki rozw\u00f3j sektora gospodarki morskiej wymusza tak\u017ce potrzeb\u0119 szybkiej modernizacji s\u0142u\u017cb odpowiedzialnych za\u00a0bezpiecze\u0144stwo.<\/p>\n<p>\u2013 SAR strze\u017ce ponad 500 km linii brzegowej oraz\u00a0obszaru kilkudziesi\u0119ciu tysi\u0119cy kilometr\u00f3w na\u00a0Morzu Ba\u0142tyckim, dlatego niebawem na\u00a0wyposa\u017cenie ratownik\u00f3w trafi\u0105 kolejne, znacznie bardziej zaawansowane technologicznie statki, cho\u0107by SAR 1501. Ta\u00a0jednostka przyb\u0119dzie ze\u00a0szwedzkiej stoczni pod\u00a0koniec wrze\u015bnia \u2013 wyja\u015bnia Emil Rojek.<\/p>\n<p>B\u0118D\u0104 KOLEJNE STATKI<\/p>\n<p>Ten statek b\u0119dzie stanowi\u0142 wsparcie dla morskiej stacji ratowniczej w\u00a0Trzebie\u017cy. Obecnie w\u00a0Finlandii trwa tak\u017ce budowa dw\u00f3ch kolejnych statk\u00f3w, nast\u0119pc\u00f3w SAR1500 \u2013 starej wys\u0142u\u017conej jednostki stacjonuj\u0105cej na\u00a0co\u00a0dzie\u0144 w\u00a0\u0142ebskim porcie. Niebawem zacumuj\u0105 obok niego SAR-y 2000, naszpikowane nowoczesn\u0105 elektronik\u0105 jednostki specjalistyczne, kt\u00f3re zapewni\u0105 za\u0142odze wi\u0119kszy komfort.<\/p>\n<p>Jak podkre\u015bla Sebastian Kluska, to\u00a0pierwszy etap unowocze\u015bniania polskiej floty ratunkowej. Docelowo ratownicy otrzymaj\u0105 sze\u015b\u0107 nowych statk\u00f3w. Opr\u00f3cz tego trwa projektowanie specjalistycznego pojazdu ratowniczego, kt\u00f3ry\u00a0z\u00a0modu\u0142em karetki b\u0119dzie je\u017adzi\u0142 po\u00a0pla\u017cach i\u00a0trudnym terenie.<\/p>\n<p><img loading=\"lazy\" decoding=\"async\" class=\"size-large wp-image-1035275\" src=\"https:\/\/www.europesays.com\/pl\/wp-content\/uploads\/2026\/08\/kajetan5-1024x576.jpg\" alt=\"\" width=\"1024\" height=\"576\"  \/>W\u00a0uroczysto\u015bciach wodowania \u0142odzi udzia\u0142 wzi\u0119li r\u00f3wnie\u017c samorz\u0105dowcy, przedstawiciele koncern\u00f3w buduj\u0105cych farmy wiatrowe na\u00a0Ba\u0142tyku oraz\u00a0rz\u0105du (fot.\u00a0Radio Gda\u0144sk\/\u0141ukasz Kosik)<br \/>\nHO\u0141D DLA KAJETANA<\/p>\n<p>W\u00a0wodowaniu jednostki, wraz z\u00a0\u017con\u0105, udzia\u0142 wzi\u0105\u0142 Kajetan Zawadzki, wieloletni ratownik Brzegowej Stacji Ratownictwa w\u00a0\u0141ebie, kt\u00f3rego\u00a0imieniem nazwano nowoczesn\u0105 jednostk\u0119.<\/p>\n<p>\u2013 Bardzo dzi\u0119kuje za\u00a0obecno\u015b\u0107 bliskich pana Kajetana, ratownika, kt\u00f3ry\u00a0przez\u00a0lata ni\u00f3s\u0142 pomoc na\u00a0morzu. Trudnych sytuacji nie\u00a0da si\u0119 przewidzie\u0107, ale\u00a0z\u00a0pewno\u015bci\u0105 da si\u0119 do\u00a0nich przygotowa\u0107, a\u00a0ta\u00a0\u0142\u00f3d\u017a jest tego najlepszym dowodem. Chcemy, aby ratownicy mieli dost\u0119p do\u00a0najlepszego sprz\u0119tu, dzi\u0119ki kt\u00f3remu\u00a0szybciej dotr\u0105 z\u00a0pomoc\u0105 \u2013 zaznacza Dariusz Krysiak, prezes Fundacji Orlen.<\/p>\n<p><img loading=\"lazy\" decoding=\"async\" class=\"size-large wp-image-1035273\" src=\"https:\/\/www.europesays.com\/pl\/wp-content\/uploads\/2026\/08\/kajetan3-1024x768.jpeg\" alt=\"\" width=\"1024\" height=\"768\"  \/>\u0141\u00f3d\u017a nazwano imieniem Kajetana Zawadzkiego, wieloletniego ratownika Brzegowej Stacji Ratownictwa w\u00a0\u0141ebie (fot.\u00a0Radio Gda\u0144sk\/\u0141ukasz Kosik)<br \/>\nWI\u0118KSZE BEZPIECZE\u0143STWO NA\u00a0MORSKICH FARMACH WIATROWYCH<\/p>\n<p>Zdaniem Tomasza S\u0119dockiego, koordynatora BHP projekt\u00f3w Baltic Power i\u00a0Orlen Neptun, ka\u017cdy dodatkowy sprz\u0119t w\u00a0s\u0142u\u017cbie morskich ratownik\u00f3w przek\u0142ada si\u0119 na\u00a0bezpiecze\u0144stwo ponad 5000 os\u00f3b zaanga\u017cowanych w\u00a0ich realizacj\u0119.<\/p>\n<p>\u2013 Kilka tysi\u0119cy os\u00f3b oraz\u00a0prawie 100 statk\u00f3w by\u0142o do\u00a0tej\u00a0pory zaanga\u017cowanych w\u00a0budow\u0119 Baltic Power. To\u00a0pokazuje skal\u0119 i\u00a0r\u00f3\u017cnorodno\u015b\u0107 prac, jakie s\u0105\u00a0wykonywane kilkana\u015bcie mil morskich od\u00a0brzegu. Z\u00a0ratownikami prze\u017cyli\u015bmy niejedn\u0105 przygod\u0119 i\u00a0wiemy, \u017ce\u00a0ich wsparcie jest na\u00a0wag\u0119 \u017cycia \u2013 wyja\u015bnia.<\/p>\n<p>Morska S\u0142u\u017cba Poszukiwania i\u00a0Ratownictwa realizuje obecnie najwi\u0119kszy od\u00a0lat program modernizacji floty. Ma\u00a0to\u00a0zwi\u0105zek z\u00a0zabezpieczeniem akwenu, zw\u0142aszcza w\u00a0rejonie powstaj\u0105cych na\u00a0Ba\u0142tyku farm wiatrowych.<\/p>\n<p><img loading=\"lazy\" decoding=\"async\" class=\"size-large wp-image-1035272\" src=\"https:\/\/www.europesays.com\/pl\/wp-content\/uploads\/2026\/08\/kajetan2-1024x768.jpeg\" alt=\"\" width=\"1024\" height=\"768\"  \/>SAR realizuje obecnie najwi\u0119kszy od\u00a0lat program modernizacji floty (fot.\u00a0Radio Gda\u0144sk\/\u0141ukasz Kosik)<\/p>\n<p>Pos\u0142uchaj:<\/p>\n<p><a href=\"https:\/\/radiogdansk.pl\/wp-content\/uploads\/2026\/08\/SAR_Kajetan_internet.mp3\" rel=\"nofollow noopener\" target=\"_blank\">https:\/\/radiogdansk.pl\/wp-content\/uploads\/2026\/08\/SAR_Kajetan_internet.mp3<\/a><\/p>\n<p style=\"text-align: right;\">\u0141ukasz Kosik\/kw<\/p>\n","protected":false},"excerpt":{"rendered":"W\u00a0\u0141ebie zwodowano now\u0105 \u0142\u00f3d\u017a Morskiej S\u0142u\u017cby Poszukiwania i\u00a0Ratownictwa \u201eKajetan\u201d. To\u00a0nowoczesna, specjalistyczna jednostka o\u00a0d\u0142ugo\u015bci ponad 8 m, z\u00a0dwoma silnikami&hellip;\n","protected":false},"author":2,"featured_media":655685,"comment_status":"","ping_status":"","sticky":false,"template":"","format":"standard","meta":{"footnotes":"","_share_on_mastodon":"0"},"categories":[52097],"tags":[774,42,38,40,39,41],"class_list":["post-655684","post","type-post","status-publish","format-standard","has-post-thumbnail","category-orlen","tag-orlen","tag-pl","tag-poland","tag-polish","tag-polska","tag-polski"],"share_on_mastodon":{"url":"https:\/\/pubeurope.com\/@pl\/117184295198147511","error":""},"_links":{"self":[{"href":"https:\/\/www.europesays.com\/pl\/wp-json\/wp\/v2\/posts\/655684","targetHints":{"allow":["GET"]}}],"collection":[{"href":"https:\/\/www.europesays.com\/pl\/wp-json\/wp\/v2\/posts"}],"about":[{"href":"https:\/\/www.europesays.com\/pl\/wp-json\/wp\/v2\/types\/post"}],"author":[{"embeddable":true,"href":"https:\/\/www.europesays.com\/pl\/wp-json\/wp\/v2\/users\/2"}],"replies":[{"embeddable":true,"href":"https:\/\/www.europesays.com\/pl\/wp-json\/wp\/v2\/comments?post=655684"}],"version-history":[{"count":0,"href":"https:\/\/www.europesays.com\/pl\/wp-json\/wp\/v2\/posts\/655684\/revisions"}],"wp:featuredmedia":[{"embeddable":true,"href":"https:\/\/www.europesays.com\/pl\/wp-json\/wp\/v2\/media\/655685"}],"wp:attachment":[{"href":"https:\/\/www.europesays.com\/pl\/wp-json\/wp\/v2\/media?parent=655684"}],"wp:term":[{"taxonomy":"category","embeddable":true,"href":"https:\/\/www.europesays.com\/pl\/wp-json\/wp\/v2\/categories?post=655684"},{"taxonomy":"post_tag","embeddable":true,"href":"https:\/\/www.europesays.com\/pl\/wp-json\/wp\/v2\/tags?post=655684"}],"curies":[{"name":"wp","href":"https:\/\/api.w.org\/{rel}","templated":true}]}}