{"id":655724,"date":"2026-08-30T12:10:19","date_gmt":"2026-08-30T12:10:19","guid":{"rendered":"https:\/\/www.europesays.com\/pl\/655724\/"},"modified":"2026-08-30T12:10:19","modified_gmt":"2026-08-30T12:10:19","slug":"andrzej-duda-odpowiada-donaldowi-tuskowi-goraca-wymiana-zdjec-na-x","status":"publish","type":"post","link":"https:\/\/www.europesays.com\/pl\/655724\/","title":{"rendered":"Andrzej Duda odpowiada Donaldowi Tuskowi. Gor\u0105ca wymiana zdj\u0119\u0107 na X"},"content":{"rendered":"<p>Polityczna awantura zacz\u0119\u0142a si\u0119 w sobot\u0119 od s\u0142\u00f3w Karola Nawrockiego podczas wydarzenia &#8222;Przysz\u0142o\u015b\u0107.pl&#8221; w Juracie. Prezydent wypomnia\u0142 Donaldowi Tuskowi, \u017ce zosta\u0142 kiedy\u015b sfotografowany w koszulce Lechii Gda\u0144sk, kt\u00f3rej sponsorem by\u0142a upad\u0142a gie\u0142da kryptowalut Zondacrypto. Przedstawiciele r\u00f3\u017cnych ugrupowa\u0144 wzajemnie oskar\u017caj\u0105 si\u0119 od kilku tygodni o odpowiedzialno\u015b\u0107 za wydarzenia zwi\u0105zane z afer\u0105.<\/p>\n<p>Dalszy ci\u0105g artyku\u0142u pod materia\u0142em wideoPremier nie pozostawi\u0142 wypowiedzi prezydenta bez komentarza. W mediach spo\u0142eczno\u015bciowych zamie\u015bci\u0142 w niedziel\u0119 zdj\u0119cie, na kt\u00f3rym <a href=\"https:\/\/wiadomosci.onet.pl\/kraj\/spor-o-afere-zondacrypto-donald-tusk-odpowiedzial-karolowi-nawrockiemu\/36xdjt2\" id=\"4512a3f7-1d1f-41cd-9f73-80691f2d5bae\" rel=\"nofollow noopener\" target=\"_blank\">widoczni s\u0105 Karol Nawrocki, by\u0142y prezydent Andrzej Duda oraz zatrzymany w zwi\u0105zku z afer\u0105 Zondacrypto Rados\u0142aw Piesiewicz, prezes PKOl.<\/a>Andrzej Duda odpowiada premierowi<\/p>\n<p>Zdj\u0119cie udost\u0119pnione przez Tuska szybko skomentowa\u0142 Andrzej Duda. &#8222;Naprawd\u0119?&#8221; \u2014 pyta na platformie X by\u0142y prezydent, do\u0142\u0105czaj\u0105c fotografi\u0119 sprzed lat, na kt\u00f3rej wida\u0107 Donalda Tuska stoj\u0105cego obok W\u0142adimira Putina.<\/p>\n<p>To jednak niejedyny wpis opublikowany przez Dud\u0119 w reakcji na przytyk Donalda Tuska. W kolejnym wpisie by\u0142y prezydent opublikowa\u0142 pismo, jakie w 2011 r. podpisa\u0142 \u00f3wczesny premier Tusk. &#8222;Premierze Tusk, czyj to podpis? Po agresji na Gruzj\u0119? Po katastrofie w Smole\u0144sku?&#8221; \u2014 pyta ironicznie Andrzej Duda.<\/p>\n<p>W pi\u015bmie czytamy, \u017ce Donald Tusk wyrazi\u0142 zgod\u0119 na podj\u0119cie przez polskie s\u0142u\u017cby wsp\u00f3\u0142pracy ze s\u0142u\u017cbami specjalnymi Algierii, Ukrainy, Gruzji, Federacji Rosyjskiej oraz Chi\u0144skiej Republiki Ludowej. Duda nie wspomnia\u0142 jednak o tym, \u017ce w pi\u015bmie podpisanym przez Tuska chodzi\u0142o o ewakuacj\u0119 polskich \u017co\u0142nierzy z Afganistanu.<\/p>\n<p>O co dok\u0142adnie chodzi w aferze Zondacrypto [WYJA\u015aNIAMY]<img class=\"ods-a-photo ods-a-photo--background\" src=\"https:\/\/www.europesays.com\/pl\/wp-content\/uploads\/2026\/08\/1788091819_32_45Wk9lBaHR0cHM6Ly9vY2RuLmV1L3B1bHNjbXMvTURBXy85MDMzNTYwMmI3MTczYjkyYWUyN2I3MmM1ODA3OGE2ZC5qcGeRlQLNA.jpeg\" height=\"253\" width=\"450\" alt=\"By\u0142y szef Zondacrypto Przemys\u0142aw Kral\" loading=\"lazy\" fetchpriority=\"low\" decoding=\"async\"\/><\/p>\n<p>Opracowanie:Rados\u0142aw Opas<\/p>\n<p>Data utworzenia:30 sierpnia 2026, 13:23<\/p>\n","protected":false},"excerpt":{"rendered":"Polityczna awantura zacz\u0119\u0142a si\u0119 w sobot\u0119 od s\u0142\u00f3w Karola Nawrockiego podczas wydarzenia &#8222;Przysz\u0142o\u015b\u0107.pl&#8221; w Juracie. Prezydent wypomnia\u0142 Donaldowi&hellip;\n","protected":false},"author":2,"featured_media":655725,"comment_status":"","ping_status":"","sticky":false,"template":"","format":"standard","meta":{"footnotes":"","_share_on_mastodon":"0"},"categories":[62713],"tags":[2159,61195,1345,212,43,49,48,46,15346,87,47,408],"class_list":["post-655724","post","type-post","status-publish","format-standard","has-post-thumbnail","category-donald-tusk","tag-andrzej_duda","tag-bottomfeed_styl","tag-donald-tusk","tag-donald_tusk","tag-karol_nawrocki","tag-kraj","tag-nat_styl","tag-omp","tag-radoslaw_piesiewicz","tag-rosja","tag-screening_general","tag-wladimir_putin"],"share_on_mastodon":{"url":"https:\/\/pubeurope.com\/@pl\/117184392426700218","error":""},"_links":{"self":[{"href":"https:\/\/www.europesays.com\/pl\/wp-json\/wp\/v2\/posts\/655724","targetHints":{"allow":["GET"]}}],"collection":[{"href":"https:\/\/www.europesays.com\/pl\/wp-json\/wp\/v2\/posts"}],"about":[{"href":"https:\/\/www.europesays.com\/pl\/wp-json\/wp\/v2\/types\/post"}],"author":[{"embeddable":true,"href":"https:\/\/www.europesays.com\/pl\/wp-json\/wp\/v2\/users\/2"}],"replies":[{"embeddable":true,"href":"https:\/\/www.europesays.com\/pl\/wp-json\/wp\/v2\/comments?post=655724"}],"version-history":[{"count":0,"href":"https:\/\/www.europesays.com\/pl\/wp-json\/wp\/v2\/posts\/655724\/revisions"}],"wp:featuredmedia":[{"embeddable":true,"href":"https:\/\/www.europesays.com\/pl\/wp-json\/wp\/v2\/media\/655725"}],"wp:attachment":[{"href":"https:\/\/www.europesays.com\/pl\/wp-json\/wp\/v2\/media?parent=655724"}],"wp:term":[{"taxonomy":"category","embeddable":true,"href":"https:\/\/www.europesays.com\/pl\/wp-json\/wp\/v2\/categories?post=655724"},{"taxonomy":"post_tag","embeddable":true,"href":"https:\/\/www.europesays.com\/pl\/wp-json\/wp\/v2\/tags?post=655724"}],"curies":[{"name":"wp","href":"https:\/\/api.w.org\/{rel}","templated":true}]}}