{"id":655728,"date":"2026-08-30T12:15:10","date_gmt":"2026-08-30T12:15:10","guid":{"rendered":"https:\/\/www.europesays.com\/pl\/655728\/"},"modified":"2026-08-30T12:15:10","modified_gmt":"2026-08-30T12:15:10","slug":"oficjalnie-karol-linetty-ma-nowy-klub-wielki-powrot-do-ekstraklasy-pilkanozna-pl","status":"publish","type":"post","link":"https:\/\/www.europesays.com\/pl\/655728\/","title":{"rendered":"Oficjalnie: Karol Linetty ma nowy klub! Wielki powr\u00f3t do Ekstraklasy \u2013 Pi\u0142kaNo\u017cna.pl"},"content":{"rendered":"<p>\n            fot. LaPresse \/ pressfocus\n        <\/p>\n<p class=\"text-4 text-center text-global-text-primary\">Karol Linetty wraca do PKO Bank Polski Ekstraklasy. 31-latek podpisa\u0142 kontrakt ze \u015al\u0105skiem Wroc\u0142aw.\n        <\/p>\n<p class=\"wp-block-paragraph\">Coraz wy\u017cszy poziom naszej Ekstraklasy sprawia, \u017ce znacznie \u0142atwiej nam\u00f3wi\u0107 do\u015bwiadczonych reprezentant\u00f3w Polski na ich powr\u00f3t do kraju. Tak zrobi\u0142 chocia\u017cby Bartosz Bereszy\u0144ski, kt\u00f3ry od tego sezonu przywdziewa koszulk\u0119 Motoru Lublin. Na koniec okienka do polskiej elity trafi\u0142 kolejny kadrowicz i mistrz Polski z 2015 roku.<\/p>\n<p>KAROL LINETTY W \u015aL\u0104SKU<\/p>\n<p class=\"wp-block-paragraph\">Mowa oczywi\u015bcie o Karolu Linettym, kt\u00f3ry podpisa\u0142 kontrakt ze \u015al\u0105skiem Wroc\u0142aw do ko\u0144ca czerwca 2028 roku. 31-latek pozostawa\u0142 bez pracodawcy po tym, jak odszed\u0142 z tureckiego Kocaeliosporu. 47-krotny reprezentant Polski sp\u0119dzi\u0142 tam zaledwie kilka miesi\u0119cy, rozgrywaj\u0105c \u0142\u0105cznie 28 spotka\u0144. W tym czasie nie uda\u0142o mu si\u0119 zdoby\u0107 bramki, ale zaliczy\u0142 trzy asysty.<\/p>\n<p class=\"wp-block-paragraph\">Wcze\u015bniej oczywi\u015bcie pomocnik regularnie wybiega\u0142 na boiska Serie A w barwach Sampdorii i Torino. W dziewi\u0119ciu sezonach Linetty rozegra\u0142 \u0142\u0105cznie 255 mecz\u00f3w, w kt\u00f3rych zdoby\u0142 14 bramek i zanotowa\u0142 15 ostatnich poda\u0144.<\/p>\n<p class=\"wp-block-paragraph\">Teraz 31-latek ma stanowi\u0107 wa\u017cne ogniwo w uk\u0142adance trenera Simundzy w \u015al\u0105sku Wroc\u0142aw. Beniaminek potrzebowa\u0142 nowego pomocnika z uwagi na bardzo d\u0142ugi uraz Micha\u0142a Mokrzyckiego. Szansa na debiut by\u0142ego gracza Lecha Pozna\u0144 przypadnie na najbli\u017cszy czwartek i mecz Pucharu Polski z Pogoni\u0105 Szczecin.<\/p>\n<p>                \u0179r\u00f3d\u0142o: \u015al\u0105sk Wroc\u0142aw \/ X<\/p>\n","protected":false},"excerpt":{"rendered":"fot. LaPresse \/ pressfocus Karol Linetty wraca do PKO Bank Polski Ekstraklasy. 31-latek podpisa\u0142 kontrakt ze \u015al\u0105skiem Wroc\u0142aw.&hellip;\n","protected":false},"author":2,"featured_media":655729,"comment_status":"","ping_status":"","sticky":false,"template":"","format":"standard","meta":{"footnotes":"","_share_on_mastodon":"0"},"categories":[52122],"tags":[274,84630,6010,752,42,38,40,39,41,697,2817],"class_list":["post-655728","post","type-post","status-publish","format-standard","has-post-thumbnail","category-pko-bank-polski","tag-ekstraklasa","tag-karol-linetty","tag-pko-bank-polski","tag-pko-bp","tag-pl","tag-poland","tag-polish","tag-polska","tag-polski","tag-slask-wroclaw","tag-transfery"],"share_on_mastodon":{"url":"https:\/\/pubeurope.com\/@pl\/117184412151122816","error":""},"_links":{"self":[{"href":"https:\/\/www.europesays.com\/pl\/wp-json\/wp\/v2\/posts\/655728","targetHints":{"allow":["GET"]}}],"collection":[{"href":"https:\/\/www.europesays.com\/pl\/wp-json\/wp\/v2\/posts"}],"about":[{"href":"https:\/\/www.europesays.com\/pl\/wp-json\/wp\/v2\/types\/post"}],"author":[{"embeddable":true,"href":"https:\/\/www.europesays.com\/pl\/wp-json\/wp\/v2\/users\/2"}],"replies":[{"embeddable":true,"href":"https:\/\/www.europesays.com\/pl\/wp-json\/wp\/v2\/comments?post=655728"}],"version-history":[{"count":0,"href":"https:\/\/www.europesays.com\/pl\/wp-json\/wp\/v2\/posts\/655728\/revisions"}],"wp:featuredmedia":[{"embeddable":true,"href":"https:\/\/www.europesays.com\/pl\/wp-json\/wp\/v2\/media\/655729"}],"wp:attachment":[{"href":"https:\/\/www.europesays.com\/pl\/wp-json\/wp\/v2\/media?parent=655728"}],"wp:term":[{"taxonomy":"category","embeddable":true,"href":"https:\/\/www.europesays.com\/pl\/wp-json\/wp\/v2\/categories?post=655728"},{"taxonomy":"post_tag","embeddable":true,"href":"https:\/\/www.europesays.com\/pl\/wp-json\/wp\/v2\/tags?post=655728"}],"curies":[{"name":"wp","href":"https:\/\/api.w.org\/{rel}","templated":true}]}}