{"id":655730,"date":"2026-08-30T12:16:13","date_gmt":"2026-08-30T12:16:13","guid":{"rendered":"https:\/\/www.europesays.com\/pl\/655730\/"},"modified":"2026-08-30T12:16:13","modified_gmt":"2026-08-30T12:16:13","slug":"cafe-futbol-30-08-gdzie-obejrzec-transmisja-tv-i-stream-online","status":"publish","type":"post","link":"https:\/\/www.europesays.com\/pl\/655730\/","title":{"rendered":"Cafe Futbol &#8211; 30.08. Gdzie obejrze\u0107? Transmisja TV i stream online"},"content":{"rendered":"<p>Ju\u017c w niedziel\u0119 kolejny odcinek programu Cafe Futbol, w kt\u00f3rym tradycyjnie poruszymy wiele aktualnych temat\u00f3w pi\u0142karskich a tak\u017ce zobaczymy gar\u015b\u0107 ciekawej publicystyki. Transmisja TV i stream online w Polsacie Sport 1, na Polsat Box Go oraz na Polsatsport.pl.<\/p>\n<p>W najbli\u017cszym wydaniu Cafe Futbol go\u015b\u0107mi Bo\u017cydara Iwanowa b\u0119d\u0105 Tomasz Hajto, Roman Kosecki, Roman Ko\u0142to\u0144 oraz Maciej Terlecki, kt\u00f3ry w 1993 roku wywalczy\u0142 z reprezentacj\u0105 Polski U-16 mistrzostwo Europy. Co wi\u0119cej, zosta\u0142 w\u00f3wczas wybrany najlepszym pi\u0142karzem imprezy rozgrywanej w Turcji. W swojej karierze broni\u0142 barw takich klub\u00f3w jak: Polonia Warszawa, RSC Anderlecht, \u0141KS \u0141\u00f3d\u017a, Widzew \u0141\u00f3d\u017a, czy Radomiak Radom.<\/p>\n<p>\u00a0<\/p>\n<p>ZOBACZ TAK\u017bE: <a href=\"https:\/\/www.polsatsport.pl\/wiadomosc\/2026-08-29\/hitowy-transfer-liverpoolu-juz-dopiety-media-nie-maja-watpliwosci\/\" target=\"_blank\" rel=\"noopener noreferrer nofollow\">Hitowy transfer Liverpoolu ju\u017c dopi\u0119ty! Media nie maj\u0105 w\u0105tpliwo\u015bci<\/a><\/p>\n<p>\u00a0<\/p>\n<p>Jednym z g\u0142\u00f3wnych temat\u00f3w programu b\u0119dzie losowanie fazy ligowej Ligi Europy, w wyniku kt\u00f3rego swoich rywali na tym etapie rozgrywek pozna\u0142y ekipy Lecha Pozna\u0144 i Jagiellonii Bia\u0142ystok. Je\u017celi chodzi o &#8222;Kolejorza&#8221;, to niezwykle ciekawie zapowiadaj\u0105 si\u0119 starcia z Bayerem Leverkusen oraz Benfic\u0105, kt\u00f3rej pi\u0142karzem jest obecnie wychowanek pozna\u0144skiego klubu &#8211; Jakub Kami\u0144ski. Z kolei &#8222;Duma Podlasia&#8221; zmierzy si\u0119 m.in. z Olympiquem Lyon, Crystal Palace, Sunderladem, czy Anderlechtem.<\/p>\n<p>\u00a0<\/p>\n<p>Podsumujemy r\u00f3wnie\u017c wyst\u0119py polskich dru\u017cyn w eliminacjach europejskich puchar\u00f3w, k\u0142ad\u0105c szczeg\u00f3lny nacisk na ostatnie mecze Jagiellonii i G\u00f3rnika Zabrze. Zajrzymy bowiem za kulisy spotka\u0144 rozgrywanych kolejno w Tbilisi oraz Monako.<\/p>\n<p>\u00a0<\/p>\n<p>Prowadz\u0105cy: Bo\u017cydar Iwanow.<br \/>Go\u015bcie: Tomasz Hajto, Roman Kosecki, Roman Ko\u0142to\u0144, Maciej Terlecki.<\/p>\n<p>\u00a0<\/p>\n<p>Transmisja Cafe Futbol w niedziel\u0119 o godzinie 11:00 w Polsacie Sport 1, na Polsatsport.pl oraz na Polsat Box Go. Po cz\u0119\u015bci telewizyjnej zapraszamy na Dogrywk\u0119 na Polsatsport.pl.<\/p>\n<p>A\u0141, Polsat Sport<\/p>\n<p><a class=\"news__read-more-button\" href=\"https:\/\/www.polsatsport.pl\/\" rel=\"nofollow noopener\" target=\"_blank\">Przejd\u017a na Polsatsport.pl<\/a><img decoding=\"async\" src=\"https:\/\/www.europesays.com\/pl\/wp-content\/uploads\/2026\/08\/otsdw477czyeb1un5z9byjkekzf8nt23.jpg\" alt=\"\" itemprop=\"contentUrl\" style=\"position:absolute; width: 100%; max-height: 100%;\"\/>Twoja przegl\u0105darka nie wspiera odtwarzacza wideo&#8230;PolsatSport.pl w wersji na telefony z systemem Android i iOS!<\/p>\n<p class=\"app-ad__preview\">Najnowsze informacje i wiadomo\u015bci na bie\u017c\u0105co, gdziekolwiek jeste\u015b.<\/p>\n","protected":false},"excerpt":{"rendered":"Ju\u017c w niedziel\u0119 kolejny odcinek programu Cafe Futbol, w kt\u00f3rym tradycyjnie poruszymy wiele aktualnych temat\u00f3w pi\u0142karskich a tak\u017ce&hellip;\n","protected":false},"author":2,"featured_media":655731,"comment_status":"","ping_status":"","sticky":false,"template":"","format":"standard","meta":{"footnotes":"","_share_on_mastodon":"0"},"categories":[52097],"tags":[774,42,38,40,39,41],"class_list":["post-655730","post","type-post","status-publish","format-standard","has-post-thumbnail","category-orlen","tag-orlen","tag-pl","tag-poland","tag-polish","tag-polska","tag-polski"],"share_on_mastodon":{"url":"https:\/\/pubeurope.com\/@pl\/117184416936399346","error":""},"_links":{"self":[{"href":"https:\/\/www.europesays.com\/pl\/wp-json\/wp\/v2\/posts\/655730","targetHints":{"allow":["GET"]}}],"collection":[{"href":"https:\/\/www.europesays.com\/pl\/wp-json\/wp\/v2\/posts"}],"about":[{"href":"https:\/\/www.europesays.com\/pl\/wp-json\/wp\/v2\/types\/post"}],"author":[{"embeddable":true,"href":"https:\/\/www.europesays.com\/pl\/wp-json\/wp\/v2\/users\/2"}],"replies":[{"embeddable":true,"href":"https:\/\/www.europesays.com\/pl\/wp-json\/wp\/v2\/comments?post=655730"}],"version-history":[{"count":0,"href":"https:\/\/www.europesays.com\/pl\/wp-json\/wp\/v2\/posts\/655730\/revisions"}],"wp:featuredmedia":[{"embeddable":true,"href":"https:\/\/www.europesays.com\/pl\/wp-json\/wp\/v2\/media\/655731"}],"wp:attachment":[{"href":"https:\/\/www.europesays.com\/pl\/wp-json\/wp\/v2\/media?parent=655730"}],"wp:term":[{"taxonomy":"category","embeddable":true,"href":"https:\/\/www.europesays.com\/pl\/wp-json\/wp\/v2\/categories?post=655730"},{"taxonomy":"post_tag","embeddable":true,"href":"https:\/\/www.europesays.com\/pl\/wp-json\/wp\/v2\/tags?post=655730"}],"curies":[{"name":"wp","href":"https:\/\/api.w.org\/{rel}","templated":true}]}}