{"id":655736,"date":"2026-08-30T12:19:18","date_gmt":"2026-08-30T12:19:18","guid":{"rendered":"https:\/\/www.europesays.com\/pl\/655736\/"},"modified":"2026-08-30T12:19:18","modified_gmt":"2026-08-30T12:19:18","slug":"podpisy-pod-stop-banderyzmowi-na-placu-litewskim-co-zaklada-obywatelski-projekt","status":"publish","type":"post","link":"https:\/\/www.europesays.com\/pl\/655736\/","title":{"rendered":"Podpisy pod \u201eStop Banderyzmowi\u201d na placu Litewskim. Co zak\u0142ada obywatelski projekt?"},"content":{"rendered":"<p>                                    Zbi\u00f3rka podpis\u00f3w w centrum Lublina<\/p>\n<p>O prowadzonej w niedziel\u0119 akcji poinformowa\u0142 Rafa\u0142 Mekler, lider Konfederacji na Lubelszczy\u017anie i jeden z cz\u0142onk\u00f3w komitetu inicjatywy ustawodawczej.<\/p>\n<p>\u2014 Jeste\u015bmy dzi\u015b w Lublinie na placu Litewskim. Zapraszam. Podpisujemy, zbieramy podpisy pod inicjatyw\u0105 ustawodawcz\u0105 \u201eStop Banderyzmowi\u201d. Dzi\u015b do godziny 18.00 b\u0119dzie mo\u017cna si\u0119 podpisa\u0107. B\u0119dziemy na placu Litewskim. Zapraszam wszystkich. Lublin, plac Litewski. \u201eStop Banderyzmowi\u201d \u2014 powiedzia\u0142 Rafa\u0142 Mekler.<\/p>\n<p>Podpisy mo\u017cna sk\u0142ada\u0107 wy\u0142\u0105cznie odr\u0119cznie na papierowych kartach. Poparcia mog\u0105 udzieli\u0107 obywatele Polski posiadaj\u0105cy czynne prawo wyborcze do Sejmu.<\/p>\n<p>Kto zainicjowa\u0142 \u201eStop Banderyzmowi\u201d?<\/p>\n<p>Komitet Inicjatywy Ustawodawczej \u201eStop Banderyzmowi\u201d tworz\u0105 22 osoby \u2013 samorz\u0105dowcy, dzia\u0142acze spo\u0142eczni i przedstawiciele \u015brodowisk patriotycznych z r\u00f3\u017cnych cz\u0119\u015bci Polski. Jego pe\u0142nomocnikiem jest prezydent Che\u0142ma Jakub Banaszek, a zast\u0119pc\u0105 pe\u0142nomocnika prezydent Stalowej Woli Lucjusz Nadbere\u017cny. Rafa\u0142 Mekler nale\u017cy do cz\u0142onk\u00f3w komitetu.<\/p>\n<p>Inicjatyw\u0119 publicznie przedstawiono 10 czerwca 2026 roku. Po zebraniu pierwszego tysi\u0105ca podpis\u00f3w, wymaganego do rozpocz\u0119cia procedury, komitet zg\u0142osi\u0142 swoje powstanie marsza\u0142kowi Sejmu. Zosta\u0142 zarejestrowany 22 lipca. Od tego dnia organizatorzy maj\u0105 90 dni na zgromadzenie co najmniej 100 tys. podpis\u00f3w niezb\u0119dnych do formalnego wniesienia obywatelskiego projektu ustawy do Sejmu.<\/p>\n<p>Sk\u0105d wzi\u0119\u0142a si\u0119 inicjatywa?<\/p>\n<p>Organizatorzy przedstawiaj\u0105 projekt jako odpowied\u017a na postulaty \u015brodowisk kresowych, rodzin ofiar oraz os\u00f3b zajmuj\u0105cych si\u0119 upami\u0119tnianiem Polak\u00f3w zamordowanych przez ukrai\u0144skich nacjonalist\u00f3w. Wskazuj\u0105 te\u017c na wcze\u015bniejsze projekty dotycz\u0105ce zakazu propagowania ideologii OUN i UPA, kt\u00f3re \u2013 w ich ocenie \u2013 nie by\u0142y wystarczaj\u0105co szybko procedowane w parlamencie.<\/p>\n<p>Bezpo\u015brednim impulsem wymienionym w uzasadnieniu projektu by\u0142a decyzja prezydenta Ukrainy Wo\u0142odymyra Ze\u0142enskiego z 26 maja 2026 roku. Nada\u0142 on Samodzielnemu Centrum Operacji Specjalnych \u201eP\u00f3\u0142noc\u201d Si\u0142 Zbrojnych Ukrainy honorow\u0105 nazw\u0119 \u201eimienia Bohater\u00f3w UPA\u201d. Decyzja spotka\u0142a si\u0119 z krytyk\u0105 polskich w\u0142adz i Instytutu Pami\u0119ci Narodowej. Strona ukrai\u0144ska wskazywa\u0142a natomiast, \u017ce wyb\u00f3r nazwy nie mia\u0142 antypolskiego charakteru i wi\u0105za\u0142 si\u0119 z ukrai\u0144sk\u0105 tradycj\u0105 walki o niepodleg\u0142o\u015b\u0107.<\/p>\n<p>Co dok\u0142adnie zak\u0142ada projekt ustawy?<\/p>\n<p>Projekt przewiduje zmiany w ustawie o Instytucie Pami\u0119ci Narodowej oraz w Kodeksie karnym. W przepisach dotycz\u0105cych zbrodni pope\u0142nionych przeciwko obywatelom II Rzeczypospolitej maj\u0105 zosta\u0107 wprost wymienieni cz\u0142onkowie i wsp\u00f3\u0142pracownicy Organizacji Ukrai\u0144skich Nacjonalist\u00f3w, Ukrai\u0144skiej Powsta\u0144czej Armii oraz innych ukrai\u0144skich formacji kolaboruj\u0105cych z III Rzesz\u0105 Niemieck\u0105.<\/p>\n<p>Dokument definiuje te zbrodnie jako ludob\u00f3jstwo dokonane na terytorium II Rzeczypospolitej w latach 1943\u20131945, a tak\u017ce inne czyny polegaj\u0105ce na stosowaniu przemocy, terroru lub naruszaniu praw cz\u0142owieka wobec ludno\u015bci polskiej i obywateli polskich innych narodowo\u015bci.<\/p>\n<p>Kolejna zmiana ma obj\u0105\u0107 art. 256 Kodeksu karnego. Do katalogu ideologii, kt\u00f3rych publiczne propagowanie podlega odpowiedzialno\u015bci karnej, projekt dopisuje ideologi\u0119 OUN i UPA. Autorzy uzasadniaj\u0105, \u017ce proponowane przepisy maj\u0105 r\u00f3wnie\u017c umo\u017cliwi\u0107 skuteczniejsze \u015bciganie publicznego zaprzeczania i relatywizowania zbrodni pope\u0142nionych na Polakach na Wo\u0142yniu oraz w Ma\u0142opolsce Wschodniej.<\/p>\n<p>Projekt obejmuje r\u00f3wnie\u017c przepisy niezwi\u0105zane bezpo\u015brednio z pami\u0119ci\u0105 historyczn\u0105. Zak\u0142ada podniesienie kary za nielegalne przekroczenie polskiej granicy z u\u017cyciem przemocy, gro\u017aby, podst\u0119pu lub we wsp\u00f3\u0142dzia\u0142aniu z innymi osobami do pi\u0119ciu lat pozbawienia wolno\u015bci. Za organizowanie innym osobom nielegalnego przekraczania granicy mia\u0142aby grozi\u0107 kara od dw\u00f3ch do 12 lat wi\u0119zienia.<\/p>\n<p>To dopiero etap zbierania podpis\u00f3w<\/p>\n<p>Z\u0142o\u017cenie podpisu oznacza poparcie dla wniesienia projektu do Sejmu, nie za\u015b wej\u015bcie proponowanych przepis\u00f3w w \u017cycie. Po zgromadzeniu wymaganych 100 tys. podpis\u00f3w dokument b\u0119dzie m\u00f3g\u0142 rozpocz\u0105\u0107 parlamentarn\u0105 drog\u0119 legislacyjn\u0105. O jego ostatecznym kszta\u0142cie i przyj\u0119ciu zdecyduj\u0105 pos\u0142owie i senatorowie, a nast\u0119pnie prezydent.<\/p>\n<p>\u0179r\u00f3d\u0142o: Rafa\u0142 Mekler<\/p>\n<p>\n                                    <a href=\"https:\/\/www.google.com\/preferences\/source?q=lublin112.pl\" target=\"_blank\" rel=\"noopener noreferrer nofollow\" onclick=\"if (!window.__cfRLUnblockHandlers) return false; gtag(&#039;event&#039;, &#039;google_preferred_source_click&#039;, {&#010;                                           &#039;link_url&#039;: this.href,&#010;                                           &#039;link_text&#039;: &#039;Ustaw lublin112.pl jako preferowane \u017ar\u00f3d\u0142o&#039;&#010;                                       });\" style=\"text-align:center;display:block;\" data-cf-modified-672274d8d9e28ec9f053835b-=\"\"><br \/>\n                                        <img decoding=\"async\" src=\"https:\/\/www.europesays.com\/pl\/wp-content\/uploads\/2026\/08\/1788092358_742_lublin112-google-source.webp\" alt=\"Ustaw lublin112.pl jako preferowane \u017ar\u00f3d\u0142o w Google\" style=\"max-width: 70%;\"\/><br \/>\n                                    <\/a><br \/>\n                                    <\/p>\n","protected":false},"excerpt":{"rendered":"Zbi\u00f3rka podpis\u00f3w w centrum Lublina O prowadzonej w niedziel\u0119 akcji poinformowa\u0142 Rafa\u0142 Mekler, lider Konfederacji na Lubelszczy\u017anie i&hellip;\n","protected":false},"author":2,"featured_media":655737,"comment_status":"","ping_status":"","sticky":false,"template":"","format":"standard","meta":{"footnotes":"","_share_on_mastodon":"0"},"categories":[51612],"tags":[120373,1081,9328,42,52442,38,40,39,41,4356,127884,8088,127885],"class_list":["post-655736","post","type-post","status-publish","format-standard","has-post-thumbnail","category-lublin","tag-inicjatywa-ustawodawcza","tag-lublin","tag-oun","tag-pl","tag-plac-litewski","tag-poland","tag-polish","tag-polska","tag-polski","tag-rafal-mekler","tag-stop-banderyzmowi","tag-upa","tag-zbiorka-podpisow"],"share_on_mastodon":{"url":"https:\/\/pubeurope.com\/@pl\/117184428795822477","error":""},"_links":{"self":[{"href":"https:\/\/www.europesays.com\/pl\/wp-json\/wp\/v2\/posts\/655736","targetHints":{"allow":["GET"]}}],"collection":[{"href":"https:\/\/www.europesays.com\/pl\/wp-json\/wp\/v2\/posts"}],"about":[{"href":"https:\/\/www.europesays.com\/pl\/wp-json\/wp\/v2\/types\/post"}],"author":[{"embeddable":true,"href":"https:\/\/www.europesays.com\/pl\/wp-json\/wp\/v2\/users\/2"}],"replies":[{"embeddable":true,"href":"https:\/\/www.europesays.com\/pl\/wp-json\/wp\/v2\/comments?post=655736"}],"version-history":[{"count":0,"href":"https:\/\/www.europesays.com\/pl\/wp-json\/wp\/v2\/posts\/655736\/revisions"}],"wp:featuredmedia":[{"embeddable":true,"href":"https:\/\/www.europesays.com\/pl\/wp-json\/wp\/v2\/media\/655737"}],"wp:attachment":[{"href":"https:\/\/www.europesays.com\/pl\/wp-json\/wp\/v2\/media?parent=655736"}],"wp:term":[{"taxonomy":"category","embeddable":true,"href":"https:\/\/www.europesays.com\/pl\/wp-json\/wp\/v2\/categories?post=655736"},{"taxonomy":"post_tag","embeddable":true,"href":"https:\/\/www.europesays.com\/pl\/wp-json\/wp\/v2\/tags?post=655736"}],"curies":[{"name":"wp","href":"https:\/\/api.w.org\/{rel}","templated":true}]}}