{"id":655744,"date":"2026-08-30T12:23:24","date_gmt":"2026-08-30T12:23:24","guid":{"rendered":"https:\/\/www.europesays.com\/pl\/655744\/"},"modified":"2026-08-30T12:23:24","modified_gmt":"2026-08-30T12:23:24","slug":"zatonela-lodz-na-adriatyku-sluzby-uratowaly-10-pasazerow","status":"publish","type":"post","link":"https:\/\/www.europesays.com\/pl\/655744\/","title":{"rendered":"Zaton\u0119\u0142a \u0142\u00f3d\u017a na Adriatyku. S\u0142u\u017cby uratowa\u0142y 10 pasa\u017cer\u00f3w"},"content":{"rendered":"<p>Jak podaje portal T-online, &#8222;Diwa II&#8221;, motor\u00f3wka p\u0142ywaj\u0105ca pod austriack\u0105 bander\u0105, wyruszy\u0142a w sobot\u0119 29 sierpnia rano z Portopiccolo we W\u0142oszech w kierunku Izoli w S\u0142owenii. Pocz\u0105tkowo rejs przebiega\u0142 bez komplikacji, ale w pewnym momencie w pobli\u017cu portu w Trie\u015bcie do wn\u0119trza jednostki zacz\u0119\u0142a gwa\u0142townie dostawa\u0107 si\u0119 woda.<\/p>\n<p>Prawdopodobnie na pok\u0142adzie dosz\u0142o do awarii uk\u0142adu nap\u0119dowego \u0142odzi. Sytuacja z minuty na minut\u0119 pogarsza\u0142a si\u0119, a\u017c jednostka ca\u0142kowicie zaton\u0119\u0142a.<\/p>\n<p>Na pok\u0142adzie znajdowa\u0142o si\u0119 10 turyst\u00f3w z Austrii. Na pomoc rozbitkom ruszy\u0142a stra\u017c przybrze\u017cna, a nast\u0119pnie ewakuowa\u0142a wszystkich pasa\u017cer\u00f3w do portu w Trie\u015bcie. W wyniku incydentu nikt nie ucierpia\u0142, jednak tury\u015bci zostali profilaktycznie przebadani i obj\u0119ci opiek\u0105 medyczn\u0105 przez ratownik\u00f3w.<\/p>\n<p class=\"ods-o-frame-in-text__paragraph\"><a href=\"https:\/\/podroze.onet.pl\/aktualnosci\/polak-o-koszmarnych-wakacjach-w-egipcie-z-sejfu-w-hotelu-zniknely-paszporty\/c6hlzfk\" id=\"fc8e501d-9e48-4b30-b41d-039b17cd6c3f\" rel=\"nofollow noopener\" target=\"_blank\">Wakacje w Egipcie zamieni\u0142y si\u0119 w koszmar<\/a><\/p>\n<p class=\"ods-o-frame-in-text__paragraph\">&#8222;Z sejfu w hotelu znikn\u0119\u0142y paszporty&#8221;<\/p>\n<p><img class=\"ods-a-photo ods-a-photo--background\" src=\"https:\/\/www.europesays.com\/pl\/wp-content\/uploads\/2026\/08\/kpek9lBaHR0cHM6Ly9vY2RuLmV1L3B1bHNjbXMvTURBXy8yMGYwNjAwNmMxZDRkZmY4ZjYyZDdjYTdkMjdmNTlhYy5wbmeRlQLNA.jpeg\" height=\"254\" width=\"450\" alt=\"Polski turysta o skradzionych paszportach na wakacjach w Egipcie\" loading=\"lazy\" fetchpriority=\"low\" decoding=\"async\"\/><\/p>\n<p>W czasie prowadzenia akcji ratunkowej na tym obszarze nie stwierdzono wycieku paliwa. Mimo to w\u0142adze zobowi\u0105za\u0142y w\u0142a\u015bciciela \u0142odzi do podj\u0119cia wszystkich niezb\u0119dnych dzia\u0142a\u0144, aby wykluczy\u0107 jakiekolwiek zagro\u017cenie dla \u015brodowiska.<\/p>\n<p>Opracowanie:Natalia Gomu\u0142ka<\/p>\n<p>Data utworzenia:30 sierpnia 2026, 10:38<\/p>\n","protected":false},"excerpt":{"rendered":"Jak podaje portal T-online, &#8222;Diwa II&#8221;, motor\u00f3wka p\u0142ywaj\u0105ca pod austriack\u0105 bander\u0105, wyruszy\u0142a w sobot\u0119 29 sierpnia rano z&hellip;\n","protected":false},"author":2,"featured_media":655745,"comment_status":"","ping_status":"","sticky":false,"template":"","format":"standard","meta":{"footnotes":"","_share_on_mastodon":"0"},"categories":[51608],"tags":[24315,210,294,61195,3652,48,46,42,38,40,39,41,47,898],"class_list":["post-655744","post","type-post","status-publish","format-standard","has-post-thumbnail","category-lodz","tag-adriatyk","tag-aktualnosci","tag-austria","tag-bottomfeed_styl","tag-lodz","tag-nat_styl","tag-omp","tag-pl","tag-poland","tag-polish","tag-polska","tag-polski","tag-screening_general","tag-wlochy"],"share_on_mastodon":{"url":"","error":""},"_links":{"self":[{"href":"https:\/\/www.europesays.com\/pl\/wp-json\/wp\/v2\/posts\/655744","targetHints":{"allow":["GET"]}}],"collection":[{"href":"https:\/\/www.europesays.com\/pl\/wp-json\/wp\/v2\/posts"}],"about":[{"href":"https:\/\/www.europesays.com\/pl\/wp-json\/wp\/v2\/types\/post"}],"author":[{"embeddable":true,"href":"https:\/\/www.europesays.com\/pl\/wp-json\/wp\/v2\/users\/2"}],"replies":[{"embeddable":true,"href":"https:\/\/www.europesays.com\/pl\/wp-json\/wp\/v2\/comments?post=655744"}],"version-history":[{"count":0,"href":"https:\/\/www.europesays.com\/pl\/wp-json\/wp\/v2\/posts\/655744\/revisions"}],"wp:featuredmedia":[{"embeddable":true,"href":"https:\/\/www.europesays.com\/pl\/wp-json\/wp\/v2\/media\/655745"}],"wp:attachment":[{"href":"https:\/\/www.europesays.com\/pl\/wp-json\/wp\/v2\/media?parent=655744"}],"wp:term":[{"taxonomy":"category","embeddable":true,"href":"https:\/\/www.europesays.com\/pl\/wp-json\/wp\/v2\/categories?post=655744"},{"taxonomy":"post_tag","embeddable":true,"href":"https:\/\/www.europesays.com\/pl\/wp-json\/wp\/v2\/tags?post=655744"}],"curies":[{"name":"wp","href":"https:\/\/api.w.org\/{rel}","templated":true}]}}