{"id":655746,"date":"2026-08-30T12:24:11","date_gmt":"2026-08-30T12:24:11","guid":{"rendered":"https:\/\/www.europesays.com\/pl\/655746\/"},"modified":"2026-08-30T12:24:11","modified_gmt":"2026-08-30T12:24:11","slug":"wroclaw-250-osob-pobieglo-dla-czworonogow-za-nami-pierwsza-edycja-forever-run","status":"publish","type":"post","link":"https:\/\/www.europesays.com\/pl\/655746\/","title":{"rendered":"Wroc\u0142aw: 250 os\u00f3b pobieg\u0142o dla czworonog\u00f3w. Za nami pierwsza edycja Forever Run"},"content":{"rendered":"<p>Uczestnicy przed startem w Forever Run.<\/p>\n<p>fot. Hubert G\u0105dek<\/p>\n<p>Setki os\u00f3b pobieg\u0142y dzi\u015b w Lesie Osobowickim, by pom\u00f3c zwierz\u0119tom. We Wroc\u0142awiu odby\u0142a si\u0119 pierwsza edycja biegu Forever Run, z kt\u00f3rego \u015brodki maj\u0105 trafi\u0107 do podopiecznych wroc\u0142awskiego schroniska.<\/p>\n<p style=\"text-align: justify;\">250 os\u00f3b wzi\u0119\u0142o udzia\u0142 w pierwszej edycji biegu, z kt\u00f3rego doch\u00f3d ma wesprze\u0107 podopiecznych wroc\u0142awskiego schroniska. Uczestnicy mieli do wyboru 5 i 10 kilometr\u00f3w, a g\u0142\u00f3wn\u0105 ide\u0105 wydarzenia by\u0142o po\u0142\u0105czenie aktywno\u015bci fizycznej z pomoc\u0105 zwierz\u0119tom, o czym m\u00f3wi jeden z organizator\u00f3w Micha\u0142 Prorok.<\/p>\n<p style=\"text-align: justify;\">&#8211; Cz\u0119\u015b\u0107 z nas zaanga\u017cowa\u0142a si\u0119 w bieganie w grupach osiedlowych. G\u0142\u00f3wny sprawca zamieszania, Patryk Szl\u0119k, za\u0142o\u017cy\u0142 grup\u0119 na swoim osiedlu, bo jeszcze takiej nie by\u0142o, wi\u0119c wpad\u0142 na pomys\u0142, dlaczego nie po\u0142\u0105czy\u0107 tego dobrego z po\u017cytecznym tak naprawd\u0119 i zrobi\u0107 to, co robi\u0105 i tak popo\u0142udniami, ale na rzecz schroniska, kt\u00f3re jednak naszego wsparcia potrzebuje.<\/p>\n<p>&#13;<br \/>\n\t\t\t\t\t\t\t\t\t\tAby ods\u0142ucha\u0107 za\u0142\u0105czonego d\u017awi\u0119ku zaktualizuj przegl\u0105dark\u0119 lub\/i wtyczk\u0119 Adobe Flash Player.&#13;\n\t\t\t\t\t\t\t\t\t<\/p>\n<p style=\"text-align: justify;\">Uczestnicy podkre\u015blali, \u017ce to w\u0142a\u015bnie pomoc czworonogom by\u0142a dla nich najwa\u017cniejsz\u0105 motywacj\u0105 do udzia\u0142u.<\/p>\n<p style=\"text-align: justify;\">&#8211; Biega\u0107 biegam, a je\u017celi chodzi o schronisko, to te\u017c wspieram zawsze w jakich\u015b tam akcjach. No i fajnie, \u017ce mog\u0119 dwie pasje po\u0142\u0105czy\u0107, bo mi\u0142o\u015b\u0107 dla zwierzak\u00f3w i bieganie.<br \/>&#8211; My\u015bl\u0119, \u017ce to jest bardzo fajna inicjatywa, \u017ceby wspiera\u0107 w\u0142a\u015bnie schronisko, \u017ceby w\u0142a\u015bnie wsp\u00f3lnie te idei adopcji nie kupowa\u0107, tylko adoptowa\u0107 zwierz\u0119ta.<\/p>\n<p>&#13;<br \/>\n\t\t\t\t\t\t\t\t\t\tAby ods\u0142ucha\u0107 za\u0142\u0105czonego d\u017awi\u0119ku zaktualizuj przegl\u0105dark\u0119 lub\/i wtyczk\u0119 Adobe Flash Player.&#13;\n\t\t\t\t\t\t\t\t\t<\/p>\n<p style=\"text-align: justify;\">We wroc\u0142awskim schronisku przebywa obecnie ponad 400 zwierz\u0105t. Pieni\u0105dze zebrane podczas biegu zostan\u0105 przeznaczone przede wszystkim na ich karm\u0119 i leczenie.<\/p>\n<p style=\"text-align: justify;\">Organizatorzy zapowiadaj\u0105, \u017ce dzisiejsza edycja biegu nie b\u0119dzie ostatni\u0105 i podobne wydarzenia maj\u0105 odbywa\u0107 si\u0119 r\u00f3wnie\u017c w przysz\u0142o\u015bci.<\/p>\n","protected":false},"excerpt":{"rendered":"Uczestnicy przed startem w Forever Run. fot. Hubert G\u0105dek Setki os\u00f3b pobieg\u0142y dzi\u015b w Lesie Osobowickim, by pom\u00f3c&hellip;\n","protected":false},"author":2,"featured_media":655747,"comment_status":"","ping_status":"","sticky":false,"template":"","format":"standard","meta":{"footnotes":"","_share_on_mastodon":"0"},"categories":[51607],"tags":[71659,127900,56967,11085,127901,64308,77024,6126,42,127899,38,40,39,41,63069,1853,56290],"class_list":["post-655746","post","type-post","status-publish","format-standard","has-post-thumbnail","category-wroclaw","tag-71659","tag-czworonogow","tag-dla","tag-edycja","tag-forever","tag-nami","tag-osob","tag-pierwsza","tag-pl","tag-pobieglo","tag-poland","tag-polish","tag-polska","tag-polski","tag-run","tag-wroclaw","tag-za"],"share_on_mastodon":{"url":"https:\/\/pubeurope.com\/@pl\/117184447526461291","error":""},"_links":{"self":[{"href":"https:\/\/www.europesays.com\/pl\/wp-json\/wp\/v2\/posts\/655746","targetHints":{"allow":["GET"]}}],"collection":[{"href":"https:\/\/www.europesays.com\/pl\/wp-json\/wp\/v2\/posts"}],"about":[{"href":"https:\/\/www.europesays.com\/pl\/wp-json\/wp\/v2\/types\/post"}],"author":[{"embeddable":true,"href":"https:\/\/www.europesays.com\/pl\/wp-json\/wp\/v2\/users\/2"}],"replies":[{"embeddable":true,"href":"https:\/\/www.europesays.com\/pl\/wp-json\/wp\/v2\/comments?post=655746"}],"version-history":[{"count":0,"href":"https:\/\/www.europesays.com\/pl\/wp-json\/wp\/v2\/posts\/655746\/revisions"}],"wp:featuredmedia":[{"embeddable":true,"href":"https:\/\/www.europesays.com\/pl\/wp-json\/wp\/v2\/media\/655747"}],"wp:attachment":[{"href":"https:\/\/www.europesays.com\/pl\/wp-json\/wp\/v2\/media?parent=655746"}],"wp:term":[{"taxonomy":"category","embeddable":true,"href":"https:\/\/www.europesays.com\/pl\/wp-json\/wp\/v2\/categories?post=655746"},{"taxonomy":"post_tag","embeddable":true,"href":"https:\/\/www.europesays.com\/pl\/wp-json\/wp\/v2\/tags?post=655746"}],"curies":[{"name":"wp","href":"https:\/\/api.w.org\/{rel}","templated":true}]}}