{"id":655752,"date":"2026-08-30T12:27:19","date_gmt":"2026-08-30T12:27:19","guid":{"rendered":"https:\/\/www.europesays.com\/pl\/655752\/"},"modified":"2026-08-30T12:27:19","modified_gmt":"2026-08-30T12:27:19","slug":"wielki-upal-uderzy-w-europe-w-kilku-krajach-temperatura-przekroczy-40-st-c","status":"publish","type":"post","link":"https:\/\/www.europesays.com\/pl\/655752\/","title":{"rendered":"Wielki upa\u0142 uderzy w Europ\u0119. W kilku krajach temperatura przekroczy 40 st. C"},"content":{"rendered":"<p>W ostatnim czasie skwar dawa\u0142 si\u0119 we znaki przede wszystkim we <a href=\"https:\/\/wiadomosci.onet.pl\/wlochy\" id=\"646cbb9c-7361-4ada-aad6-8c764592cd29\" rel=\"nofollow noopener\" target=\"_blank\">W\u0142oszech<\/a>. W sobot\u0119 na stacji Marina Di Ginosa na po\u0142udniowym wschodzie temperatura wzros\u0142a do 44 st. C, a ok. 40 st. C mieli\u015bmy w wi\u0119kszo\u015bci tego kraju. Miejscami s\u0105 to najwy\u017csze warto\u015bci tego lata.Policzyli\u015bmy, kt\u00f3re miasta najgorzej znosz\u0105 upa\u0142y. Sprawd\u017a nasz ranking.<img class=\"ods-a-photo ods-a-photo--background\" src=\"https:\/\/www.europesays.com\/pl\/wp-content\/uploads\/2026\/08\/1788092835_655_PMkk9lBaHR0cHM6Ly9vY2RuLmV1L3B1bHNjbXMvTURBXy9iYTBhZWM2NzBiOTI0NDA0N2U0NDJjMTg2MmUzMDQwYS5wbmeRlQLNA.jpeg\" height=\"199\" width=\"450\" alt=\"Indeks podatno\u015bci na upa\u0142y\" loading=\"lazy\" fetchpriority=\"low\" decoding=\"async\"\/>Wielki upa\u0142 uderzy wkr\u00f3tce w Europ\u0119. W kilku krajach temperatura przekroczy 40 st. C<\/p>\n<p>W najbli\u017cszym czasie \u017car b\u0119dzie si\u0119 rozprzestrzenia\u0142, a przekroczenia 35-40 st. C stan\u0105 si\u0119 regularne od Hiszpanii, Portugalii i Francji po kraje po\u0142o\u017cone na po\u0142udnie od Polski, Ba\u0142kany, W\u0142ochy i Grecj\u0119. Apogeum fali skwaru nadejdzie prawdopodobnie w drugiej po\u0142owie nadchodz\u0105cego tygodnia.<\/p>\n<p><img class=\"ods-a-photo ods-a-photo--background\" src=\"https:\/\/www.europesays.com\/pl\/wp-content\/uploads\/2026\/08\/curk9lBaHR0cHM6Ly9vY2RuLmV1L3B1bHNjbXMvTURBXy8yYWU4YzE1NGM5ZjVmZDY2NjE0M2RjYTA3MjAzOTI2Yi5wbmeRkwXNB.jpeg\" height=\"658\" width=\"940\" alt=\"Odchylenie temperatury od normy w wielu krajach mo\u017ce przekroczy\u0107 10 st. C\" loading=\"lazy\" fetchpriority=\"auto\" decoding=\"auto\" url=\"https:\/\/ocdn.eu\/pulscms\/MDA_\/2ae8c154c9f5fd666143dca07203926b.png\" description=\"Odchylenie temperatury od normy w wielu krajach mo\u017ce przekroczy\u0107 10 st. C\" author=\"wxcharts\" source=\"\" link=\"\"\/><\/p>\n<p>wxcharts<\/p>\n<p>Odchylenie temperatury od normy w wielu krajach mo\u017ce przekroczy\u0107 10 st. C<\/p>\n<p>Na mapach anomalii wida\u0107, \u017ce wsz\u0119dzie zrobi si\u0119 tam o co najmniej 10 st. C cieplej ni\u017c zwykle o tej porze, a gdzieniegdzie odchylenia si\u0119gn\u0105 a\u017c 15 st. C. Mo\u017cliwe, \u017ce takie upa\u0142y potrwaj\u0105 przez ca\u0142\u0105 pierwsz\u0105 dekad\u0119 wrze\u015bnia, a gor\u0105co b\u0119dzie r\u00f3wnie\u017c przez reszt\u0119 miesi\u0105ca.<\/p>\n<p>Dalszy ci\u0105g artyku\u0142u pod materia\u0142em wideoDruga po\u0142owa tygodnia szczeg\u00f3lnie <a href=\"https:\/\/wiadomosci.onet.pl\/upal\" id=\"75c56617-c4d1-4ae4-b2b6-69bd02d16b59\" rel=\"nofollow noopener\" target=\"_blank\">upalnie<\/a> zapisze si\u0119 na po\u0142udniu Hiszpanii, gdzie prognozy wskazuj\u0105 na wzrosty a\u017c do ok. 43 st. C. Nawet w Madrycie i Rzymie spodziewane s\u0105 temperatury si\u0119gaj\u0105ce niemal 40 st. C. Nast\u0119pnie, bli\u017cej 10 wrze\u015bnia, upa\u0142 powinien nieco odpu\u015bci\u0107 w zachodniej Europie, ale przemie\u015bci si\u0119 na wsch\u00f3d.<img class=\"ods-a-photo ods-a-photo--background\" src=\"https:\/\/www.europesays.com\/pl\/wp-content\/uploads\/2026\/08\/sGsk9lBaHR0cHM6Ly9vY2RuLmV1L3B1bHNjbXMvTURBXy9hZDQ4MzE0ZDFhZjRmNzE2ZWU3NmRjNGQ1MTYxNTcyYS5wbmeRkwXNB.jpeg\" height=\"800\" width=\"800\" alt=\"W drugiej po\u0142owie tygodnia temperatura b\u0119dzie przekracza\u0107 40 st. C m.in. na po\u0142udniu Hiszpanii\" loading=\"lazy\" fetchpriority=\"auto\" decoding=\"auto\" url=\"https:\/\/ocdn.eu\/pulscms\/MDA_\/ad48314d1af4f716ee76dc4d5161572a.png\" description=\"W drugiej po\u0142owie tygodnia temperatura b\u0119dzie przekracza\u0107 40 st. C m.in. na po\u0142udniu Hiszpanii\" author=\"IMGW-PIB METEO POLSKA\" source=\"\" link=\"\"\/><\/p>\n<p>IMGW-PIB METEO POLSKA<\/p>\n<p>W drugiej po\u0142owie tygodnia temperatura b\u0119dzie przekracza\u0107 40 st. C m.in. na po\u0142udniu Hiszpanii<\/p>\n<p>W\u00f3wczas niewykluczone b\u0119dzie m.in. blisko 40 st. C w Grecji, a co najmniej 35 st. C b\u0119dzie te\u017c na wi\u0119kszo\u015bci Ba\u0142kan\u00f3w, nadal we W\u0142oszech oraz w cz\u0119\u015bci Hiszpanii. Co wi\u0119cej, tak ekstremalnym \u2014 jak na wrzesie\u0144 \u2014 upa\u0142om towarzyszy\u0107 ma s\u0142oneczna <a href=\"https:\/\/wiadomosci.onet.pl\/pogoda\" id=\"68e9b7a5-f93a-403f-ab7b-923b3b4ed108\" rel=\"nofollow noopener\" target=\"_blank\">pogoda<\/a>. To du\u017ce zagro\u017cenie, poniewa\u017c spowoduje dalszy wzrost zagro\u017cenia po\u017carowego, kt\u00f3re ju\u017c od wielu tygodni osi\u0105ga ekstremalny poziom.<img class=\"ods-a-photo ods-a-photo--background\" src=\"https:\/\/www.europesays.com\/pl\/wp-content\/uploads\/2026\/08\/D8gk9lBaHR0cHM6Ly9vY2RuLmV1L3B1bHNjbXMvTURBXy8wMzdlNDgzMzE4MjA0MjRlYWJhNzExMzQ0NzVlYzNiYy5wbmeRkwXNB.jpeg\" height=\"800\" width=\"800\" alt=\"Bardzo wysokie temperatury mog\u0105 przed\u0142u\u017cy\u0107 si\u0119 r\u00f3wnie\u017c na koniec pierwszej dekady wrze\u015bnia\" loading=\"lazy\" fetchpriority=\"auto\" decoding=\"auto\" url=\"https:\/\/ocdn.eu\/pulscms\/MDA_\/037e48331820424eaba71134475ec3bc.png\" description=\"Bardzo wysokie temperatury mog\u0105 przed\u0142u\u017cy\u0107 si\u0119 r\u00f3wnie\u017c na koniec pierwszej dekady wrze\u015bnia\" author=\"IMGW-PIB METEO POLSKA\" source=\"\" link=\"\"\/><\/p>\n<p>IMGW-PIB METEO POLSKA<\/p>\n<p>Bardzo wysokie temperatury mog\u0105 przed\u0142u\u017cy\u0107 si\u0119 r\u00f3wnie\u017c na koniec pierwszej dekady wrze\u015bnia<\/p>\n<p>W ostatnich tygodniach upa\u0142y, kt\u00f3re kumulowa\u0142y si\u0119 na po\u0142udniu <a href=\"https:\/\/wiadomosci.onet.pl\/europa\" id=\"36f642e0-3762-445e-a2f6-08159aba4bfa\" rel=\"nofollow noopener\" target=\"_blank\">Europy<\/a>, regularnie dociera\u0142y do Polski. Teraz mo\u017ce by\u0107 jednak inaczej. Prognozy wskazuj\u0105, \u017ce nasz kraj nie musi obawia\u0107 si\u0119 ju\u017c a\u017c tak wysokich temperatur. <a href=\"https:\/\/wiadomosci.onet.pl\/pogoda\/fale-chlodu-i-ulew-wtargna-do-polski-moze-spasc-ponad-40-mm-deszczu-pogoda\/m82zr1y\" id=\"ac2659a6-cacb-4726-a544-237752424885\" rel=\"nofollow noopener\" target=\"_blank\">Mo\u017cemy liczy\u0107 jedynie na pojedyncze dni, w czasie kt\u00f3rych s\u0142upki rt\u0119ci poka\u017c\u0105 do ok. 30 st. C,<\/a> ale tylko na po\u0142udniu i by\u0107 mo\u017ce w centrum. Na p\u00f3\u0142nocy prawdopodobie\u0144stwo pojawienia si\u0119 takich warto\u015bci jest znikome.<\/p>\n","protected":false},"excerpt":{"rendered":"W ostatnim czasie skwar dawa\u0142 si\u0119 we znaki przede wszystkim we W\u0142oszech. W sobot\u0119 na stacji Marina Di&hellip;\n","protected":false},"author":2,"featured_media":655753,"comment_status":"","ping_status":"","sticky":false,"template":"","format":"standard","meta":{"footnotes":"","_share_on_mastodon":"0"},"categories":[12],"tags":[61195,1715,48,46,42,78,38,40,39,41,47,1714],"class_list":["post-655752","post","type-post","status-publish","format-standard","has-post-thumbnail","category-polska","tag-bottomfeed_styl","tag-lato","tag-nat_styl","tag-omp","tag-pl","tag-pogoda","tag-poland","tag-polish","tag-polska","tag-polski","tag-screening_general","tag-upal"],"share_on_mastodon":{"url":"https:\/\/pubeurope.com\/@pl\/117184459361458288","error":""},"_links":{"self":[{"href":"https:\/\/www.europesays.com\/pl\/wp-json\/wp\/v2\/posts\/655752","targetHints":{"allow":["GET"]}}],"collection":[{"href":"https:\/\/www.europesays.com\/pl\/wp-json\/wp\/v2\/posts"}],"about":[{"href":"https:\/\/www.europesays.com\/pl\/wp-json\/wp\/v2\/types\/post"}],"author":[{"embeddable":true,"href":"https:\/\/www.europesays.com\/pl\/wp-json\/wp\/v2\/users\/2"}],"replies":[{"embeddable":true,"href":"https:\/\/www.europesays.com\/pl\/wp-json\/wp\/v2\/comments?post=655752"}],"version-history":[{"count":0,"href":"https:\/\/www.europesays.com\/pl\/wp-json\/wp\/v2\/posts\/655752\/revisions"}],"wp:featuredmedia":[{"embeddable":true,"href":"https:\/\/www.europesays.com\/pl\/wp-json\/wp\/v2\/media\/655753"}],"wp:attachment":[{"href":"https:\/\/www.europesays.com\/pl\/wp-json\/wp\/v2\/media?parent=655752"}],"wp:term":[{"taxonomy":"category","embeddable":true,"href":"https:\/\/www.europesays.com\/pl\/wp-json\/wp\/v2\/categories?post=655752"},{"taxonomy":"post_tag","embeddable":true,"href":"https:\/\/www.europesays.com\/pl\/wp-json\/wp\/v2\/tags?post=655752"}],"curies":[{"name":"wp","href":"https:\/\/api.w.org\/{rel}","templated":true}]}}