{"id":655772,"date":"2026-08-30T12:38:08","date_gmt":"2026-08-30T12:38:08","guid":{"rendered":"https:\/\/www.europesays.com\/pl\/655772\/"},"modified":"2026-08-30T12:38:08","modified_gmt":"2026-08-30T12:38:08","slug":"tak-zachowal-sie-62-letni-babiarz-podczas-spotkania-u-nawrockiego","status":"publish","type":"post","link":"https:\/\/www.europesays.com\/pl\/655772\/","title":{"rendered":"Tak zachowa\u0142 si\u0119 62-letni Babiarz podczas spotkania u Nawrockiego"},"content":{"rendered":"<p>Do udzia\u0142u w wydarzeniu o nazwie &#8222;Przysz\u0142o\u015b\u0107.pl&#8221; zaproszono m\u0142odych ludzi w wieku od 18 do 26 lat, kt\u00f3rzy przez dwa dni mogli bra\u0107 udzia\u0142 w spotkaniach, wyk\u0142adach i dyskusjach z przedstawicielami \u015bwiata nauki, biznesu, medi\u00f3w, kultury i sportu. W programie znalaz\u0142y si\u0119 r\u00f3wnie\u017c aktywno\u015bci sportowe oraz rozmowy z prezydentem i jego wsp\u00f3\u0142pracownikami.<\/p>\n<p>Dalszy ci\u0105g artyku\u0142u pod materia\u0142em wideo<\/p>\n<p>\u2014 B\u0119dzie to wielkie spotkanie m\u0142odzie\u017cy. Powiedzia\u0142bym formacyjne, bo panele dyskusyjne z udzia\u0142em naprawd\u0119 ciekawych, wybitnych intelektualist\u00f3w b\u0119d\u0105 dotyka\u0142y takich temat\u00f3w, jak: komu potrzebna jest Polska, kto jest potrzebny Polsce \u2014 m\u00f3wi\u0142 Nawrocki w Kanale Zero.<\/p>\n<p>Jednym z prelegent\u00f3w, jak wcze\u015bniej informowa\u0142a oficjalna strona wydarzenia, by\u0142 Babiarz. &#8222;Dziennikarz i komentator sportowy, od lat zwi\u0105zany z Telewizj\u0105 Polsk\u0105. Ceniony za wyj\u0105tkow\u0105 umiej\u0119tno\u015b\u0107 \u0142\u0105czenia sportu z histori\u0105, kultur\u0105 i refleksj\u0105 nad warto\u015bciami, dzi\u0119ki czemu jego komentarze wykraczaj\u0105 poza relacj\u0119 z wydarze\u0144 sportowych&#8221; \u2014 napisano.<\/p>\n<p>Uznany dziennikarz mia\u0142 pojawi\u0107 si\u0119 na scenie i wyg\u0142osi\u0107 wyk\u0142ad zatytu\u0142owany &#8222;Polski mecz o sukces. Przesz\u0142o\u015b\u0107 \u2014 tera\u017aniejszo\u015b\u0107 \u2014 przysz\u0142o\u015b\u0107&#8221;. I rzeczywi\u015bcie tak si\u0119 sta\u0142o, cho\u0107 podczas wyst\u0105pienia 62-latek nie ograniczy\u0142 si\u0119 jednak wy\u0142\u0105cznie do opowiadania o sporcie.<\/p>\n<p>\u2014 Skoro r\u00f3wnowaga, to niech b\u0119dzie waga. Tak si\u0119 nazywa ta st\u00f3jka, kt\u00f3r\u0105 postaram si\u0119 wykona\u0107 \u2014 powiedzia\u0142, po czym od\u0142o\u017cy\u0142 mikrofon i zaprezentowa\u0142 efektown\u0105 figur\u0119 z podparciem na r\u0119kach, co spotka\u0142o si\u0119 z euforyczn\u0105 reakcj\u0105 publiczno\u015bci.<\/p>\n<p>\u2014 To jest w\u0142a\u015bnie st\u00f3jka pozioma, waga, krokodyl. Niech to b\u0119dzie moje wkupne, niech to b\u0119dzie moja legitymacja na wej\u015bcie. \u017be ten facet, kt\u00f3ry gada o sporcie, te\u017c co\u015b w tym sporcie potrafi zrobi\u0107 \u2014 doda\u0142 ju\u017c po zako\u0144czeniu swojego pokazu.<\/p>\n","protected":false},"excerpt":{"rendered":"Do udzia\u0142u w wydarzeniu o nazwie &#8222;Przysz\u0142o\u015b\u0107.pl&#8221; zaproszono m\u0142odych ludzi w wieku od 18 do 26 lat, kt\u00f3rzy&hellip;\n","protected":false},"author":2,"featured_media":655773,"comment_status":"","ping_status":"","sticky":false,"template":"","format":"standard","meta":{"footnotes":"","_share_on_mastodon":"0"},"categories":[62712],"tags":[61195,690,43,48,129,46,20103,47,130],"class_list":["post-655772","post","type-post","status-publish","format-standard","has-post-thumbnail","category-karol-nawrocki","tag-bottomfeed_styl","tag-karol-nawrocki","tag-karol_nawrocki","tag-nat_styl","tag-ofsajd","tag-omp","tag-przemyslaw_babiarz","tag-screening_general","tag-wiadomosci_sportowe"],"share_on_mastodon":{"url":"","error":""},"_links":{"self":[{"href":"https:\/\/www.europesays.com\/pl\/wp-json\/wp\/v2\/posts\/655772","targetHints":{"allow":["GET"]}}],"collection":[{"href":"https:\/\/www.europesays.com\/pl\/wp-json\/wp\/v2\/posts"}],"about":[{"href":"https:\/\/www.europesays.com\/pl\/wp-json\/wp\/v2\/types\/post"}],"author":[{"embeddable":true,"href":"https:\/\/www.europesays.com\/pl\/wp-json\/wp\/v2\/users\/2"}],"replies":[{"embeddable":true,"href":"https:\/\/www.europesays.com\/pl\/wp-json\/wp\/v2\/comments?post=655772"}],"version-history":[{"count":0,"href":"https:\/\/www.europesays.com\/pl\/wp-json\/wp\/v2\/posts\/655772\/revisions"}],"wp:featuredmedia":[{"embeddable":true,"href":"https:\/\/www.europesays.com\/pl\/wp-json\/wp\/v2\/media\/655773"}],"wp:attachment":[{"href":"https:\/\/www.europesays.com\/pl\/wp-json\/wp\/v2\/media?parent=655772"}],"wp:term":[{"taxonomy":"category","embeddable":true,"href":"https:\/\/www.europesays.com\/pl\/wp-json\/wp\/v2\/categories?post=655772"},{"taxonomy":"post_tag","embeddable":true,"href":"https:\/\/www.europesays.com\/pl\/wp-json\/wp\/v2\/tags?post=655772"}],"curies":[{"name":"wp","href":"https:\/\/api.w.org\/{rel}","templated":true}]}}