{"id":655774,"date":"2026-08-30T12:45:35","date_gmt":"2026-08-30T12:45:35","guid":{"rendered":"https:\/\/www.europesays.com\/pl\/655774\/"},"modified":"2026-08-30T12:45:35","modified_gmt":"2026-08-30T12:45:35","slug":"industria-wisla-na-zywo-sledz-swieta-wojne-o-superpuchar-polski-sport-tvp-pl","status":"publish","type":"post","link":"https:\/\/www.europesays.com\/pl\/655774\/","title":{"rendered":"Industria \u2013 Wis\u0142a [NA \u017bYWO]. \u015aled\u017a \u015awi\u0119t\u0105 Wojn\u0119 o Superpuchar Polski! &#8211; sport.tvp.pl"},"content":{"rendered":"<p><a href=\"https:\/\/news.google.com\/rss\/articles\/CBMixAFBVV95cUxNQ0hxYzZtYU8wUUJYdmQyT0FtdjgyU3dCY29HRm1fMzM4cWdwNkVSLWhUcVhLM0RrdDN4NmVrdU9YMms2OFM3ZnNGam9ORGlEUUhoWC1LNDh5eTlneU5IalFrbFlrT2w5c0drSlp5YUR5Q0xtUWQ3LWhUcXppYm5XVkd2RDRXTFZBZExHSWVkNDV6ZTdETngzLTlMUkxROXFCLXNYaVk3RnRGbmhlVGx6T1pBNXVhR24wRm9HU05lWnZjRjNK?oc=5\" target=\"_blank\" rel=\"nofollow noopener\">Industria \u2013 Wis\u0142a [NA \u017bYWO]. \u015aled\u017a \u015awi\u0119t\u0105 Wojn\u0119 o Superpuchar Polski!<\/a>&nbsp;&nbsp;sport.tvp.pl<a href=\"https:\/\/news.google.com\/rss\/articles\/CBMimAFBVV95cUxOZjRyZEdZQ3RaVFZaNTRXekRFaVNOVHByM2E4ZkxQNDZYMDRRVjFFTzRTTXRHU1N1aEROX2tETFRWaE5kbjZTQnpGX2htd014T01GWDNiU0tEQjk3UFB3Z2xzenZSQkV4Z3J5NFdIWVREeEtIczk2c21uZnN2Y192Yno2Z1dDSnNsam5XUmQ4ZF9BTHkya3VzeA?oc=5\" target=\"_blank\" rel=\"nofollow noopener\">Superpuchar Polski nie dla Industrii. Triumf Orlen Wis\u0142y P\u0142ock<\/a>&nbsp;&nbsp;Radio Kielce<a href=\"https:\/\/news.google.com\/rss\/articles\/CBMijwJBVV95cUxPb3BTZkwyRHVZMkFlbE5aWmt5NVZLY2Y0b2Z3RXlHY2kyQXktd0RsZGUtdGdjRG1saHgwbGMxQ3h5QkZ2WFNxNHdraklvWWptTlFETFJRaTI1VF94WWRkZHU4VzFWc2xZVW95LWt1Nm1TMUxUOF9Dd052Q3N6dEF1amlKRGNhY203dk9USDBUY1UyUkN3bkR2OHBlRVFRT01zWTVoVHFpN20tZGh4MElxUjBYWlZ3aEM2SDdzTFY0NjZGaGc2bl9ZZHZ1eTYwZ25tVFI2Z01jVzRFQU1RQjB0VHlfdVN5ZDYzUFpTcC14Y0lrMi1RTG1xRkF6RkxuRE5SRHAwRkxXeTFYZ0YtaG5F?oc=5\" target=\"_blank\" rel=\"nofollow noopener\">Kibice na meczu Industria Kielce &#8211; Orlen Wis\u0142a P\u0142ock w meczu o Superpuchar Polski w Atlas Arenie. Byli\u015bcie? Szukajcie si\u0119 na zdj\u0119ciach<\/a>&nbsp;&nbsp;Echo Dnia<a href=\"https:\/\/news.google.com\/rss\/articles\/CBMisgFBVV95cUxPdl9TNzVHcmlqeUctbEtZSm1vS0RKWjdzQUZuSmVrSEp2MHVuSWhYVTFPQTRRQVRyV01fdGNRODVwWjk3WDEzOHF2OEhZOVVGaU5yRUNaTmgwcVJTZFNWdGVBVkxRTFl5ZHBBbDNrRjVoZVcxV2Nfakx4c2NaOXlJcTE2ek9xMmI1YjdqbjAteUtxOHA5QkR1QXZXZFVMMXNIOEJZWTFaUUU5NVNGekM5NmVB?oc=5\" target=\"_blank\" rel=\"nofollow noopener\">Industria Kielce &#8211; ORLEN Wis\u0142a P\u0142ock. Relacja live i wynik na \u017cywo<\/a>&nbsp;&nbsp;www.polsatsport.pl<a href=\"https:\/\/news.google.com\/rss\/articles\/CBMi0AFBVV95cUxOb2pzVGtDZ3F1Y3ZrX0I3bHhqZ2RTVWp4Sk8wNS0wUXVIMUR3UkpCVVViVXQxZjNVNWYydmVYREhPek1UenMxM1UzQTZ0NkJWcDc4RmUteEU1d0NFQkFwUXQzekxreEZDX0tzYmxBX2wybjYwbzRZZ3pBeWpyWE9PSFZKTGFQTnRTRWN4TzlfQVNFUXNUejJfajZocnFnOFdyQmo4ZmpCc05waGQ0MHVxdDFBRVRGcHYwUGVWZ2JNVlNtWDVzLXNKZUxJTjRSc2pL?oc=5\" target=\"_blank\" rel=\"nofollow noopener\">Orlen Wis\u0142a P\u0142ock bierze rewan\u017c na Industrii Kielce. Pierwsza ods\u0142ona \u201e\u015awi\u0119tej wojny\u201d za nami<\/a>&nbsp;&nbsp;Interia Sport<a href=\"https:\/\/news.google.com\/rss\/articles\/CBMiREFVX3lxTE9TOUxfTURtaTI4U2JqMWoyaFpUcVZKVEVGSnYyVnhMVHVqY01FSkdTOHlQZVNqSC1rclMyamN6TVVQejF5?oc=5\" target=\"_blank\" rel=\"nofollow noopener\">ORLEN Wis\u0142a P\u0142ock odzyska\u0142a Superpuchar Polski!<\/a>&nbsp;&nbsp;Zwi\u0105zek Pi\u0142ki R\u0119cznej w Polsce<a href=\"https:\/\/news.google.com\/rss\/articles\/CBMiuAFBVV95cUxOWU1RV2toVGhpWHEyZlJLRm5GX1pxNWp1TGdTVWdKWVlvcW1RRTBjSnozc2xQclhFeExuZGg1TGYtNF9XcWVtUkQwNm42Rnk4TFJ5T1B1ZEFVWUgyWDJHSVM4OHlNZGpSOXRTT3BNMkl4czI1bjdwUHVJNmN4cFktbXNrSFlJWEp3Ym9lXzRJZWMxQ1Zud0FkYzJkZ3djRTZjMl9MMHhqTFRNNXRXYldjYW9RUDdWMHZ1?oc=5\" target=\"_blank\" rel=\"nofollow noopener\">\u015awietni Kosorotov i Bjerre, ORLEN Wis\u0142a P\u0142ock z Superpucharem Polski!<\/a>&nbsp;&nbsp;Portal P\u0142ock<a href=\"https:\/\/news.google.com\/rss\/articles\/CBMitwFBVV95cUxOQ3lRZXJIdjdtY3BUblZSRTE1QWpXc3V3bi0xcUlqOHpPTllCZk5kS0xzcU9oZmJzMHg4NHJndWNCM2YySEQwZW9uVl9OM3JPX3hWSUZQak9CeUU2bWlFb19LaGstX2J4a200am1xTE0xTnpNbXF5ZFFxeDJCX3QtUHBWRHRXUFYyNm1xYW12bVA3enhHVUlqVWUwZWxNdHdCdThKcHo4LTdqYmpiejA3Qm85Nm9iUlE?oc=5\" target=\"_blank\" rel=\"nofollow noopener\">Industria Kielce &#8211; ORLEN Wis\u0142a P\u0142ock w Superpucharze Polski pi\u0142karzy r\u0119cznych. Relacja na \u017cywo<\/a>&nbsp;&nbsp;Interia Sport<a href=\"https:\/\/news.google.com\/rss\/articles\/CBMikwFBVV95cUxQVTdoWDRNSVA0WHNKNDB6MGpsYjQ3NE1LVEF4NWU0MG9tZkdTdmpQUEx1SGZ0eDJtWmhScXkyYVN0Y01PQlZQeER2U19LU1FyVFltNVhrVEtQeUJQb1QyLTRvazF1ZU81bkVxM18yZDNpNmU5bDRoaTU3YUxNNDYxNFd4cU9ta2FOblpNcFlsTVgwNEE?oc=5\" target=\"_blank\" rel=\"nofollow noopener\">ORLEN Wis\u0142a P\u0142ock z Superpucharem Polski!<\/a>&nbsp;&nbsp;www.polsatsport.pl<\/p>\n","protected":false},"excerpt":{"rendered":"Industria \u2013 Wis\u0142a [NA \u017bYWO]. \u015aled\u017a \u015awi\u0119t\u0105 Wojn\u0119 o Superpuchar Polski!&nbsp;&nbsp;sport.tvp.plSuperpuchar Polski nie dla Industrii. Triumf Orlen Wis\u0142y&hellip;\n","protected":false},"author":2,"featured_media":655775,"comment_status":"","ping_status":"","sticky":false,"template":"","format":"standard","meta":{"footnotes":"","_share_on_mastodon":"0"},"categories":[52097],"tags":[1903,774,13763,1905,42,38,40,39,41,334,34674],"class_list":["post-655774","post","type-post","status-publish","format-standard","has-post-thumbnail","category-orlen","tag-industria-kielce","tag-orlen","tag-orlen-wisla-plock","tag-pilka-reczna","tag-pl","tag-poland","tag-polish","tag-polska","tag-polski","tag-sport-tvp-pl","tag-superpuchar-polski"],"share_on_mastodon":{"url":"https:\/\/pubeurope.com\/@pl\/117184530178707614","error":""},"_links":{"self":[{"href":"https:\/\/www.europesays.com\/pl\/wp-json\/wp\/v2\/posts\/655774","targetHints":{"allow":["GET"]}}],"collection":[{"href":"https:\/\/www.europesays.com\/pl\/wp-json\/wp\/v2\/posts"}],"about":[{"href":"https:\/\/www.europesays.com\/pl\/wp-json\/wp\/v2\/types\/post"}],"author":[{"embeddable":true,"href":"https:\/\/www.europesays.com\/pl\/wp-json\/wp\/v2\/users\/2"}],"replies":[{"embeddable":true,"href":"https:\/\/www.europesays.com\/pl\/wp-json\/wp\/v2\/comments?post=655774"}],"version-history":[{"count":0,"href":"https:\/\/www.europesays.com\/pl\/wp-json\/wp\/v2\/posts\/655774\/revisions"}],"wp:featuredmedia":[{"embeddable":true,"href":"https:\/\/www.europesays.com\/pl\/wp-json\/wp\/v2\/media\/655775"}],"wp:attachment":[{"href":"https:\/\/www.europesays.com\/pl\/wp-json\/wp\/v2\/media?parent=655774"}],"wp:term":[{"taxonomy":"category","embeddable":true,"href":"https:\/\/www.europesays.com\/pl\/wp-json\/wp\/v2\/categories?post=655774"},{"taxonomy":"post_tag","embeddable":true,"href":"https:\/\/www.europesays.com\/pl\/wp-json\/wp\/v2\/tags?post=655774"}],"curies":[{"name":"wp","href":"https:\/\/api.w.org\/{rel}","templated":true}]}}