{"id":655794,"date":"2026-08-30T12:55:26","date_gmt":"2026-08-30T12:55:26","guid":{"rendered":"https:\/\/www.europesays.com\/pl\/655794\/"},"modified":"2026-08-30T12:55:26","modified_gmt":"2026-08-30T12:55:26","slug":"prawdziwe-klamstwo-hitlera","status":"publish","type":"post","link":"https:\/\/www.europesays.com\/pl\/655794\/","title":{"rendered":"\u201ePrawdziwe k\u0142amstwo\u201d Hitlera"},"content":{"rendered":"<p>&#13;<br \/>\n  &#13;<br \/>\n    <img loading=\"lazy\" decoding=\"async\" style=\"float: left; margin: 5px 10px;\" src=\"https:\/\/www.europesays.com\/pl\/wp-content\/uploads\/2026\/08\/101051.jpeg\" alt=\"\" width=\"150\" height=\"129\"\/>Adolf Hitler niew\u0105tpliwie by\u0142 geniuszem politycznej manipulacji. Niekt\u00f3rzy jego biografowie wr\u0119cz przypisuj\u0105 mu zdolno\u015bci paranormalne, gdy\u017c trudno jest z dzisiejszej perspektywy w pe\u0142ni zrozumie\u0107, jak ten \u017cyciowy nieudacznik m\u00f3g\u0142 tak oczarowa\u0107 i skierowa\u0107 na drog\u0119 wojny i zbrodni spo\u0142ecze\u0144stwo niemieckie uwa\u017cane za jedno z najbardziej racjonalnych na \u015bwiecie. Znamienne, \u017ce pod jego urokiem zdaj\u0105 si\u0119 dzi\u015b by\u0107 niekt\u00f3rzy publicy\u015bci historyczni, tak\u017ce w naszym kraju\u2026&#13;\n  <\/p>\n<p>Najcz\u0119\u015bciej ten ogromny sukces niespe\u0142nionego \u201eartysty\u201d i jego do\u015b\u0107 operetkowej, skrajnej partii historycy t\u0142umacz\u0105 wyj\u0105tkow\u0105 sytuacj\u0105, jaka zrodzi\u0142a si\u0119 po kl\u0119sce Niemiec w I wojnie \u015bwiatowej. Hitler i jego przyboczni wykorzystali koncertowo poczucie narodowego upokorzenia oraz kryzys gospodarczy i spo\u0142eczny targaj\u0105cy Republik\u0119 Weimarsk\u0105, wskazuj\u0105c Niemcom winnych tej sytuacji, g\u0142\u00f3wnie \u017byd\u00f3w, i od razu podsuwaj\u0105c recept\u0119, kt\u00f3ra zaleca\u0142a powr\u00f3t na imperialn\u0105 drog\u0119. A kierunek na tej drodze by\u0142 jeden i wyra\u017any: na wsch\u00f3d, gdzie po zdobyciu Lebensraum \u2013 przestrzeni \u017cyciowej \u2013 ju\u017c \u017cadne zachodnie mocarstwo nie b\u0119dzie mog\u0142o kwestionowa\u0107 i zagra\u017ca\u0107 pozycji \u201etysi\u0105cletniej\u201d Rzeszy.<\/p>\n<p>&#13;<br \/>\n  <img loading=\"lazy\" decoding=\"async\" style=\"display: block; margin-left: auto; margin-right: auto;\" src=\"https:\/\/www.europesays.com\/pl\/wp-content\/uploads\/2026\/08\/111234.jpeg\" alt=\"\" width=\"800\" height=\"533\"\/>&#13;<br \/>\n  \u201eCzarodziej t\u0142um\u00f3w\u201d \u2013 Adolf Hitler przemawia na nazistowskim wiecu. Hitler konsekwentnie wskazywa\u0142 na Polsk\u0119 jako wroga nr 1.&#13;\n<\/p>\n<p>Efekty tego my\u015blenia znamy wszyscy \u2013 mamy je wr\u0119cz w genach: najstraszniejsza jak dotychczas wojna, Holokaust, podzia\u0142 Europy \u017celazn\u0105 kurtyn\u0105, a przede wszystkim miliony ofiar, kt\u00f3rych znacz\u0105c\u0105 cz\u0119\u015bci\u0105 stali si\u0119 obywatele Rzeczypospolitej. Nieprzypadkowo, gdy\u017c to w\u0142a\u015bnie Polska by\u0142a wed\u0142ug Hitlera g\u0142\u00f3wn\u0105 przeszkod\u0105 na drodze do urzeczywistnienia marzenia o Lebensraum\u2026 Dzi\u015b, kiedy patrzy si\u0119 na archiwalne kroniki filmowe z nazistowskich miting\u00f3w, na kt\u00f3rych F\u00fchrer wrzeszczy i gestykuluje w ekstazie, jeszcze trudniej zrozumie\u0107, jak ten \u201eklaun w mundurze\u201d m\u00f3g\u0142 tak zaczarowa\u0107 t\u0142umy. Zreszt\u0105 ju\u017c wtedy \u00f3w groteskowy potencja\u0142 zosta\u0142 zauwa\u017cony i obr\u00f3cony przeciw Hitlerowi przez tak wielkich artyst\u00f3w jak Charlie Chaplin, kt\u00f3ry bezlito\u015bnie sparodiowa\u0142 go w \u201eDyktatorze\u201d, i nasz Ludwik Sempoli\u0144ski w kabaretowej piosence \u201eW\u0105sik, ach ten w\u0105sik\u201d (z jej powodu artysta w czasie wojny by\u0142 poszukiwany przez gestapo).<\/p>\n<p>&#13;<br \/>\n  Honor istotnie jest bezcenny&#13;\n<\/p>\n<p>Tym bardziej szokuje wi\u0119c, \u017ce niekt\u00f3re z k\u0142amstw tego\u017c politycznego manipulatora i zbrodniarza wci\u0105\u017c traktowane s\u0105 jako powa\u017cne argumenty w dyspucie historycznej, a czasem (o zgrozo) i politycznej. Mamy i w Polsce tego jaskrawy przyk\u0142ad, bo gdy zbli\u017ca si\u0119 kolejna rocznica wybuchu <a href=\"https:\/\/polska-zbrojna.pl\/home\/articleshow\/44557?t=Niemiecki-plan-zniszczenia-Polski\" target=\"_blank\" rel=\"nofollow noopener\">II wojny \u015bwiatowej<\/a>, niezawodnie pojawia si\u0119 teoria o zaprzepaszczonej przez w\u0142adze II Rzeczypospolitej szansie oddalenia widma wojny. A mia\u0142o ni\u0105 by\u0107 przyj\u0119cie proponowanego przez Hitlera sojuszu, by wesp\u00f3\u0142 z Wehrmachtem pomaszerowa\u0107 na Zwi\u0105zek Sowiecki\u2026 Przypomnijmy, \u017ce z dziedzictwem takich sojuszy do dzi\u015b borykaj\u0105 si\u0119 te pa\u0144stwa, kt\u00f3re sta\u0142y si\u0119 satelitami III Rzeszy. W\u0119gr\u00f3w, Rumun\u00f3w, S\u0142owak\u00f3w, Chorwat\u00f3w czy W\u0142och\u00f3w wcale nie omin\u0119\u0142y okropno\u015bci wojny. Wr\u0119cz przeciwnie, front wschodni poch\u0142on\u0105\u0142 tysi\u0105ce \u017co\u0142nierzy tych i innych narodowo\u015bci, a cz\u0119\u015b\u0107 z nich do\u015bwiadczy\u0142a p\u00f3\u017aniej jeszcze komunistycznego zniewolenia. Lecz to nie wszystko, bo kolejne pokolenia owych narod\u00f3w musz\u0105 mierzy\u0107 si\u0119 z odpowiedzialno\u015bci\u0105 za wsp\u00f3\u0142udzia\u0142 w nazistowskich zbrodniach, z Holokaustem w\u0142\u0105cznie. Czy jednak Hitler na powa\u017cnie bra\u0142 mo\u017cliwo\u015b\u0107 sojuszu z Polsk\u0105, tak jak czyni\u0142 to w wypadku innych pa\u0144stw swej osi \u2013 W\u0142och, Japonii, W\u0119gier czy cho\u0107by Rumunii?<\/p>\n<p>Cz\u0119sto dzi\u015b czyta si\u0119 krytyk\u0119 lub nawet kpiny ze s\u0142ynnego sejmowego przem\u00f3wienia ministra J\u00f3zefa Becka z 5 maja 1939 roku. Przypomnijmy ten najbardziej znamienny fragment: \u201ePok\u00f3j jest rzecz\u0105 cenn\u0105 i po\u017c\u0105dan\u0105. Nasza generacja skrwawiona w wojnach na pewno na pok\u00f3j zas\u0142uguje. Ale pok\u00f3j, jak prawie wszystkie sprawy tego \u015bwiata, ma swoj\u0105 cen\u0119 wysok\u0105, ale wymiern\u0105. My w Polsce nie znamy poj\u0119cia pokoju za wszelk\u0105 cen\u0119. Jest jedna tylko rzecz w \u017cyciu ludzi, narod\u00f3w i pa\u0144stw, kt\u00f3ra jest bezcenna. T\u0105 rzecz\u0105 jest honor\u201d. Ostatnie zdanie cz\u0119sto przywo\u0142uje si\u0119 jako przejaw \u201epolskiego romantyzmu\u201d i rozmijania si\u0119 naszych elit z rzeczywisto\u015bci\u0105. Nic bardziej mylnego. Przem\u00f3wienie Becka by\u0142o odpowiedzi\u0105 na wrzaski Hitlera w Reichstagu 28 kwietnia 1939 roku, kt\u00f3re by\u0142y reakcj\u0105 na m.in. odnowienie przez Francuz\u00f3w i Brytyjczyk\u00f3w gwarancji niesienia pomocy zbrojnej Polsce. Wtedy to Hitler wypowiedzia\u0142 polsko-niemiecki pakt o nieagresji z 1934 roku. Beck, m\u00f3wi\u0105c o honorze, wskazywa\u0142 te\u017c na katastrofaln\u0105 polityk\u0119 ust\u0119pstw i pokoju za wszelk\u0105 cen\u0119, jak\u0105 wobec Niemiec prowadzi\u0142y pa\u0144stwa zachodnie, czego efektem by\u0142 uk\u0142ad monachijski i premier Chamberlain zapewniaj\u0105cy wszystkich, \u017ce oto swymi ust\u0119pstwami zapewni\u0142 wieczysty pok\u00f3j w Europie\u2026<\/p>\n<p>&#13;<br \/>\n  <img loading=\"lazy\" decoding=\"async\" style=\"display: block; margin-left: auto; margin-right: auto;\" src=\"https:\/\/www.europesays.com\/pl\/wp-content\/uploads\/2026\/08\/111235.jpeg\" alt=\"\" width=\"800\" height=\"533\"\/>&#13;<br \/>\n  Hermann G\u00f6ring by\u0142 przed wojn\u0105 do\u015b\u0107 cz\u0119stym go\u015bciem w Polsce. Jako zapalony my\u015bliwy bra\u0142 udzia\u0142 m.in. w polowaniach, ale nigdy podczas tych wizyt nie zdo\u0142a\u0142 przekona\u0107 polskich elit do plan\u00f3w Hitlera. Na zdj\u0119ciu G\u00f6ring w towarzystwie prezydenta RP Ignacego Mo\u015bcickiego na jednym z polowa\u0144, 1938.&#13;\n<\/p>\n<p>&#13;<br \/>\n  Wci\u0105\u017c ten sam trup w szafie \u2013 sojusz z Hitlerem\u2026&#13;\n<\/p>\n<p>Hermann G\u00f6ring podczas swej wizyty w Polsce w styczniu 1935 roku, za wiedz\u0105 Hitlera, zaproponowa\u0142 tajny uk\u0142ad, kt\u00f3ry ustali\u0142by strefy wp\u0142yw\u00f3w obu pa\u0144stw na wschodzie (Polsce mia\u0142a przypa\u015b\u0107 Ukraina i ewentualnie Litwa). <a href=\"https:\/\/polska-zbrojna.pl\/home\/articleshow\/47005?t=Dezerter-Pilsudski-\" target=\"_blank\" rel=\"nofollow noopener\">Marsza\u0142ek J\u00f3zef Pi\u0142sudski<\/a> zdecydowanie odrzuci\u0142 t\u0119 propozycj\u0119, s\u0142usznie rozumuj\u0105c, \u017ce po ewentualnym podboju wschodu, kolejn\u0105 ofiar\u0105 Hitlera by\u0142aby Polska \u0142\u0105cznie z przyobiecanymi jej Ukrain\u0105 i Litw\u0105. Nast\u0119pcy Pi\u0142sudskiego w kolejnych latach konsekwentnie odrzucali niemieckie propozycje sojusz\u00f3w, w tym paktu antykominternowskiego z lat 1936\u20131937 wymierzonego w Zwi\u0105zek Sowiecki. Ile ten pakt w istocie by\u0142 wart dla Hitlera, okaza\u0142o si\u0119 pod koniec sierpnia 1939 roku, kiedy \u201ebrunatny ogie\u0144 z czerwon\u0105 wod\u0105\u201d pogodzi\u0142y si\u0119 w <a href=\"https:\/\/polska-zbrojna.pl\/home\/articleshow\/42266?t=Diabelski-uklad\" target=\"_blank\" rel=\"nofollow noopener\">pakcie Ribbentrop-Mo\u0142otow<\/a>\u2026 Mo\u017cna politykom i wojskowym II Rzeczypospolitej zarzuci\u0107 wiele b\u0142\u0119d\u00f3w i zaniecha\u0144, kt\u00f3re pog\u0142\u0119bi\u0142y katastrof\u0119 wrze\u015bnia 1939, ale jedno nale\u017cy im odda\u0107, a zw\u0142aszcza ministrowi Beckowi w\u0142a\u015bnie, \u017ce w tym morzu kl\u0119ski odni\u00f3s\u0142 jedno zdecydowane zwyci\u0119stwo. Mianowicie dzi\u0119ki podpisaniu 25 sierpnia 1939 roku uk\u0142adu sojuszniczego z Wielk\u0105 Brytani\u0105 odsuni\u0119te zosta\u0142o widmo izolacji Polski w konflikcie z Niemcami. M\u00f3wi\u0105c inaczej, przekre\u015blone zosta\u0142o d\u0105\u017cenie Hitlera, by wojna z Polsk\u0105 pozosta\u0142a konfliktem lokalnym. Marsza\u0142ek Pi\u0142sudski powtarza\u0142 Beckowi wielokrotnie, \u017ce jedyn\u0105 nasz\u0105 szans\u0105 w konfrontacji z Niemcami i Sowietami jest wojna \u015bwiatowa i taka zosta\u0142a og\u0142oszona 3 wrze\u015bnia 1939 roku, kiedy po stronie Polski przyst\u0105pi\u0142y do niej Francja i Wielka Brytania. Prawda, wtedy francuscy i brytyjscy \u017co\u0142nierze nie przyszli nam z pomoc\u0105, ale mimo kl\u0119ski nie uda\u0142o si\u0119 ani Hitlerowi, ani Stalinowi wymaza\u0107 Polski trwale z mapy Europy. Co znamienne, wielu niemieckich oficer\u00f3w (na przyk\u0142ad adm. Wilhelm Canaris, szef Abwehry) tego\u017c 3 wrze\u015bnia 1939 roku zrozumia\u0142o, \u017ce w\u0142a\u015bnie Niemcy przegra\u0142y kolejn\u0105 wojn\u0119&#8230;<\/p>\n<p>&#13;<br \/>\n  <img loading=\"lazy\" decoding=\"async\" style=\"display: block; margin-left: auto; margin-right: auto;\" src=\"https:\/\/www.europesays.com\/pl\/wp-content\/uploads\/2026\/08\/111236.jpeg\" alt=\"\" width=\"800\" height=\"533\"\/>&#13;<br \/>\n  \u201eB\u0105d\u017acie brutalni i bezwzgl\u0119dni\u201d \u2013 zaleca\u0142 Hitler swym genera\u0142om przed inwazj\u0105 na Polsk\u0119. Na zdj\u0119ciu cywile przed gruzami swych dom\u00f3w po nalocie Luftwaffe.&#13;\n<\/p>\n<p>Powr\u00f3\u0107my tutaj do zadanego wy\u017cej pytania, czy F\u00fchrer na powa\u017cnie my\u015bla\u0142 o trwa\u0142ym sojuszu z Polsk\u0105 i odpowiedzmy na nie jego w\u0142asnymi s\u0142owami. Hitler by\u0142 k\u0142amc\u0105 i mitomanem, ale jednocze\u015bnie cz\u0142owiekiem bardzo konsekwentnym w swych przekonaniach i dzia\u0142aniu (to te\u017c p\u00f3\u017aniej przyczyni\u0142o si\u0119 do kl\u0119ski III Rzeszy). W rozmowie ze swymi wsp\u00f3\u0142pracownikami czy genera\u0142ami nie kry\u0142 te\u017c, co naprawd\u0119 my\u015bli. W sprawie Polski jego zdanie by\u0142o niezachwiane. Na odprawie z genera\u0142ami 25 maja 1939 roku F\u00fchrer zapewnia\u0142 ich, \u017ce Polska zawsze b\u0119dzie wrogiem Rzeszy, \u201enie ma wi\u0119c \u2013 perorowa\u0142 \u2013 mowy o oszcz\u0119dzaniu Polski, zostaje tylko decyzja uderzenia na Polsk\u0119 przy pierwszej okazji. Nie mo\u017cemy oczekiwa\u0107 powt\u00f3rzenia afery czeskiej. B\u0119dzie wojna\u201d. Na odprawie 22 sierpnia sformu\u0142owa\u0142 to jeszcze dobitniej: \u201ePami\u0119tajcie, \u017ce w naszych planach zniszczenie Polski stoi na pierwszym miejscu. Celem jest eliminacja si\u0142 \u017cywych, a nie doj\u015bcie do jakich\u015b linii. Nawet gdyby pot\u0119gi zachodnie wzi\u0119\u0142y odwet i wybuch\u0142a z nimi wojna, Polska pozosta\u0142aby naszym pierwszym celem. Ale musicie by\u0107 szybcy. Co do prowadzenia wojny, nie miejcie \u017cadnej lito\u015bci. Atakujcie i osi\u0105gajcie swoje cele brutalnie. [\u2026] Ca\u0142kowite zniszczenie Polski jest naszym celem!\u201d.<\/p>\n<p>I mo\u017ce cytat tutaj najbardziej wymowny w kontek\u015bcie \u201esojuszu\u201d z Hitlerem. Dyktator wypowiedzia\u0142 si\u0119 o nim zupe\u0142nie szczerze w rozmowie ze swym ministrem uzbrojenia Albertem Speerem: \u201eCzy my\u015blisz, \u017ce by\u0142oby dobrze, gdyby\u015bmy wzi\u0119li Polsk\u0119 bez walki, po uzyskaniu Austrii i Czechos\u0142owacji w ten spos\u00f3b? Wierz mi, nawet najlepsze wojsko tego znie\u015b\u0107 nie mo\u017ce. Zwyci\u0119stwa bez rozlewu krwi s\u0105 demoralizuj\u0105ce\u201d. Nic doda\u0107, nic uj\u0105\u0107 \u2013 t\u0105 zasad\u0105 kieruj\u0105 si\u0119 i dzi\u015b nast\u0119pcy Hitlera i Stalina, jak chocia\u017cby obecny w\u0142odarz Kremla. Warto ten cytat pami\u0119ta\u0107 w tym kontek\u015bcie i w kontek\u015bcie dyskusji na temat \u201epaktu z diab\u0142em\u201d\u2026<\/p>\n<p>&#13;<br \/>\n  <br \/>&#13;<br \/>\n  Bibliografia&#13;\n<\/p>\n<p>Cz. Brzoza, Polska w czasach niepodleg\u0142o\u015bci i drugiej wojny \u015bwiatowej (1918\u20131945), Krak\u00f3w 2001; W. Dobrzycki, Historia stosunk\u00f3w mi\u0119dzynarodowych w czasach nowo\u017cytnych 1815\u20131945, Warszawa 1996; J.Z. K\u0119dzierski, Dzieje Anglii 1485\u20131939, tom 2, Wroc\u0142aw 1986.<\/p>\n","protected":false},"excerpt":{"rendered":"&#13; &#13; Adolf Hitler niew\u0105tpliwie by\u0142 geniuszem politycznej manipulacji. Niekt\u00f3rzy jego biografowie wr\u0119cz przypisuj\u0105 mu zdolno\u015bci paranormalne, gdy\u017c&hellip;\n","protected":false},"author":2,"featured_media":655795,"comment_status":"","ping_status":"","sticky":false,"template":"","format":"standard","meta":{"footnotes":"","_share_on_mastodon":"0"},"categories":[12],"tags":[2891,425,9114,23206,8660,52570,18211,365,42,38,2279,40,39,50002,52571,41,1030,16864,22721,28760,161,5041,52569,6573],"class_list":["post-655794","post","type-post","status-publish","format-standard","has-post-thumbnail","category-polska","tag-armia","tag-bezpieczenstwo","tag-czolg","tag-marynarka-wojenna","tag-ministerstwo-obrony-narodowej","tag-obrona-narodowa","tag-oficer","tag-okret","tag-pl","tag-poland","tag-poligon","tag-polish","tag-polska","tag-polska-zbrojna","tag-polska-zbrojna-pl","tag-polski","tag-samolot","tag-sily-powietrzne","tag-sluzba-wojskowa","tag-wojska-ladowe","tag-wojsko","tag-wojsko-polskie","tag-zawodowy","tag-zolnierz"],"share_on_mastodon":{"url":"https:\/\/pubeurope.com\/@pl\/117184570380100739","error":""},"_links":{"self":[{"href":"https:\/\/www.europesays.com\/pl\/wp-json\/wp\/v2\/posts\/655794","targetHints":{"allow":["GET"]}}],"collection":[{"href":"https:\/\/www.europesays.com\/pl\/wp-json\/wp\/v2\/posts"}],"about":[{"href":"https:\/\/www.europesays.com\/pl\/wp-json\/wp\/v2\/types\/post"}],"author":[{"embeddable":true,"href":"https:\/\/www.europesays.com\/pl\/wp-json\/wp\/v2\/users\/2"}],"replies":[{"embeddable":true,"href":"https:\/\/www.europesays.com\/pl\/wp-json\/wp\/v2\/comments?post=655794"}],"version-history":[{"count":0,"href":"https:\/\/www.europesays.com\/pl\/wp-json\/wp\/v2\/posts\/655794\/revisions"}],"wp:featuredmedia":[{"embeddable":true,"href":"https:\/\/www.europesays.com\/pl\/wp-json\/wp\/v2\/media\/655795"}],"wp:attachment":[{"href":"https:\/\/www.europesays.com\/pl\/wp-json\/wp\/v2\/media?parent=655794"}],"wp:term":[{"taxonomy":"category","embeddable":true,"href":"https:\/\/www.europesays.com\/pl\/wp-json\/wp\/v2\/categories?post=655794"},{"taxonomy":"post_tag","embeddable":true,"href":"https:\/\/www.europesays.com\/pl\/wp-json\/wp\/v2\/tags?post=655794"}],"curies":[{"name":"wp","href":"https:\/\/api.w.org\/{rel}","templated":true}]}}