{"id":655804,"date":"2026-08-30T13:01:17","date_gmt":"2026-08-30T13:01:17","guid":{"rendered":"https:\/\/www.europesays.com\/pl\/655804\/"},"modified":"2026-08-30T13:01:17","modified_gmt":"2026-08-30T13:01:17","slug":"spelnili-marzenie-90-letniej-babci-zosi-z-bochnia","status":"publish","type":"post","link":"https:\/\/www.europesays.com\/pl\/655804\/","title":{"rendered":"Spe\u0142nili marzenie 90-letniej Babci Zosi z Bochnia"},"content":{"rendered":"<p>Niekt\u00f3re marzenia czekaj\u0105 na realizacj\u0119 przez ca\u0142e \u017cycie. Tak by\u0142o w przypadku pani Zosi z Bochni, kt\u00f3ra maj\u0105c 90 lat, po raz pierwszy wsiad\u0142a do samolotu. Jej niezwyk\u0142\u0105 podr\u00f3\u017c uwieczniono na nagraniu opublikowanym przez Dom Seniora Bochnia.<\/p>\n<p>Seniorka wybra\u0142a si\u0119 w podr\u00f3\u017c nad polskie morze. Dla 90-letniej pani Zosi by\u0142 to wyj\u0105tkowy moment \u2014 pierwszy lot samolotem w \u017cyciu i jednocze\u015bnie spe\u0142nienie wielkiego marzenia.<\/p>\n<p>Na opublikowanym nagraniu wida\u0107 emocje towarzysz\u0105ce seniorce podczas tej niezwyk\u0142ej przygody. By\u0142o troch\u0119 stresu, sporo rado\u015bci i mn\u00f3stwo nowych wra\u017ce\u0144. Sam lot okaza\u0142 si\u0119 dla niej wydarzeniem, kt\u00f3re z pewno\u015bci\u0105 na d\u0142ugo pozostanie w pami\u0119ci.<\/p>\n<p>Dom Seniora Bochnia, publikuj\u0105c film, zapyta\u0142 internaut\u00f3w z przymru\u017ceniem oka, czy po wyl\u0105dowaniu babcia Zosia&#8230; klaska\u0142a.<\/p>\n<p>W opublikowanej wcze\u015bniej rolce Babcia Zosia, jak nazywaj\u0105 j\u0105 pracownicy domu seniora, o jej jedno wielkie, dot\u0105d nierealne marzenie. Odpowied\u017a by\u0142a prosta i wzruszaj\u0105ca \u2014 90-latka chcia\u0142a zobaczy\u0107 morze. Kiedy kamera ju\u017c zgas\u0142a, seniorka doda\u0142a co\u015b, co szczeg\u00f3lnie zapad\u0142o im w pami\u0119\u0107. Powiedzia\u0142a, \u017ce nigdy nie lecia\u0142a samolotem i nawet nie \u015bmie marzy\u0107 o tym, \u017ce mog\u0142aby polecie\u0107 nad Ba\u0142tyk.<\/p>\n<p>Wtedy u opiekun\u00f3w pojawi\u0142a si\u0119 my\u015bl, \u017ce by\u0107 mo\u017ce w\u0142a\u015bnie nadszed\u0142 czas, by przesta\u0107 m\u00f3wi\u0107 &#8222;nie da si\u0119&#8221;. To, co jeszcze niedawno wydawa\u0142o si\u0119 nierealne, sta\u0142o si\u0119 mo\u017cliwe. Marzenie pani Zosi po tylu latach czekania wreszcie si\u0119 spe\u0142ni\u0142o.<\/p>\n<p>Historia seniorki pokazuje, \u017ce na spe\u0142nianie marze\u0144 nigdy nie jest za p\u00f3\u017ano. Nawet je\u015bli przez 90 lat nie by\u0142o okazji, by wzbi\u0107 si\u0119 w powietrze, mo\u017cna zrobi\u0107 to w\u0142a\u015bnie wtedy, gdy niewiele os\u00f3b si\u0119 tego spodziewa.<\/p>\n","protected":false},"excerpt":{"rendered":"Niekt\u00f3re marzenia czekaj\u0105 na realizacj\u0119 przez ca\u0142e \u017cycie. Tak by\u0142o w przypadku pani Zosi z Bochni, kt\u00f3ra maj\u0105c&hellip;\n","protected":false},"author":2,"featured_media":655805,"comment_status":"","ping_status":"","sticky":false,"template":"","format":"standard","meta":{"footnotes":"","_share_on_mastodon":"0"},"categories":[20],"tags":[61195,399,368,48,120,118,119,46,55,42,38,40,39,41,116,114,115,47,121,117],"class_list":["post-655804","post","type-post","status-publish","format-standard","has-post-thumbnail","category-nauka-i-technika","tag-bottomfeed_styl","tag-informacje","tag-krakowdlawas","tag-nat_styl","tag-nauka","tag-nauka-i-technika","tag-naukatechnika","tag-omp","tag-phx","tag-pl","tag-poland","tag-polish","tag-polska","tag-polski","tag-science","tag-science-and-technology","tag-sciencetechnology","tag-screening_general","tag-technika","tag-technology"],"share_on_mastodon":{"url":"https:\/\/pubeurope.com\/@pl\/117184593134710468","error":""},"_links":{"self":[{"href":"https:\/\/www.europesays.com\/pl\/wp-json\/wp\/v2\/posts\/655804","targetHints":{"allow":["GET"]}}],"collection":[{"href":"https:\/\/www.europesays.com\/pl\/wp-json\/wp\/v2\/posts"}],"about":[{"href":"https:\/\/www.europesays.com\/pl\/wp-json\/wp\/v2\/types\/post"}],"author":[{"embeddable":true,"href":"https:\/\/www.europesays.com\/pl\/wp-json\/wp\/v2\/users\/2"}],"replies":[{"embeddable":true,"href":"https:\/\/www.europesays.com\/pl\/wp-json\/wp\/v2\/comments?post=655804"}],"version-history":[{"count":0,"href":"https:\/\/www.europesays.com\/pl\/wp-json\/wp\/v2\/posts\/655804\/revisions"}],"wp:featuredmedia":[{"embeddable":true,"href":"https:\/\/www.europesays.com\/pl\/wp-json\/wp\/v2\/media\/655805"}],"wp:attachment":[{"href":"https:\/\/www.europesays.com\/pl\/wp-json\/wp\/v2\/media?parent=655804"}],"wp:term":[{"taxonomy":"category","embeddable":true,"href":"https:\/\/www.europesays.com\/pl\/wp-json\/wp\/v2\/categories?post=655804"},{"taxonomy":"post_tag","embeddable":true,"href":"https:\/\/www.europesays.com\/pl\/wp-json\/wp\/v2\/tags?post=655804"}],"curies":[{"name":"wp","href":"https:\/\/api.w.org\/{rel}","templated":true}]}}