{"id":655818,"date":"2026-08-30T13:13:17","date_gmt":"2026-08-30T13:13:17","guid":{"rendered":"https:\/\/www.europesays.com\/pl\/655818\/"},"modified":"2026-08-30T13:13:17","modified_gmt":"2026-08-30T13:13:17","slug":"pierwsza-ladowarka-mcs-w-polsce-slupki-orlenu-przy-a1-generuja-az-15-mw","status":"publish","type":"post","link":"https:\/\/www.europesays.com\/pl\/655818\/","title":{"rendered":"Pierwsza \u0142adowarka MCS w Polsce. S\u0142upki Orlenu przy A1 generuj\u0105 a\u017c 1,5 MW"},"content":{"rendered":"<p>Sp\u00f3\u0142ka Orlen Charge uruchomi\u0142a pierwsz\u0105 w Polsce publiczn\u0105 stacj\u0119 \u0142adowania pojazd\u00f3w ci\u0119\u017carowych w technologii MCS (Megawatt Charging System). Nowe stanowiska pojawi\u0142y si\u0119 na Miejscach Obs\u0142ugi Podr\u00f3\u017cnych Stobiecko Szlacheckie Wsch\u00f3d i Zach\u00f3d przy autostradzie A1 w wojew\u00f3dztwie \u0142\u00f3dzkim. To pierwszy tego typu projekt w kraju. Dla wygody kierowc\u00f3w stanowiska umo\u017cliwiaj\u0105ce \u0142adowanie z moc\u0105 si\u0119gaj\u0105c\u0105 1,5 MW dost\u0119pne s\u0105 po obu stronach autostrady.<\/p>\n<p><img class=\"ods-a-photo ods-a-photo--background\" src=\"https:\/\/www.europesays.com\/pl\/wp-content\/uploads\/2026\/08\/jO0k9lCaHR0cHM6Ly9vY2RuLmV1L3B1bHNjbXMvTURBXy83NTcxOGJmODI5MzIzOGZhOWJlNjE3OTUxNGQ2OTIxNi5qcGVnkZMFz.jpeg\" height=\"627\" width=\"940\" alt=\"Pierwsza ultraszybka \u0142adowarka MCS o mocy 1,5 MW w sieci Orlen Charge\" loading=\"lazy\" fetchpriority=\"auto\" decoding=\"auto\" url=\"https:\/\/ocdn.eu\/pulscms\/MDA_\/75718bf8293238fa9be6179514d69216.jpeg\" description=\"Pierwsza ultraszybka \u0142adowarka MCS o mocy 1,5 MW w sieci Orlen Charge\" author=\"ORLEN\" source=\"\" link=\"\"\/><\/p>\n<p>ORLEN<\/p>\n<p>Pierwsza ultraszybka \u0142adowarka MCS o mocy 1,5 MW w sieci Orlen Charge<\/p>\n<p>Stacje \u0142adowania MCS Orlen Charge otwieraj\u0105 nowy rozdzia\u0142 w transporcie<\/p>\n<p>Jak podkre\u015bla Krzysztof Kaczy\u0144ski, dyrektor wykonawczy ds. elektromobilno\u015bci w ORLEN, uruchomienie publicznej infrastruktury MCS to wa\u017cny krok w rozwoju elektromobilno\u015bci w transporcie ci\u0119\u017ckim.<\/p>\n<p class=\"ods-o-quote__paragraph\">To pilota\u017cowe rozwi\u0105zanie wpisuje si\u0119 w nadchodz\u0105ce standardy \u0142adowania i pozwoli skr\u00f3ci\u0107 czas postoju pojazd\u00f3w ci\u0119\u017carowych. Dodatkowo dzi\u0119ki infrastrukturze du\u017cej mocy oraz rozszerzeniu rodzaj\u00f3w z\u0142\u0105czy firmy transportowe b\u0119d\u0105 mog\u0142y lepiej planowa\u0107 przysz\u0142e inwestycje i dopasowywa\u0107 elektryfikacj\u0119 flot do tras dalekobie\u017cnych, harmonogram\u00f3w dostaw oraz obowi\u0105zkowych przerw kierowc\u00f3w<\/p>\n<p>\u2014 wyja\u015bnia Kaczy\u0144ski.<\/p>\n<p>MCS to technologia opracowana specjalnie dla pojazd\u00f3w ci\u0119\u017carowych, kt\u00f3re wymagaj\u0105 znacznie wi\u0119kszej mocy \u0142adowania ni\u017c samochody osobowe. Rozw\u00f3j tego standardu jest odpowiedzi\u0105 na potrzeby rynku i przygotowuje infrastruktur\u0119 do obs\u0142ugi nowoczesnych, elektrycznych flot dalekobie\u017cnych. <a href=\"https:\/\/www.auto-swiat.pl\/ev\/wiadomosci\/nowy-rekord-mocy-podczas-ladowania-mercedes-benz-przekroczyl-1000-kw\/33g53lh\" id=\"1e5ef251-ea61-4a3c-9a90-12a57b862844\" rel=\"nofollow noopener\" target=\"_blank\">Producenci ju\u017c pracuj\u0105 nad ci\u0119\u017car\u00f3wkami kompatybilnymi z MCS \u2014 pierwsze takie pojazdy stopniowo pojawiaj\u0105 si\u0119 na rynku europejskim<\/a>.<img class=\"ods-a-photo ods-a-photo--background\" src=\"https:\/\/www.europesays.com\/pl\/wp-content\/uploads\/2026\/08\/5ePk9lBaHR0cHM6Ly9vY2RuLmV1L3B1bHNjbXMvTURBXy84MmJhYTU0NjhlNTE1YTNiODI5NmU5MDUyMmRlMmZjMy5qcGeRkwXNB.jpeg\" height=\"627\" width=\"940\" alt=\"Standard MCS wymaga bardzo grubego i ci\u0119\u017ckiego kabla\" loading=\"lazy\" fetchpriority=\"auto\" decoding=\"auto\" url=\"https:\/\/ocdn.eu\/pulscms\/MDA_\/82baa5468e515a3b8296e90522de2fc3.jpg\" description=\"Standard MCS wymaga bardzo grubego i ci\u0119\u017ckiego kabla\" author=\"Daimler Trucks\" source=\"\" link=\"\"\/><\/p>\n<p>Daimler Trucks<\/p>\n<p>Standard MCS wymaga bardzo grubego i ci\u0119\u017ckiego kabla<\/p>\n<p>Jakie \u0142adowarki Orlenu znajdziemy na MOP-ach przy A1?<\/p>\n<p>Na obu MOP-ach przy A1 (Stobiecko Szlaecheckie) kierowcy maj\u0105 do dyspozycji po cztery punkty \u0142adowania dla samochod\u00f3w osobowych (ka\u017cdy o mocy do 400 kW) oraz dwa stanowiska przeznaczone dla ci\u0119\u017car\u00f3wek: jedno wyposa\u017cone w MCS (do 1,5 MW) z mo\u017cliwo\u015bci\u0105 wyboru z\u0142\u0105cza CCS (do 600 kW) oraz drugie \u2014 oddzielne stanowisko CCS dla pojazd\u00f3w ci\u0119\u017carowych. Ca\u0142o\u015b\u0107 uzupe\u0142nia inteligentny system zarz\u0105dzania moc\u0105, kt\u00f3ry automatycznie rozdziela energi\u0119 pomi\u0119dzy \u0142adowane pojazdy, zapewniaj\u0105c efektywno\u015b\u0107 nawet przy r\u00f3wnoczesnym \u0142adowaniu kilku aut.<\/p>\n<p><img class=\"ods-a-photo ods-a-photo--background\" src=\"https:\/\/www.europesays.com\/pl\/wp-content\/uploads\/2026\/08\/Qx6k9lCaHR0cHM6Ly9vY2RuLmV1L3B1bHNjbXMvTURBXy9kYTU4MjdiMDhkMDkwYjRlMzE0MDAxNmQ5MzEzYmFmYy5qcGVnkZMFz.jpeg\" height=\"627\" width=\"940\" alt=\"Stacja \u0142adowania Orlen Charge\" loading=\"lazy\" fetchpriority=\"auto\" decoding=\"auto\" url=\"https:\/\/ocdn.eu\/pulscms\/MDA_\/da5827b08d090b4e3140016d9313bafc.jpeg\" description=\"Stacja \u0142adowania Orlen Charge\" author=\"ORLEN\" source=\"\" link=\"\"\/><\/p>\n<p>ORLEN<\/p>\n<p>Stacja \u0142adowania Orlen Charge<\/p>\n<p>\u0141\u0105cznie na obu MOP-ach dost\u0119pnych jest osiem punkt\u00f3w \u0142adowania dla samochod\u00f3w osobowych i cztery stanowiska przeznaczone dla pojazd\u00f3w ci\u0119\u017carowych. Infrastruktura zosta\u0142a zaprojektowana z my\u015bl\u0105 o obs\u0142udze zar\u00f3wno obecnych modeli elektrycznych ci\u0119\u017car\u00f3wek (\u0142aduj\u0105cych si\u0119 w standardzie CCS), jak i przysz\u0142ych pojazd\u00f3w korzystaj\u0105cych z szybszej technologii MCS.<\/p>\n<p>Ile naprawd\u0119 kosztuje Polak\u00f3w picie alkoholu?<\/p>\n<p class=\"ods-o-frame-in-text__paragraph\"><a href=\"https:\/\/wiadomosci.onet.pl\/kraj\/prawdziwa-cena-alkoholu\/st1stm5\" id=\"3cdf6b07-410b-4164-9c04-304130168f33\" rel=\"nofollow noopener\" target=\"_blank\">Policzyli\u015bmy prawdziw\u0105 cen\u0119 alkoholu. Te dane s\u0105 przyt\u0142aczaj\u0105ce<\/a><\/p>\n<p><img class=\"ods-a-photo ods-a-photo--background\" src=\"https:\/\/www.europesays.com\/pl\/wp-content\/uploads\/2026\/08\/KR2k9lBaHR0cHM6Ly9vY2RuLmV1L3B1bHNjbXMvTURBXy81YjE2NzBiMTI1YWE0OGFiMjhmZWFiNDc0MmRlOWFkMi5qcGeRlQLNA.jpeg\" height=\"321\" width=\"450\" alt=\"Kontrola trze\u017awo\u015bci na A2 i S3\" loading=\"lazy\" fetchpriority=\"low\" decoding=\"async\"\/>Nowe \u0142adowarki MCS Orlen Charge to odpowied\u017a na AFIR<\/p>\n<p>Inwestycja Orlenu wpisuje si\u0119 w wymogi unijnego rozporz\u0105dzenia AFIR, kt\u00f3re zobowi\u0105zuje kraje cz\u0142onkowskie do rozbudowy publicznej infrastruktury \u0142adowania du\u017cej mocy wzd\u0142u\u017c g\u0142\u00f3wnych korytarzy transportowych TEN-T. To kluczowy krok, by elektryczne ci\u0119\u017car\u00f3wki mog\u0142y realnie obs\u0142ugiwa\u0107 trasy dalekobie\u017cne i by\u0107 wykorzystywane w codziennej pracy sektora logistycznego.<\/p>\n<p>Dalszy ci\u0105g artyku\u0142u pod materia\u0142em wideo<\/p>\n<p>Obecnie Orlen Charge ma ju\u017c blisko 1400 punkt\u00f3w \u0142adowania w ca\u0142ej Polsce, zar\u00f3wno w miastach, jak i przy g\u0142\u00f3wnych trasach. Szczeg\u00f3lny nacisk jest k\u0142adziony na rozw\u00f3j hub\u00f3w \u0142adowania \u2014 miejsc z wi\u0119ksz\u0105 liczb\u0105 stanowisk i wy\u017csz\u0105 moc\u0105, co skraca czas oczekiwania i u\u0142atwia planowanie podr\u00f3\u017cy. Takie huby Orlenu dzia\u0142aj\u0105 ju\u017c m.in. w Nowym Dworze Gda\u0144skim, Gorzowie Wielkopolskim, Starym Mie\u015bcie, Szczecinie oraz przy trasach szybkiego ruchu na MOP Olsztynek Po\u0142udnie, Gruczno Zach\u00f3d, Barnis\u0142aw P\u00f3\u0142noc i Po\u0142udnie.<\/p>\n<p>R\u00f3wnolegle rozwijane s\u0105 stacje szybkiego \u0142adowania typu standalone, pojawiaj\u0105ce si\u0119 w kolejnych miastach. Do ko\u0144ca 2027 r. sie\u0107 ORLEN Charge ma powi\u0119kszy\u0107 si\u0119 o kilkadziesi\u0105t nowych hub\u00f3w oraz ponad sto dodatkowych stacji standalone. Uruchomienie pierwszych publicznych \u0142adowarek MCS to zacz\u0105tek elektryfikacji polskiego transportu \u2014 przygotowuje grunt pod rozw\u00f3j zr\u00f3wnowa\u017conej logistyki w Polsce.<\/p>\n","protected":false},"excerpt":{"rendered":"Sp\u00f3\u0142ka Orlen Charge uruchomi\u0142a pierwsz\u0105 w Polsce publiczn\u0105 stacj\u0119 \u0142adowania pojazd\u00f3w ci\u0119\u017carowych w technologii MCS (Megawatt Charging System).&hellip;\n","protected":false},"author":2,"featured_media":655819,"comment_status":"","ping_status":"","sticky":false,"template":"","format":"standard","meta":{"footnotes":"","_share_on_mastodon":"0"},"categories":[52097],"tags":[210,61195,6827,127904,2043,48,46,774,42,38,40,39,41,47,127905,26],"class_list":["post-655818","post","type-post","status-publish","format-standard","has-post-thumbnail","category-orlen","tag-aktualnosci","tag-bottomfeed_styl","tag-ciezarowki","tag-ciezarowki_elektryczne","tag-elektromobilnosc","tag-nat_styl","tag-omp","tag-orlen","tag-pl","tag-poland","tag-polish","tag-polska","tag-polski","tag-screening_general","tag-stacja_ladowania","tag-wiadomosci"],"share_on_mastodon":{"url":"https:\/\/pubeurope.com\/@pl\/117184641239254038","error":""},"_links":{"self":[{"href":"https:\/\/www.europesays.com\/pl\/wp-json\/wp\/v2\/posts\/655818","targetHints":{"allow":["GET"]}}],"collection":[{"href":"https:\/\/www.europesays.com\/pl\/wp-json\/wp\/v2\/posts"}],"about":[{"href":"https:\/\/www.europesays.com\/pl\/wp-json\/wp\/v2\/types\/post"}],"author":[{"embeddable":true,"href":"https:\/\/www.europesays.com\/pl\/wp-json\/wp\/v2\/users\/2"}],"replies":[{"embeddable":true,"href":"https:\/\/www.europesays.com\/pl\/wp-json\/wp\/v2\/comments?post=655818"}],"version-history":[{"count":0,"href":"https:\/\/www.europesays.com\/pl\/wp-json\/wp\/v2\/posts\/655818\/revisions"}],"wp:featuredmedia":[{"embeddable":true,"href":"https:\/\/www.europesays.com\/pl\/wp-json\/wp\/v2\/media\/655819"}],"wp:attachment":[{"href":"https:\/\/www.europesays.com\/pl\/wp-json\/wp\/v2\/media?parent=655818"}],"wp:term":[{"taxonomy":"category","embeddable":true,"href":"https:\/\/www.europesays.com\/pl\/wp-json\/wp\/v2\/categories?post=655818"},{"taxonomy":"post_tag","embeddable":true,"href":"https:\/\/www.europesays.com\/pl\/wp-json\/wp\/v2\/tags?post=655818"}],"curies":[{"name":"wp","href":"https:\/\/api.w.org\/{rel}","templated":true}]}}