{"id":655832,"date":"2026-08-30T13:22:13","date_gmt":"2026-08-30T13:22:13","guid":{"rendered":"https:\/\/www.europesays.com\/pl\/655832\/"},"modified":"2026-08-30T13:22:13","modified_gmt":"2026-08-30T13:22:13","slug":"powroty-z-wakacji-i-korki-na-a4","status":"publish","type":"post","link":"https:\/\/www.europesays.com\/pl\/655832\/","title":{"rendered":"Powroty z wakacji i korki na A4"},"content":{"rendered":"<p>Du\u017cy ruch na autostradzie A4 przed w\u0119z\u0142em K\u0105ty Wroc\u0142awskie.<\/p>\n<p>fot. Magda Orze\u0142<\/p>\n<p>Ostatnia niedziela wakacji to wzmo\u017cony ruch na autostradzie A4. W niedziel\u0119 nie brakowa\u0142o interwencji s\u0142u\u017cb.<\/p>\n<p style=\"text-align: justify;\">14:48 AKTUALIZACJA<\/p>\n<p style=\"text-align: justify;\">Na 146 km autostrady A4 przy w\u0119\u017ale Pietrzykowice na jezdni w kierunku Zgorzelca dosz\u0142o do kolizji trzech pojazd\u00f3w: dw\u00f3ch osob\u00f3wek i auta dostawczego. Zablokowany jest lewy pas.<\/p>\n<p style=\"text-align: justify;\">14:36\u00a0<\/p>\n<p style=\"text-align: justify;\">Zako\u0144czy\u0142y si\u0119 utrudnienia mi\u0119dzy w\u0119z\u0142ami Godziesz\u00f3w &#8211; Boles\u0142awiec.<\/p>\n<p style=\"text-align: justify;\">13:00<\/p>\n<p style=\"text-align: justify;\">S\u0142u\u017cby pracowa\u0142y od godzin nocnych, kiedy tu\u017c po 2:00 na 96 km autostrady A4 mi\u0119dzy w\u0119z\u0142ami Legnica Wsch\u00f3d &#8211; Legnickie Pole samoch\u00f3d osobowy uderzy\u0142 w bariery energoch\u0142onne. Na ca\u0142e szcz\u0119\u015bcie nikomu nic si\u0119 nie sta\u0142o. Utrudnienia zako\u0144czy\u0142y si\u0119 o 4:00.<\/p>\n<p style=\"text-align: justify;\">Od godziny 11:25 zacz\u0119\u0142y si\u0119 problemy na 34 km autostrady mi\u0119dzy w\u0119z\u0142ami Godziesz\u00f3w &#8211; Boles\u0142awiec. Na jezdni w kierunku Wroc\u0142awia trwa wyci\u0105ganie cysterny z rowu. Zablokowany jest lewy pas. Jak informuj\u0105 s\u0142u\u017cby, utrudnienia mog\u0105 potrwa\u0107 nawet do 17:30.<\/p>\n<p style=\"text-align: justify;\">Po godzinie 13:00 trudniejsze warunki do jazdy s\u0105 mi\u0119dzy w\u0119z\u0142ami Wroc\u0142aw &#8211; K\u0105ty Wroc\u0142awskie. Du\u017ce nat\u0119\u017cenie ruchu sprawia, \u017ce przejechanie tego odcinka zajmuje wi\u0119cej czasu ni\u017c zazwyczaj.<\/p>\n<p>By\u0142e\u015b \u015bwiadkiem wypadku lub innego zdarzenia na drodze? A mo\u017ce stoisz w korku i chcesz przestrzec innych kierowc\u00f3w? Zadzwo\u0144 na telefon drogowy Radia Wroc\u0142aw: 71 339 33 55.<\/p>\n<p>\u00a0<\/p>\n","protected":false},"excerpt":{"rendered":"Du\u017cy ruch na autostradzie A4 przed w\u0119z\u0142em K\u0105ty Wroc\u0142awskie. fot. Magda Orze\u0142 Ostatnia niedziela wakacji to wzmo\u017cony ruch&hellip;\n","protected":false},"author":2,"featured_media":655833,"comment_status":"","ping_status":"","sticky":false,"template":"","format":"standard","meta":{"footnotes":"","_share_on_mastodon":"0"},"categories":[51607],"tags":[8270,51726,8971,34720,42,38,40,39,41,46630,94227,1853,44413],"class_list":["post-655832","post","type-post","status-publish","format-standard","has-post-thumbnail","category-wroclaw","tag-a4","tag-i","tag-korki","tag-na","tag-pl","tag-poland","tag-polish","tag-polska","tag-polski","tag-powroty","tag-wakacji","tag-wroclaw","tag-z"],"share_on_mastodon":{"url":"https:\/\/pubeurope.com\/@pl\/117184675701289566","error":""},"_links":{"self":[{"href":"https:\/\/www.europesays.com\/pl\/wp-json\/wp\/v2\/posts\/655832","targetHints":{"allow":["GET"]}}],"collection":[{"href":"https:\/\/www.europesays.com\/pl\/wp-json\/wp\/v2\/posts"}],"about":[{"href":"https:\/\/www.europesays.com\/pl\/wp-json\/wp\/v2\/types\/post"}],"author":[{"embeddable":true,"href":"https:\/\/www.europesays.com\/pl\/wp-json\/wp\/v2\/users\/2"}],"replies":[{"embeddable":true,"href":"https:\/\/www.europesays.com\/pl\/wp-json\/wp\/v2\/comments?post=655832"}],"version-history":[{"count":0,"href":"https:\/\/www.europesays.com\/pl\/wp-json\/wp\/v2\/posts\/655832\/revisions"}],"wp:featuredmedia":[{"embeddable":true,"href":"https:\/\/www.europesays.com\/pl\/wp-json\/wp\/v2\/media\/655833"}],"wp:attachment":[{"href":"https:\/\/www.europesays.com\/pl\/wp-json\/wp\/v2\/media?parent=655832"}],"wp:term":[{"taxonomy":"category","embeddable":true,"href":"https:\/\/www.europesays.com\/pl\/wp-json\/wp\/v2\/categories?post=655832"},{"taxonomy":"post_tag","embeddable":true,"href":"https:\/\/www.europesays.com\/pl\/wp-json\/wp\/v2\/tags?post=655832"}],"curies":[{"name":"wp","href":"https:\/\/api.w.org\/{rel}","templated":true}]}}