{"id":655864,"date":"2026-08-30T13:44:16","date_gmt":"2026-08-30T13:44:16","guid":{"rendered":"https:\/\/www.europesays.com\/pl\/655864\/"},"modified":"2026-08-30T13:44:16","modified_gmt":"2026-08-30T13:44:16","slug":"ratownicy-morscy-sar-z-leby-otrzymali-nowoczesna-lodz-ratownicza","status":"publish","type":"post","link":"https:\/\/www.europesays.com\/pl\/655864\/","title":{"rendered":"Ratownicy morscy SAR z \u0141eby otrzymali nowoczesn\u0105 \u0142\u00f3d\u017a ratownicz\u0105"},"content":{"rendered":"<p>Kajetan &#8211; tak nazywa si\u0119 nowoczesna \u0142\u00f3d\u017a ratownicza, kt\u00f3r\u0105 ratownicy morscy SAR z \u0141eby otrzymali od Fundacji ORLEN. W sobot\u0119, 29 sierpnia, w porcie \u0141eba odby\u0142 si\u0119 oficjalny chrzest i przekazanie jednostki.<\/p>\n<p>Kajetan osi\u0105ga pr\u0119dko\u015b\u0107 co najmniej 30 w\u0119z\u0142\u00f3w i zosta\u0142 przygotowany do ca\u0142orocznej s\u0142u\u017cby z trzyosobow\u0105 za\u0142og\u0105. To motor\u00f3wka typu RIB o d\u0142ugo\u015bci 8,2 metra i szeroko\u015bci 2,6 metra. Wyposa\u017cona jest w dwa silniki, ka\u017cdy po 200 koni mechanicznych. \u0141\u00f3d\u017a ma kabin\u0119 przystosowan\u0105 do pracy w ekstremalnych warunkach, miejsce umo\u017cliwiaj\u0105ce transport osoby poszkodowanej na desce ortopedycznej oraz pe\u0142ne wyposa\u017cenie nawigacyjne i \u0142\u0105czno\u015bciowe. \u0141\u0105czny koszt przekazanego sprz\u0119tu to ponad 1,2 mln z\u0142.<\/p>\n<p>Co ciekawe to nie pierwszy tak dar fundacji ORLEN dla Morskiej S\u0142u\u017cby Poszukiwania i Ratownictwa SAR. W 2025 roku fundacja przekaza\u0142a SAR zestaw dwudziestu specjalistycznych kombinezon\u00f3w ochronnych o \u0142\u0105cznej warto\u015bci blisko 140 tys. z\u0142.<\/p>\n<p>&#8211; Na morzu nie da si\u0119 przewidzie\u0107 momentu, w kt\u00f3rym kto\u015b b\u0119dzie potrzebowa\u0142 pomocy, ale mo\u017cna by\u0107 na ten moment przygotowanym &#8211; m\u00f3wi Dariusz Krysiak, prezes Fundacji ORLEN. &#8211; I w\u0142a\u015bnie temu s\u0142u\u017cy ta inwestycja. Chcemy, by ratownicy, kt\u00f3rzy ka\u017cdego dnia bior\u0105 odpowiedzialno\u015b\u0107 za \u017cycie innych, mieli do dyspozycji sprz\u0119t daj\u0105cy im mo\u017cliwo\u015b\u0107 szybkiego i skutecznego dzia\u0142ania.<\/p>\n<p>Prezes Krysiak powiedzia\u0142 r\u00f3wnie\u017c, \u017ce fundacja poprzez swoje dzia\u0142ania odpowiada na konkretne potrzeby lokalnych spo\u0142eczno\u015bci, a przekazanie tej jednostki jest najlepszym przyk\u0142adem takiego dzia\u0142ania.<\/p>\n<p>Warto doda\u0107, \u017ce imi\u0119 \u0142odzi Kajetan to ho\u0142d nie\u017cyj\u0105cemu ju\u017c Kajetanowi Zawadzkiemu, d\u0142ugoletniemu ratownikowi z Brzegowej Stacji Ratowniczej w \u0141ebie. Na uroczysto\u015bci by\u0142a obecna jego rodzina. Matk\u0105 chrzestn\u0105 \u0142odzi ratowniczej zosta\u0142a Sylwia Snopkiewicz, dyrektor wykonawczy ds. sponsoringu w ORLEN. W czasie swojego przem\u00f3wienia przypomnia\u0142a, \u017ce Fundacja ORLEN w ramach programu \u201eORLEN na stra\u017cy\u201d ju\u017c od 25 lat wspomaga wszystkich ludzi, kt\u00f3rzy jako pierwsi pojawiaj\u0105 si\u0119 tam, gdzie potrzebna jest pomoc.<\/p>\n<p>\u2013 Nasz\u0105 rol\u0105 jest stwarza\u0107 ratownikom jak najlepsze warunki do dzia\u0142ania, inwestuj\u0105c w sprz\u0119t i rozwi\u0105zania, kt\u00f3re realnie zwi\u0119kszaj\u0105 ich gotowo\u015b\u0107 i skuteczno\u015b\u0107. Przekazanie nowej jednostki SAR w \u0141ebie jest w\u0142a\u015bnie takim wsparciem \u2013 m\u00f3wi\u0142a w czasie chrztu jednostki Sylwia Snopkiewicz.<\/p>\n<p>Sebastian Kluska, dyrektor Morskiej S\u0142u\u017cby Poszukiwania i Ratownictwa SAR nie ukrywa, \u017ce nowy sprz\u0119t pomo\u017ce s\u0142u\u017cbie w prowadzeniu dzia\u0142a\u0144 ratowniczych na morzu.<\/p>\n<p>&#8211; To innowacyjna \u0142\u00f3d\u017a, kt\u00f3ra moim zdaniem sprosta galopuj\u0105cym potrzebom gospodarki morskiej &#8211; m\u00f3wi\u0142 dyrektor SAR. &#8211; Co roku, jako ratownicy musimy zmaga\u0107 si\u0119 z trudami morza. W 2025 roku mieli\u015bmy na Ba\u0142tyku 428 akcji a w tym roku, do wczoraj by\u0142o ich 398. To pokazuje, \u017ce rozw\u00f3j gospodarki morskiej przynosi wymierne korzy\u015bci dla pa\u0144stwa polskiego, ale te\u017c rosn\u0105ce zagro\u017cenie dla ludzi pracuj\u0105cych na morzu.<\/p>\n<p>Wiadomo, \u017ce w kolejnych latach podobne \u0142odzie trafi\u0105 do stacji sar w Ustce i W\u0142adys\u0142awowie.<\/p>\n<p>Hubert Bierndgarski<\/p>\n<p><a data-showtime-width=\"1200\" data-showtime-height=\"800\" data-showtime-caption=\"&lt;div class=&quot;showtime-renderer-caption-title&quot;&gt;\u201eKajetan\u201d osi\u0105ga pr\u0119dko\u015b\u0107 co najmniej 30 w\u0119z\u0142\u00f3w i zosta\u0142 przygotowany do ca\u0142orocznej s\u0142u\u017cby z trzyosobow\u0105 za\u0142og\u0105. Fot. H. Bierndgarski&lt;\/div&gt;&lt;div class=&quot;showtime-renderer-caption-description&quot;&gt;&lt;\/div&gt;\" href=\"https:\/\/www.portalmorski.pl\/media\/showtime\/storage\/2026\/08\/30\/466\/main\/lodz-sar-1jpg.jpg?1788094732\" title=\"\u201eKajetan\u201d osi\u0105ga pr\u0119dko\u015b\u0107 co najmniej 30 w\u0119z\u0142\u00f3w i zosta\u0142 przygotowany do ca\u0142orocznej s\u0142u\u017cby z trzyosobow\u0105 za\u0142og\u0105. Fot. H. Bierndgarski\" itemprop=\"contentUrl\" rel=\"nofollow noopener\" target=\"_blank\"><br \/>\n<img decoding=\"async\" loading=\"lazy\" width=\"300\" height=\"300\" src=\"https:\/\/www.europesays.com\/pl\/wp-content\/uploads\/2026\/08\/lodz-sar-1jpg.jpg\" alt=\"lodz sar 1jpg\" itemprop=\"thumbnail\"\/><br \/>\n<\/a><\/p>\n<p><a data-showtime-width=\"1200\" data-showtime-height=\"800\" data-showtime-caption=\"&lt;div class=&quot;showtime-renderer-caption-title&quot;&gt;\u201eKajetan\u201d osi\u0105ga pr\u0119dko\u015b\u0107 co najmniej 30 w\u0119z\u0142\u00f3w i zosta\u0142 przygotowany do ca\u0142orocznej s\u0142u\u017cby z trzyosobow\u0105 za\u0142og\u0105. Fot. H. Bierndgarski&lt;\/div&gt;&lt;div class=&quot;showtime-renderer-caption-description&quot;&gt;&lt;\/div&gt;\" href=\"https:\/\/www.portalmorski.pl\/media\/showtime\/storage\/2026\/08\/30\/466\/main\/lodz-sar-2.jpg?1788094732\" title=\"\u201eKajetan\u201d osi\u0105ga pr\u0119dko\u015b\u0107 co najmniej 30 w\u0119z\u0142\u00f3w i zosta\u0142 przygotowany do ca\u0142orocznej s\u0142u\u017cby z trzyosobow\u0105 za\u0142og\u0105. Fot. H. Bierndgarski\" itemprop=\"contentUrl\" rel=\"nofollow noopener\" target=\"_blank\"><br \/>\n<img decoding=\"async\" loading=\"lazy\" width=\"300\" height=\"300\" src=\"https:\/\/www.europesays.com\/pl\/wp-content\/uploads\/2026\/08\/lodz-sar-2.jpg\" alt=\"lodz sar 2\" itemprop=\"thumbnail\"\/><br \/>\n<\/a><\/p>\n","protected":false},"excerpt":{"rendered":"Kajetan &#8211; tak nazywa si\u0119 nowoczesna \u0142\u00f3d\u017a ratownicza, kt\u00f3r\u0105 ratownicy morscy SAR z \u0141eby otrzymali od Fundacji ORLEN.&hellip;\n","protected":false},"author":2,"featured_media":655865,"comment_status":"","ping_status":"","sticky":false,"template":"","format":"standard","meta":{"footnotes":"","_share_on_mastodon":"0"},"categories":[52097],"tags":[774,42,38,40,39,41],"class_list":["post-655864","post","type-post","status-publish","format-standard","has-post-thumbnail","category-orlen","tag-orlen","tag-pl","tag-poland","tag-polish","tag-polska","tag-polski"],"share_on_mastodon":{"url":"https:\/\/pubeurope.com\/@pl\/117184761962369473","error":""},"_links":{"self":[{"href":"https:\/\/www.europesays.com\/pl\/wp-json\/wp\/v2\/posts\/655864","targetHints":{"allow":["GET"]}}],"collection":[{"href":"https:\/\/www.europesays.com\/pl\/wp-json\/wp\/v2\/posts"}],"about":[{"href":"https:\/\/www.europesays.com\/pl\/wp-json\/wp\/v2\/types\/post"}],"author":[{"embeddable":true,"href":"https:\/\/www.europesays.com\/pl\/wp-json\/wp\/v2\/users\/2"}],"replies":[{"embeddable":true,"href":"https:\/\/www.europesays.com\/pl\/wp-json\/wp\/v2\/comments?post=655864"}],"version-history":[{"count":0,"href":"https:\/\/www.europesays.com\/pl\/wp-json\/wp\/v2\/posts\/655864\/revisions"}],"wp:featuredmedia":[{"embeddable":true,"href":"https:\/\/www.europesays.com\/pl\/wp-json\/wp\/v2\/media\/655865"}],"wp:attachment":[{"href":"https:\/\/www.europesays.com\/pl\/wp-json\/wp\/v2\/media?parent=655864"}],"wp:term":[{"taxonomy":"category","embeddable":true,"href":"https:\/\/www.europesays.com\/pl\/wp-json\/wp\/v2\/categories?post=655864"},{"taxonomy":"post_tag","embeddable":true,"href":"https:\/\/www.europesays.com\/pl\/wp-json\/wp\/v2\/tags?post=655864"}],"curies":[{"name":"wp","href":"https:\/\/api.w.org\/{rel}","templated":true}]}}