{"id":655898,"date":"2026-08-30T14:02:10","date_gmt":"2026-08-30T14:02:10","guid":{"rendered":"https:\/\/www.europesays.com\/pl\/655898\/"},"modified":"2026-08-30T14:02:10","modified_gmt":"2026-08-30T14:02:10","slug":"kim-dzong-un-zmienia-ministra-obrony-korei-polnocnej-cel-modernizacja-armii","status":"publish","type":"post","link":"https:\/\/www.europesays.com\/pl\/655898\/","title":{"rendered":"Kim Dzong Un zmienia ministra obrony Korei P\u00f3\u0142nocnej. Cel: modernizacja armii"},"content":{"rendered":"<p>W komunikacie przekazano, \u017ce na sobotnim posiedzeniu Centralnej Komisji Wojskowej (CKW) rz\u0105dz\u0105cej w kraju Partii Pracy Korei &#8222;om\u00f3wiono plany reorganizacji strukturalnej w celu poprawy i rozwoju przysz\u0142ych og\u00f3lnych spraw obronnych&#8221;. Podkre\u015blono, \u017ce od nowych dow\u00f3dc\u00f3w wymaga si\u0119, by &#8222;mocno uzbroili si\u0119 w partyjn\u0105 ideologi\u0119&#8221;.<\/p>\n<p>Dalszy ci\u0105g artyku\u0142u pod materia\u0142em wideo<\/p>\n<p>Dotychczasowy dyrektor G\u0142\u00f3wnego Biura Politycznego armii p\u00f3\u0142nocnokorea\u0144skiej Kim Song Gi zast\u0105pi\u0142 na stanowisku ministra obrony No Kwang Czola, kt\u00f3ry zosta\u0142 mianowany pierwszym wicedyrektorem w Departamencie Przemys\u0142u Zbrojeniowego.<\/p>\n<p>W ramach zmian do \u015bcis\u0142ego kierownictwa powr\u00f3ci\u0142 Pak Dzong Czon. Ponownie obj\u0105\u0142 on stanowisko wiceprzewodnicz\u0105cego CKW, po wyborze na cz\u0142onka Biura Politycznego oraz Komitetu Centralnego partii.<\/p>\n<p>Korea P\u00f3\u0142nocna chce rozwija\u0107 si\u0142y zbrojne<\/p>\n<p>Jak oceni\u0142a po\u0142udniowokorea\u0144ska agencja Yonhap, obecne roszady wpisuj\u0105 si\u0119 w d\u0105\u017cenia Pjongjangu do modernizacji si\u0142 zbrojnych oraz zacie\u015bniania dyscypliny wojskowej.<\/p>\n<p>Kyodo przytoczy\u0142a z kolei spekulacje medi\u00f3w w Korei P\u0142d., \u017ce odwo\u0142anie poprzedniego ministra obrony mog\u0142o wynika\u0107 z nag\u0142o\u015bnionej w lipcu afery korupcyjnej z udzia\u0142em by\u0142ego wicedyrektora G\u0142\u00f3wnego Biura Politycznego. Jednak przeniesienie No Kwang Czola do kluczowego sektora produkuj\u0105cego amunicj\u0119 mo\u017ce przeczy\u0107 tezom, \u017ce ca\u0142kowicie popad\u0142 w nie\u0142ask\u0119 i zosta\u0142 ukarany.<\/p>\n<p>Ukraina uderza w m\u00f3zg armii Rosji. Atak wytr\u0105ca asa z r\u0105k Putina. &#8222;Nasze sankcje&#8221;<img class=\"ods-a-photo ods-a-photo--background\" src=\"https:\/\/www.europesays.com\/pl\/wp-content\/uploads\/2026\/08\/1788098530_366_TuFk9lBaHR0cHM6Ly9vY2RuLmV1L3B1bHNjbXMvTURBXy8zOGYyYTJjNDY5MGY0ZjQ3ZTZmZGQ1MzdmYTc1M2U4YS5wbmeRlQLNA.jpeg\" height=\"246\" width=\"450\" alt=\"W\u0142adimir Putin i atak na Centrum Rakietowo-Kosmiczne Progres w Samarze\" loading=\"lazy\" fetchpriority=\"low\" decoding=\"async\"\/><\/p>\n<p>W odr\u0119bnej depeszy KCNA poinformowa\u0142a o odznaczeniu przez Kima naukowc\u00f3w pracuj\u0105cych nad systemami bojowymi. Przyw\u00f3dca nazwa\u0142 badaczy &#8222;najwi\u0119kszymi patriotami i bohaterami&#8221;, a innowacyjne osi\u0105gni\u0119cia naukowo-techniczne uzna\u0142 za &#8222;wielk\u0105 rewolucj\u0119&#8221;, otwieraj\u0105c\u0105 perspektyw\u0119 radykalnego unowocze\u015bnienia krajowego uzbrojenia. KCNA nie ujawni\u0142a, o jakie technologie i systemy chodzi.<\/p>\n","protected":false},"excerpt":{"rendered":"W komunikacie przekazano, \u017ce na sobotnim posiedzeniu Centralnej Komisji Wojskowej (CKW) rz\u0105dz\u0105cej w kraju Partii Pracy Korei &#8222;om\u00f3wiono&hellip;\n","protected":false},"author":2,"featured_media":655899,"comment_status":"","ping_status":"","sticky":false,"template":"","format":"standard","meta":{"footnotes":"","_share_on_mastodon":"0"},"categories":[14],"tags":[7613,61195,32,33,127906,27,2015,2014,34,35,28,31,48,25,46,40,41,47,80,29,30,26,82,83,84],"class_list":["post-655898","post","type-post","status-publish","format-standard","has-post-thumbnail","category-swiat","tag-azja","tag-bottomfeed_styl","tag-breaking-news","tag-breakingnews","tag-dyktator","tag-headlines","tag-kim_dzong_un","tag-korea_polnocna","tag-latest-news","tag-latestnews","tag-naglowki","tag-najwazniejsze-artykuly","tag-nat_styl","tag-news","tag-omp","tag-polish","tag-polski","tag-screening_general","tag-swiat","tag-top-stories","tag-topstories","tag-wiadomosci","tag-world","tag-world-news","tag-worldnews"],"share_on_mastodon":{"url":"https:\/\/pubeurope.com\/@pl\/117184833923293510","error":""},"_links":{"self":[{"href":"https:\/\/www.europesays.com\/pl\/wp-json\/wp\/v2\/posts\/655898","targetHints":{"allow":["GET"]}}],"collection":[{"href":"https:\/\/www.europesays.com\/pl\/wp-json\/wp\/v2\/posts"}],"about":[{"href":"https:\/\/www.europesays.com\/pl\/wp-json\/wp\/v2\/types\/post"}],"author":[{"embeddable":true,"href":"https:\/\/www.europesays.com\/pl\/wp-json\/wp\/v2\/users\/2"}],"replies":[{"embeddable":true,"href":"https:\/\/www.europesays.com\/pl\/wp-json\/wp\/v2\/comments?post=655898"}],"version-history":[{"count":0,"href":"https:\/\/www.europesays.com\/pl\/wp-json\/wp\/v2\/posts\/655898\/revisions"}],"wp:featuredmedia":[{"embeddable":true,"href":"https:\/\/www.europesays.com\/pl\/wp-json\/wp\/v2\/media\/655899"}],"wp:attachment":[{"href":"https:\/\/www.europesays.com\/pl\/wp-json\/wp\/v2\/media?parent=655898"}],"wp:term":[{"taxonomy":"category","embeddable":true,"href":"https:\/\/www.europesays.com\/pl\/wp-json\/wp\/v2\/categories?post=655898"},{"taxonomy":"post_tag","embeddable":true,"href":"https:\/\/www.europesays.com\/pl\/wp-json\/wp\/v2\/tags?post=655898"}],"curies":[{"name":"wp","href":"https:\/\/api.w.org\/{rel}","templated":true}]}}