{"id":655906,"date":"2026-08-30T14:06:12","date_gmt":"2026-08-30T14:06:12","guid":{"rendered":"https:\/\/www.europesays.com\/pl\/655906\/"},"modified":"2026-08-30T14:06:12","modified_gmt":"2026-08-30T14:06:12","slug":"5-roznic-miedzy-przyszloscia-na-campusie-i-w-juracie","status":"publish","type":"post","link":"https:\/\/www.europesays.com\/pl\/655906\/","title":{"rendered":"5 r\u00f3\u017cnic mi\u0119dzy &#8222;przysz\u0142o\u015bci\u0105&#8221; na Campusie i w Juracie"},"content":{"rendered":"<p data-v-01d4021f=\"\">Rz\u0105dowa koalicja i Pa\u0142ac Prezydencki zorganizowali w podobnym terminie spotkanie z m\u0142odzie\u017c\u0105. Obydwie strony nazwa\u0142y m\u0142odych &#8222;przysz\u0142o\u015bci\u0105&#8221;. S\u0142owo to, patrz\u0105c na przebieg spotka\u0144 w Olsztynie i oddalonej o ok. 250 km Juracie, najwyra\u017aniej oznacza jednak co innego dla Donalda Tuska czy W\u0142odzimierza Czarzastego i co innego dla prezydenta Karola Nawrockiego.\n<\/p>\n<p>1. M\u0142odzie\u017c dobra vs. z\u0142a<\/p>\n<p data-v-01d4021f=\"\">Karol Nawrocki, kt\u00f3ry pierwszy raz spotka\u0142 si\u0119 z m\u0142odymi lud\u017ami w takiej formule, postanowi\u0142 skupi\u0107 si\u0119 skupi\u0107 bardziej \u00a0na wyja\u015bnieniu swojego sposobu my\u015blenia, cho\u0107by na temat &#8222;przysz\u0142o\u015bci&#8221;, pod szyldem kt\u00f3rej zorganizowa\u0142 imprez\u0119. T\u0142umaczy\u0142, \u017ce przysz\u0142o\u015b\u0107 jest nieprzewidywalna. W tym kontek\u015bcie m\u00f3wi\u0142 te\u017c o k\u0142amstwach w polityce.\u00a0\u00a0<\/p>\n<p data-v-01d4021f=\"\">Nie mam tego komfortu jak wielu innych polityk\u00f3w, cho\u0107 dzisiejsze wydarzenie nie jest polityczne, \u017cebym m\u00f3g\u0142 was wprost ok\u0142amywa\u0107 i dzieli\u0107 si\u0119 k\u0142amstwami na temat tego, jaka b\u0119dzie przysz\u0142o\u015b\u0107<\/p>\n<p data-v-01d4021f=\"\">&#8211; stwierdzi\u0142 prezydent.\u00a0<\/p>\n<p data-v-01d4021f=\"\">W polityce niestety bardzo cz\u0119sto si\u0119 to zdarza<\/p>\n<p data-v-01d4021f=\"\">&#8211; doda\u0142, nie przypisuj\u0105c przy tym sk\u0142onno\u015bci do k\u0142amstw \u017cadnej ze stron sceny politycznej.\u00a0<\/p>\n<p data-v-01d4021f=\"\">Donald Tusk ma inny pomys\u0142 na opowiadanie o &#8222;przysz\u0142o\u015bci&#8221;, r\u00f3wnie\u017c umieszczon\u0105 w ha\u015ble jego spotkania z m\u0142odzie\u017c\u0105. Przede wszystkim premier nie mia\u0142 opor\u00f3w, by oddzieli\u0107 &#8222;dobr\u0105&#8221; m\u0142odzie\u017c od tej &#8222;z\u0142ej&#8221; i przeciwstawi\u0107 jedn\u0105 drugiej.\u00a0<\/p>\n<p data-v-01d4021f=\"\">Po tamtej stronie m\u0142odzi ju\u017c bior\u0105 odpowiedzialno\u015b\u0107. Nie pozw\u00f3lcie na to, by m\u0142odo\u015b\u0107 w polskiej i europejskiej polityce oznacza\u0142a prawicow\u0105 skrajno\u015b\u0107, kt\u00f3ra doprowadzi nasz kraj i ca\u0142\u0105 Europ\u0119 do nieszcz\u0119\u015bcia<\/p>\n<p data-v-01d4021f=\"\">&#8211; apelowa\u0142 Donald Tusk. Mo\u017cna by przy tym zapyta\u0107 o definicj\u0119 skrajnie prawicowej m\u0142odzie\u017cy. Ta akurat jest prosta, bo m\u00f3wi\u0105c w skr\u00f3cie, do takiej nale\u017cy ka\u017cdy, kto nie popiera obecnego rz\u0105du.<\/p>\n<p data-v-01d4021f=\"\">Wt\u00f3rowa\u0142 mu W\u0142odzimierz Czarzasty, kt\u00f3ry nawo\u0142ywa\u0142 jakby mia\u0142 zaraz poprowadzi\u0107 natarcie na wrogi bastion.\u00a0<\/p>\n<p data-v-01d4021f=\"\">Obud\u017acie si\u0119! Podnie\u015bcie g\u0142owy!<\/p>\n<p data-v-01d4021f=\"\">&#8211; wzywa\u0142 Marsza\u0142ek Sejmu.\u00a0<\/p>\n<p>2. Nie ma przysz\u0142o\u015bci bez Was i&#8230; sporu<\/p>\n<p data-v-01d4021f=\"\">Karol Nawrocki ogranicza\u0142 si\u0119 do stwierdzenia, \u017ce nie ma przysz\u0142o\u015bci dla Polski bez m\u0142odych ludzi.\u00a0<\/p>\n<p data-v-01d4021f=\"\">Donald Tusk wychodzi\u0142 od podobnych za\u0142o\u017ce\u0144, ale nie poprzestawa\u0142 na nich. Opowiada\u0142 o wzbieraj\u0105cej &#8222;brunatnej fali&#8221; i potrzebie sporu.\u00a0<\/p>\n<p data-v-01d4021f=\"\">Patrz\u0105c, co dzieje si\u0119 w partiach skrajnie prawicowych i Pa\u0142acu. Potrzeba fundamentalnego sporu tego, co jest dobre przeciwko temu, co jest z\u0142e, jest jeszcze wi\u0119ksza ni\u017c trzy lata temu<\/p>\n<p data-v-01d4021f=\"\">&#8211; przekonywa\u0142.\u00a0<\/p>\n<p>3. \u00a0Czym jest w\u0142adza?\u00a0<\/p>\n<p data-v-01d4021f=\"\">Prezydent Nawrocki m\u00f3wi\u0142 swojej prezydenturze i spos\u00f3b sprawowania przypisanej mu w\u0142adzy:\u00a0<\/p>\n<p data-v-01d4021f=\"\">Ja nie zostawa\u0142em prezydentem Polski po to, aby by\u0107 notariuszem jakiegokolwiek rz\u0105du<\/p>\n<p data-v-01d4021f=\"\">-t\u0142umaczy\u0142 i natychmiast doda\u0142.\u00a0<\/p>\n<p data-v-01d4021f=\"\">Tego dzisiejszego czy tego, kt\u00f3ry mo\u017ce przyjdzie po nim.<\/p>\n<p data-v-01d4021f=\"\">Wyja\u015bnia\u0142 przy tym, jak m\u0142odzi ludzie powinni kszta\u0142towa\u0107 w\u0142asn\u0105 si\u0142\u0119. \u00a0<\/p>\n<p data-v-01d4021f=\"\">Ja jako przedstawiciel \u015bredniego pokolenia jestem odpowiedzialny za to, aby budowa\u0107 przysz\u0142o\u015b\u0107 Polski z mocno s\u0142yszalnym g\u0142osem m\u0142odzie\u017cy, z szacunkiem do tych, od kt\u00f3rych mo\u017cemy si\u0119 uczy\u0107. Tylko po\u0142\u0105czenie pokole\u0144 daje nam si\u0142\u0119, rozw\u00f3j i \u015bwiadomo\u015b\u0107, \u017ce idziemy do przysz\u0142o\u015bci<\/p>\n<p data-v-01d4021f=\"\">-zaznacza\u0142 prezydent.\u00a0<\/p>\n<p data-v-01d4021f=\"\">Z kolei Donald Tusk zapewnia\u0142 m\u0142odzie\u017c, \u017ce nigdy &#8222;nie zgodzi z tym, \u017ce w polityce rz\u0105dzi wy\u0142\u0105cznie si\u0142a, skuteczno\u015b\u0107 i cwaniactwo&#8221;. Jednak w innym miejscu rozmowy z zebranymi odpowiada\u0142 na pytanie, dlaczego nie odda\u0142 w\u0142adzy komu\u015b lepszemu w swoim obozie politycznym.\u00a0<\/p>\n<p data-v-01d4021f=\"\">Tylko zrozumcie mnie dobrze. Jakby by\u0142 kto\u015b lepszy, to by t\u0119 w\u0142adz\u0119 wzi\u0105\u0142<\/p>\n<p data-v-01d4021f=\"\">-stwierdzi\u0142 z porozumiewawczym u\u015bmiechem.<\/p>\n<p>4. Tak macie my\u015ble\u0107!<\/p>\n<p data-v-01d4021f=\"\">W Juracie Karol Nawrocki nie narzuca\u0142 swojego punktu widzenia jako jedynie s\u0142usznego. Jako dykteryjk\u0119 podaje si\u0119 nawet reakcj\u0119 prezydenta, gdy ten za bardzo na sobie skupi\u0142 uwag\u0119 m\u0142odych ludzi podczas wyk\u0142adu zaproszonego Przemys\u0142awa Babiarza. Nawrocki poprosi\u0142 ze \u015bmiechem m\u0142odych ludzi, by skupili si\u0119 na prelegencie, nie na nim, bo Babiarz si\u0119 &#8222;na niego obrazi&#8221;. \u00a0\u00a0<\/p>\n<p data-v-01d4021f=\"\">Inny ton mo\u017cna by\u0142o us\u0142ysze\u0107 ze sceny na Campusie.\u00a0<\/p>\n<p data-v-01d4021f=\"\">Tu znowu Czarzasty mia\u0142 sw\u00f3j show, staraj\u0105c si\u0119 przyci\u0105gn\u0105\u0107 uwag\u0119 widz\u00f3w. \u00a0<\/p>\n<p data-v-01d4021f=\"\">Dajemy si\u0119 \u0142apa\u0107 na najprostsze k\u0142amstwa. Nie weryfikujemy my\u015blowo idiotyzm\u00f3w prawicy. Po prostu nie my\u015blimy o tym. Nie oceniamy<\/p>\n<p data-v-01d4021f=\"\">&#8211; m\u00f3wi\u0142 marsza\u0142ek Sejmu, sugeruj\u0105c m\u0142odym ludziom, jak maj\u0105 my\u015ble\u0107. Ci\u0119\u017cko mu si\u0119 dziwi\u0107, to pewnie nawyk jeszcze z czas\u00f3w, gdy jako m\u0142ody cz\u0142owiek dzia\u0142a\u0142 w Socjalistycznym Zwi\u0105zku Student\u00f3w Polskich, a potem w Polskiej Zjednoczonej Partii Robotniczej.\u00a0<\/p>\n<p>5. Przysz\u0142o\u015b\u0107 na scenie<\/p>\n<p data-v-01d4021f=\"\">Wreszcie sprawa najmniej wa\u017cna, ale przyci\u0105gaj\u0105ca cz\u0119sto najwi\u0119cej uwagi. Ka\u017cda z imprez mia\u0142a swoj\u0105 gwiazd\u0119 na scenie. W Juracie \u015bpiewa\u0142 Skolim, w Olsztynie Mery Spolsky. Gust\u00f3w si\u0119 nie ocenia, wi\u0119c nie ma co pochyla\u0107 si\u0119 nad zwyk\u0142\u0105 zabaw\u0105.<\/p>\n<p data-v-01d4021f=\"\">Z drugiej strony podobnej oceny nie uda\u0142o si\u0119 znowu unikn\u0105\u0107 marsza\u0142kowi Czarzastemu, kt\u00f3ry ze sceny komentowa\u0142 tw\u00f3rczo\u015b\u0107 zaproszonego do Juraty wokalisty. S\u0142ysz\u0105c, \u017ce wreszcie z\u0142apa\u0142 kontakt z publiczno\u015bci\u0105 skandowa\u0142: &#8222;Por\u0105bane, Por\u0105bane!&#8221;.<\/p>\n<p data-v-01d4021f=\"\">Nie wiadomo, czy marsza\u0142ek Sejmu zd\u0105\u017cy\u0142 zobaczy\u0107 wyst\u0119p artystki na Campusie, kt\u00f3ra ubrana na bia\u0142o-czerwono powtarza\u0142a tak\u017ce z zapa\u0142em &#8222;Jestem s*k\u0105&#8221;. Mo\u017ce wtedy zrozumia\u0142by lepiej has\u0142o &#8222;por\u0105bane&#8221;.<\/p>\n<p data-v-01d4021f=\"\">sc\/wPolityce.pl<\/p>\n<p data-v-01d4021f=\"\">\u00a0<\/p>\n","protected":false},"excerpt":{"rendered":"Rz\u0105dowa koalicja i Pa\u0142ac Prezydencki zorganizowali w podobnym terminie spotkanie z m\u0142odzie\u017c\u0105. Obydwie strony nazwa\u0142y m\u0142odych &#8222;przysz\u0142o\u015bci\u0105&#8221;. S\u0142owo&hellip;\n","protected":false},"author":2,"featured_media":655907,"comment_status":"","ping_status":"","sticky":false,"template":"","format":"standard","meta":{"footnotes":"","_share_on_mastodon":"0"},"categories":[62712],"tags":[121116,690,88380,127822,13347,72917,907,99789,4362,2462,1005,380,423,231,127821,123474,3654],"class_list":["post-655906","post","type-post","status-publish","format-standard","has-post-thumbnail","category-karol-nawrocki","tag-analizy-polityczne","tag-karol-nawrocki","tag-komentarze-polityczne","tag-kulisy-polityki","tag-opozycja","tag-partie-polityczne","tag-polityka","tag-polityka-krajowa","tag-polityka-zagraniczna","tag-polska-polityka","tag-prezydent","tag-rzad","tag-sejm","tag-sondaze","tag-wiadomosci-polityczne","tag-wpolityce-pl","tag-wybory"],"share_on_mastodon":{"url":"https:\/\/pubeurope.com\/@pl\/117184848525608331","error":""},"_links":{"self":[{"href":"https:\/\/www.europesays.com\/pl\/wp-json\/wp\/v2\/posts\/655906","targetHints":{"allow":["GET"]}}],"collection":[{"href":"https:\/\/www.europesays.com\/pl\/wp-json\/wp\/v2\/posts"}],"about":[{"href":"https:\/\/www.europesays.com\/pl\/wp-json\/wp\/v2\/types\/post"}],"author":[{"embeddable":true,"href":"https:\/\/www.europesays.com\/pl\/wp-json\/wp\/v2\/users\/2"}],"replies":[{"embeddable":true,"href":"https:\/\/www.europesays.com\/pl\/wp-json\/wp\/v2\/comments?post=655906"}],"version-history":[{"count":0,"href":"https:\/\/www.europesays.com\/pl\/wp-json\/wp\/v2\/posts\/655906\/revisions"}],"wp:featuredmedia":[{"embeddable":true,"href":"https:\/\/www.europesays.com\/pl\/wp-json\/wp\/v2\/media\/655907"}],"wp:attachment":[{"href":"https:\/\/www.europesays.com\/pl\/wp-json\/wp\/v2\/media?parent=655906"}],"wp:term":[{"taxonomy":"category","embeddable":true,"href":"https:\/\/www.europesays.com\/pl\/wp-json\/wp\/v2\/categories?post=655906"},{"taxonomy":"post_tag","embeddable":true,"href":"https:\/\/www.europesays.com\/pl\/wp-json\/wp\/v2\/tags?post=655906"}],"curies":[{"name":"wp","href":"https:\/\/api.w.org\/{rel}","templated":true}]}}