{"id":655908,"date":"2026-08-30T14:11:39","date_gmt":"2026-08-30T14:11:39","guid":{"rendered":"https:\/\/www.europesays.com\/pl\/655908\/"},"modified":"2026-08-30T14:11:39","modified_gmt":"2026-08-30T14:11:39","slug":"orlen-wisla-plock-z-superpucharem-polski","status":"publish","type":"post","link":"https:\/\/www.europesays.com\/pl\/655908\/","title":{"rendered":"ORLEN Wis\u0142a P\u0142ock z Superpucharem Polski!"},"content":{"rendered":"<p>Po zako\u0144czonej remisem 13:13 pierwszej po\u0142owie \u017cadna z dru\u017cyn nie by\u0142a bli\u017cej zdobycia trofeum. Spotkanie nieco lepiej zacz\u0119li P\u0142occzanie, w\u015br\u00f3d kt\u00f3rych pocz\u0105tkowo wyr\u00f3\u017cnia\u0142 si\u0119 bramkarz Mirko Alilovi\u0107. Mistrzowie Polski d\u0142ugo nie mogli pokona\u0107 Chorwata, ale kiedy po pi\u0119ciu minutach gry prze\u0142amali niemoc to oni zacz\u0119li nadawa\u0107 ton grze.<\/p>\n<p>\u00a0<\/p>\n<p>ZOBACZ TAK\u017bE:\u00a0<a href=\"https:\/\/www.polsatsport.pl\/film\/natalia-pankowska-wszystko-smakuje-inaczej-kiedy-sie-walczy-a-nie-tylko-uzupelnia-sklad\/\" target=\"_blank\" rel=\"noopener noreferrer nofollow\">&#8222;Wszystko smakuje inaczej, kiedy si\u0119 walczy, a nie tylko uzupe\u0142nia sk\u0142ad&#8221;<\/a><\/p>\n<p>\u00a0<\/p>\n<p>Po stronie Industrii skuteczni byli S\u0142oweniec Aleks Vlah, Francuz Dylan Nahi i Bia\u0142orusin Arciom Karalek, jednak na ka\u017cde ich trafienie golem odpowiadali podopieczni trenera Xaviera Sabate. W Orlen Wi\u015ble w ataku dobrze dysponowany by\u0142 przede wszystkim s\u0142owe\u0144ski rozgrywaj\u0105cy Mitja Janc, kt\u00f3ry cz\u0119sto znajdowa\u0142 spos\u00f3b na wybranego na najlepszego zawodnika (MVP) meczu nowego bramkarza kieleckiej ekipy Serba Dejana Milosavljeva.<\/p>\n<p>\u00a0<\/p>\n<p>Obraz gry nie zmieni\u0142 si\u0119 po przerwie i d\u0142ugo najcz\u0119stszym wynikiem by\u0142 remis lub jednobramkowe prowadzenie jednej z dru\u017cyn. Z czasem jednak lepiej spisywali si\u0119 \u201eNafciarze\u201d, kt\u00f3rzy dysponowali szersz\u0105 kadr\u0105. Dobr\u0105 zmian\u0119 da\u0142 Rosjanin Siergiej Kosorotow, po kt\u00f3rego dw\u00f3ch trafieniach z rz\u0119du P\u0142occzanie prowadzili 21:19. Skuteczny by\u0142 te\u017c Du\u0144czyk Frederik Bjerre, po kt\u00f3rego bramkach Orlen Wis\u0142a na 10 minut przed ko\u0144cem wygrywa\u0142a 24:21.<\/p>\n<p>\u00a0<\/p>\n<p>Z kolei podopieczni trenera Krzysztof Lijewskiego nie ko\u0144czyli atak\u00f3w, w czym du\u017cy udzia\u0142 mia\u0142 s\u0142owe\u0144ski bramkarz rywali Miljan Vujovi\u0107. W ko\u0144c\u00f3wce prowadz\u0105cy czterema bramkami (27:23) zesp\u00f3\u0142 z P\u0142ocka nie forsowa\u0142 ju\u017c tempa, a wyra\u017anie opadaj\u0105cych z si\u0142 obro\u0144c\u00f3w trofeum nie by\u0142o sta\u0107 na odwr\u00f3cenie los\u00f3w spotkania.<\/p>\n<p>\u00a0<\/p>\n<p><img decoding=\"async\" src=\"https:\/\/www.europesays.com\/pl\/wp-content\/uploads\/2026\/08\/nz7cj9u4459f2kkfxuaaefn39bihdgc9.jpg\" alt=\"\" itemprop=\"contentUrl\" style=\"position:absolute; width: 100%; max-height: 100%;\"\/>Twoja przegl\u0105darka nie wspiera odtwarzacza wideo&#8230;<\/p>\n<p>\u00a0<\/p>\n<p>&#8211; Super jest zacz\u0105\u0107 sezon od trofeum i to na pewno b\u0119dzie buduj\u0105ce &#8211; powiedzia\u0142 w rozmowie z Iwon\u0105 Nied\u017awied\u017a z Polsatu Sport Dawid Dawydzik, szczypiornista ORLEN Wis\u0142y.<\/p>\n<p>\u00a0<\/p>\n<p><img decoding=\"async\" src=\"https:\/\/www.europesays.com\/pl\/wp-content\/uploads\/2026\/08\/tbx3yi2jp654p8ezgyxtoacttkqi86ks.jpg\" alt=\"\" itemprop=\"contentUrl\" style=\"position:absolute; width: 100%; max-height: 100%;\"\/>Twoja przegl\u0105darka nie wspiera odtwarzacza wideo&#8230;<\/p>\n<p>\u00a0<\/p>\n<p>We wcze\u015bniejszym meczu kobiet Superpuchar po raz pierwszy wywalczy\u0142 zesp\u00f3\u0142 PGE MKS El-Volt Lublin. Wicemistrzynie kraju zwyci\u0119\u017cy\u0142y w serii rzut\u00f3w karnych broni\u0105ce trofeum KGHM Zag\u0142\u0119bie Lubin 5-4. Po 60 minutach gry by\u0142 remis 26:26.<\/p>\n<p>\u00a0<\/p>\n<p>Industria Kielce &#8211; Orlen Wis\u0142a P\u0142ock 24:27 (13:13).<\/p>\n<p>\u00a0<\/p>\n<p>Industria Kielce: Dejan Milosavljev \u2013 Julien Bos 1, Piotr J\u0119draszczyk 2, Aleks Vlah 5, Benoit Kounkoud 1, Arciom Karalek 6, Dylan Nahi 5, Faruk Yusuf 1, Piotr Jarosiewicz 2, Kiry\u0142 Rabczy\u0144ski 1, Theo Monar, Luka Lovre Klarica, Marcel Latosi\u0144ski.<\/p>\n<p>\u00a0<\/p>\n<p>Orlen Wis\u0142a P\u0142ock: Mirko Alilovic, Miljan Vujovi\u0107 &#8211; Zoran Ili\u0107 1, Miha Zarabec, Sergei Kosorotov 5, Micha\u0142 Daszek 3, Dawid Dawydzik 1, Lovro Mihi\u0107 1, Gergo Fazekas 2, Frederik Bjerre 6, Mitja Janc 4, Oriol Rey Morales, Zoltan Szita 1, Melvyn Richardson 2, Leon Susnja 1, Przemys\u0142aw Krajewski.<\/p>\n<p>BS, PAP<\/p>\n<p><a class=\"news__read-more-button\" href=\"https:\/\/www.polsatsport.pl\/\" rel=\"nofollow noopener\" target=\"_blank\">Przejd\u017a na Polsatsport.pl<\/a><\/p>\n","protected":false},"excerpt":{"rendered":"Po zako\u0144czonej remisem 13:13 pierwszej po\u0142owie \u017cadna z dru\u017cyn nie by\u0142a bli\u017cej zdobycia trofeum. Spotkanie nieco lepiej zacz\u0119li&hellip;\n","protected":false},"author":2,"featured_media":655909,"comment_status":"","ping_status":"","sticky":false,"template":"","format":"standard","meta":{"footnotes":"","_share_on_mastodon":"0"},"categories":[52097],"tags":[774,42,38,40,39,41],"class_list":["post-655908","post","type-post","status-publish","format-standard","has-post-thumbnail","category-orlen","tag-orlen","tag-pl","tag-poland","tag-polish","tag-polska","tag-polski"],"share_on_mastodon":{"url":"https:\/\/pubeurope.com\/@pl\/117184869076464523","error":""},"_links":{"self":[{"href":"https:\/\/www.europesays.com\/pl\/wp-json\/wp\/v2\/posts\/655908","targetHints":{"allow":["GET"]}}],"collection":[{"href":"https:\/\/www.europesays.com\/pl\/wp-json\/wp\/v2\/posts"}],"about":[{"href":"https:\/\/www.europesays.com\/pl\/wp-json\/wp\/v2\/types\/post"}],"author":[{"embeddable":true,"href":"https:\/\/www.europesays.com\/pl\/wp-json\/wp\/v2\/users\/2"}],"replies":[{"embeddable":true,"href":"https:\/\/www.europesays.com\/pl\/wp-json\/wp\/v2\/comments?post=655908"}],"version-history":[{"count":0,"href":"https:\/\/www.europesays.com\/pl\/wp-json\/wp\/v2\/posts\/655908\/revisions"}],"wp:featuredmedia":[{"embeddable":true,"href":"https:\/\/www.europesays.com\/pl\/wp-json\/wp\/v2\/media\/655909"}],"wp:attachment":[{"href":"https:\/\/www.europesays.com\/pl\/wp-json\/wp\/v2\/media?parent=655908"}],"wp:term":[{"taxonomy":"category","embeddable":true,"href":"https:\/\/www.europesays.com\/pl\/wp-json\/wp\/v2\/categories?post=655908"},{"taxonomy":"post_tag","embeddable":true,"href":"https:\/\/www.europesays.com\/pl\/wp-json\/wp\/v2\/tags?post=655908"}],"curies":[{"name":"wp","href":"https:\/\/api.w.org\/{rel}","templated":true}]}}