{"id":655986,"date":"2026-08-30T15:03:16","date_gmt":"2026-08-30T15:03:16","guid":{"rendered":"https:\/\/www.europesays.com\/pl\/655986\/"},"modified":"2026-08-30T15:03:16","modified_gmt":"2026-08-30T15:03:16","slug":"mateusz-morawiecki-wykorzystal-nagranie-migrantki-sahar-odpowiada-bylemu-premierowi","status":"publish","type":"post","link":"https:\/\/www.europesays.com\/pl\/655986\/","title":{"rendered":"Mateusz Morawiecki wykorzysta\u0142 nagranie migrantki. Sahar odpowiada by\u0142emu premierowi"},"content":{"rendered":"<p>Film wywo\u0142a\u0142 reakcj\u0119 autorki nagrania. Okaza\u0142o si\u0119, \u017ce materia\u0142 zosta\u0142 pierwotnie zarejestrowany przez Sahar, pochodz\u0105c\u0105 z Iranu tw\u00f3rczyni\u0119 internetow\u0105, kt\u00f3ra od 11 lat mieszka w Polsce.<\/p>\n<p>Dalszy ci\u0105g artyku\u0142u pod materia\u0142em wideo<\/p>\n<p>M\u0142oda kobieta nagra\u0142a rolk\u0119 podpisan\u0105 s\u0142owami &#8222;Poka\u017c, \u017ce jeste\u015b w Polsce, bez m\u00f3wienia, \u017ce jeste\u015b w Polsce&#8221; 22 sierpnia. Wida\u0107 na niej m\u0142odych ludzi ta\u0144cz\u0105cych poloneza. Sahar w tym nagraniu nie kryje zachwytu nad Polsk\u0105. Zwraca m.in. uwag\u0119, \u017ce cho\u0107 nikt nie uczy\u0142 si\u0119 krok\u00f3w, to ka\u017cdy wie, co robi\u0107.<\/p>\n<p>Kilka dni p\u00f3\u017aniej swoj\u0105 wersj\u0119 do sieci wrzuci\u0142 by\u0142y premier Mateusz Morawiecki. W nagraniu opublikowanym w sieci Morawiecki m\u00f3wi po angielsku:<\/p>\n<p>&#8222;\u017badnego chaosu. Ludzie mog\u0105 czu\u0107 si\u0119 bezpiecznie w nocy. Ka\u017cdego dnia walcz\u0119 o to, by Polska nigdy nie powt\u00f3rzy\u0142a b\u0142\u0119d\u00f3w pope\u0142nionych przez Francj\u0119, Niemcy i inne kraje Zachodu&#8221;.<\/p>\n<p>&#8222;Dla mnie to niezrozumia\u0142e&#8221;<\/p>\n<p>Na te s\u0142owa odpowiedzia\u0142a Sahar, zwracaj\u0105c uwag\u0119, \u017ce wykorzystane przez polityka kadry pochodz\u0105 w\u0142a\u015bnie z jej filmu, cho\u0107 nie zosta\u0142y podpisane. \u2014 Jestem imigrantk\u0105. Mieszkam w Polsce od 11 lat i to ja nagra\u0142am te uj\u0119cia. Zosta\u0142y one wykorzystane w przekazie dotycz\u0105cym migracji, w zupe\u0142nie innym kontek\u015bcie ni\u017c ten, w kt\u00f3rym powsta\u0142y. To w\u0142a\u015bnie by\u0142o dla mnie najbardziej niezrozumia\u0142e \u2014 m\u00f3wi w rozmowie z Onetem Sahar.<\/p>\n<p>I dodaje: \u2014 Nie chcia\u0142am anga\u017cowa\u0107 si\u0119 w polityk\u0119. Od miesi\u0119cy staram si\u0119 trzyma\u0107 od niej z daleka, bo widz\u0119, \u017ce niezale\u017cnie od tego, co si\u0119 powie, cz\u0142owiek od razu jest atakowany. O filmie dowiedzia\u0142am si\u0119 od znajomej influencerki, kt\u00f3ra uzna\u0142a, \u017ce powinnam wiedzie\u0107, \u017ce Mateusz Morawiecki wykorzysta\u0142 moje nagranie.<\/p>\n<p>Sahar podkre\u015bla, \u017ce nagranie powsta\u0142o jako zapis zachwytu nad polsk\u0105 tradycj\u0105 i wsp\u00f3lnym \u015bwi\u0119towaniem. Tymczasem kilka dni p\u00f3\u017aniej zosta\u0142o wykorzystane jako ilustracja politycznego przekazu o migracji.<\/p>\n<p>\u2014 Najbardziej zabola\u0142o mnie nie to, \u017ce nie podpisano mnie jako autorki, ale to, \u017ce moje nagranie wykorzystano w zupe\u0142nie innym kontek\u015bcie ni\u017c ten, w kt\u00f3rym powsta\u0142o \u2014 dodaje.<\/p>\n<p>Sahar przyznaje, \u017ce po obejrzeniu filmu poczu\u0142a si\u0119 wykluczona. &#8222;W tamtej chwili nie sta\u0142am obok polskiego spo\u0142ecze\u0144stwa. By\u0142am jego cz\u0119\u015bci\u0105&#8221; \u2014 podkre\u015bla pod nagraniem.<\/p>\n<p>Kobieta zwraca te\u017c uwag\u0119, \u017ce cho\u0107 rozumie, jak skomplikowanym tematem jest migracja, to nie ka\u017cdy imigrant przyje\u017cd\u017ca do kraju, by &#8222;co\u015b mu odebra\u0107&#8221;.<\/p>\n<p>&#8222;Niekt\u00f3rzy z nas przyje\u017cd\u017caj\u0105, \u017ceby sta\u0107 si\u0119 jego cz\u0119\u015bci\u0105. Uczy\u0107 si\u0119. Pracowa\u0107. Dok\u0142ada\u0107 co\u015b od siebie. Szanowa\u0107 to, co by\u0142o tutaj przed nami. Budowa\u0107 swoje \u017cycie razem z wami, a nie zamiast was. Ja jestem tak\u0105 w\u0142a\u015bnie migrantk\u0105&#8221; \u2014 konkluduje Sahar w swoim wpisie na Instagramie.<\/p>\n<p>Migracja? Politycznie si\u0119 op\u0142aca<\/p>\n<p>W rozmowie z Onetem m\u0142oda Iranka przyznaje, \u017ce widzi, jak temat migracji wykorzystywany jest przez polityk\u00f3w r\u00f3\u017cnych partii politycznych. \u2014 Mieszkam w Polsce od lat i widz\u0119, jak przez ten czas zmienia\u0142a si\u0119 narracja wok\u00f3\u0142 obcokrajowc\u00f3w. Coraz cz\u0119\u015bciej jeste\u015bmy przedstawiani jako problem, cho\u0107 rzeczywisto\u015b\u0107 jest du\u017co bardziej skomplikowana \u2014 m\u00f3wi.<\/p>\n<p>I dodaje: \u2014 Tak samo jak nie wszyscy Polacy s\u0105 tacy sami, tak samo nie wszyscy imigranci s\u0105 tacy sami. Najpierw trzeba pozna\u0107 cz\u0142owieka, a dopiero p\u00f3\u017aniej ocenia\u0107 go przez pryzmat tego, sk\u0105d pochodzi.<\/p>\n<p>Sahar do Polski przyjecha\u0142a 11 lat temu. Mia\u0142a ze sob\u0105 23 kg baga\u017cu, marzenie o lepszym \u017cyciu i wiar\u0119 w to, \u017ce takie w\u0142a\u015bnie czeka na ni\u0105 w Polsce. Dzi\u015b p\u0142ynnie m\u00f3wi po polsku. Po polsku nagra\u0142a te\u017c swoj\u0105 rolk\u0119, cho\u0107 pocz\u0105tkowo na film by\u0142ego premiera po angielsku chcia\u0142a odpowiedzie\u0107 po angielsku. Przyznaje te\u017c, \u017ce ch\u0119tnie podyskutowa\u0142aby z premierem Morawieckim.<\/p>\n<p>Ceuta: lekcje dla Europy, lekcje dla Polski<\/p>\n<p class=\"ods-o-frame-in-text__paragraph\"><a href=\"https:\/\/wiadomosci.onet.pl\/kraj\/ceuta-lekcje-dla-europy-lekcje-dla-polski-roman-graczyk-komentuje\/ln10dth?tpcc=202608_bloczek_newsroom\" id=\"2cda1e38-67ee-4962-8415-33accac5fc72\" rel=\"nofollow noopener\" target=\"_blank\">Przeczytaj ca\u0142o\u015b\u0107 artyku\u0142u!<\/a><\/p>\n<p><img class=\"ods-a-photo ods-a-photo--background\" src=\"https:\/\/www.europesays.com\/pl\/wp-content\/uploads\/2026\/08\/Z_Sk9lBaHR0cHM6Ly9vY2RuLmV1L3B1bHNjbXMvTURBXy8wOGE1MmQzNzIwZDYzNDI4YmQxZTBhMmZmMmY1N2IwZC5qcGeRlQLNA.jpeg\" height=\"300\" width=\"450\" alt=\"Funkcjonariusze policji i migranci na pla\u017cy podczas demonstracji przeciwko sytuacji spowodowanej ich masowym przybyciem, 27 sierpnia 2026 r. \" loading=\"lazy\" fetchpriority=\"low\" decoding=\"async\"\/><\/p>\n<p>\u2014 Napisa\u0142am mu wiadomo\u015b\u0107, zanim nagra\u0142am rolk\u0119. Nie otrzyma\u0142am odpowiedzi \u2014 nie wiem nawet, czy mia\u0142 okazj\u0119 j\u0105 zobaczy\u0107. Chcia\u0142abym podyskutowa\u0107 z Mateuszem Morawieckim, nawet po angielsku. Bo naprawd\u0119 uwa\u017cam, \u017ce nie mo\u017cna wszystkich wrzuca\u0107 do jednego worka, a rozmowa jest najwa\u017cniejsza.<\/p>\n<p>Czy po 11 latach w Polsce ma z\u0142e do\u015bwiadczenia? \u2014 Nigdy nie spotka\u0142am si\u0119 w Polsce z \u017cadn\u0105 agresj\u0105 czy atakiem. Przez wszystkie lata, odk\u0105d tu mieszkam, pozna\u0142am mn\u00f3stwo \u017cyczliwych ludzi. Kocham Polsk\u0119 w\u0142a\u015bnie za ludzi i dlatego tak zabola\u0142a mnie ta sytuacja \u2014 m\u00f3wi Sahar.<\/p>\n","protected":false},"excerpt":{"rendered":"Film wywo\u0142a\u0142 reakcj\u0119 autorki nagrania. Okaza\u0142o si\u0119, \u017ce materia\u0142 zosta\u0142 pierwotnie zarejestrowany przez Sahar, pochodz\u0105c\u0105 z Iranu tw\u00f3rczyni\u0119&hellip;\n","protected":false},"author":2,"featured_media":655987,"comment_status":"","ping_status":"","sticky":false,"template":"","format":"standard","meta":{"footnotes":"","_share_on_mastodon":"0"},"categories":[12],"tags":[61195,32,33,36,37,27,2742,49,34,35,3946,28,31,48,25,46,42,38,40,39,41,47,29,30,26],"class_list":["post-655986","post","type-post","status-publish","format-standard","has-post-thumbnail","category-polska","tag-bottomfeed_styl","tag-breaking-news","tag-breakingnews","tag-featured-news","tag-featurednews","tag-headlines","tag-imigracja","tag-kraj","tag-latest-news","tag-latestnews","tag-mateusz_morawiecki","tag-naglowki","tag-najwazniejsze-artykuly","tag-nat_styl","tag-news","tag-omp","tag-pl","tag-poland","tag-polish","tag-polska","tag-polski","tag-screening_general","tag-top-stories","tag-topstories","tag-wiadomosci"],"share_on_mastodon":{"url":"https:\/\/pubeurope.com\/@pl\/117185073675713350","error":""},"_links":{"self":[{"href":"https:\/\/www.europesays.com\/pl\/wp-json\/wp\/v2\/posts\/655986","targetHints":{"allow":["GET"]}}],"collection":[{"href":"https:\/\/www.europesays.com\/pl\/wp-json\/wp\/v2\/posts"}],"about":[{"href":"https:\/\/www.europesays.com\/pl\/wp-json\/wp\/v2\/types\/post"}],"author":[{"embeddable":true,"href":"https:\/\/www.europesays.com\/pl\/wp-json\/wp\/v2\/users\/2"}],"replies":[{"embeddable":true,"href":"https:\/\/www.europesays.com\/pl\/wp-json\/wp\/v2\/comments?post=655986"}],"version-history":[{"count":0,"href":"https:\/\/www.europesays.com\/pl\/wp-json\/wp\/v2\/posts\/655986\/revisions"}],"wp:featuredmedia":[{"embeddable":true,"href":"https:\/\/www.europesays.com\/pl\/wp-json\/wp\/v2\/media\/655987"}],"wp:attachment":[{"href":"https:\/\/www.europesays.com\/pl\/wp-json\/wp\/v2\/media?parent=655986"}],"wp:term":[{"taxonomy":"category","embeddable":true,"href":"https:\/\/www.europesays.com\/pl\/wp-json\/wp\/v2\/categories?post=655986"},{"taxonomy":"post_tag","embeddable":true,"href":"https:\/\/www.europesays.com\/pl\/wp-json\/wp\/v2\/tags?post=655986"}],"curies":[{"name":"wp","href":"https:\/\/api.w.org\/{rel}","templated":true}]}}