{"id":655994,"date":"2026-08-30T15:09:22","date_gmt":"2026-08-30T15:09:22","guid":{"rendered":"https:\/\/www.europesays.com\/pl\/655994\/"},"modified":"2026-08-30T15:09:22","modified_gmt":"2026-08-30T15:09:22","slug":"hutnicy-z-hm-glogow-nie-dali-szans-rywalom-doslownie-rozwalili-bieg-piastow","status":"publish","type":"post","link":"https:\/\/www.europesays.com\/pl\/655994\/","title":{"rendered":"Hutnicy z HM G\u0142og\u00f3w nie dali szans rywalom. Dos\u0142ownie \u201erozwalili\u201d Bieg Piast\u00f3w"},"content":{"rendered":"<p>Grupa biegaczy z Huty Miedzi G\u0142og\u00f3w pokaza\u0142a klas\u0119 podczas 14. Letniego Biegu Piast\u00f3w. Na mecie zameldowa\u0142o si\u0119 o\u015bmiu zawodnik\u00f3w zwi\u0105zanych z grup\u0105 Ultra KGHM Huta Miedzi G\u0142og\u00f3w. Czterech z nich znalaz\u0142o si\u0119 w \u015bcis\u0142ej czo\u0142\u00f3wce.<\/p>\n<p>Najlepiej spisa\u0142 si\u0119 Daniel \u0141aszkiewicz, kt\u00f3ry zaj\u0105\u0142 pierwsze miejsce. Tu\u017c za nim w czo\u0142\u00f3wce uplasowali si\u0119 kolejni reprezentanci hutniczej grupy: Tomasz Szopi\u0144ski by\u0142 czwarty, Grzegorz Magiera pi\u0105ty, a Przemys\u0142aw Magiera sz\u00f3sty.<\/p>\n<p>Na tym jednak nie ko\u0144cz\u0105 si\u0119 dobre wiadomo\u015bci. Bieg uko\u0144czyli r\u00f3wnie\u017c Fabian Kowalewski, Wojciech Marciniak, \u0141ukasz Wietecki i Mateusz Po\u0142awski. Ca\u0142a \u00f3semka dotar\u0142a do mety z bardzo dobrymi wynikami.<\/p>\n<p><img decoding=\"async\" alt=\"\" src=\"https:\/\/www.europesays.com\/pl\/wp-content\/uploads\/2026\/08\/788073221_122139887757352599_148.jpg\" style=\"width: 1000px; height: 563px;\"\/><\/p>\n<p>Ultra KGHM Huta Miedzi G\u0142og\u00f3w to grupa zapale\u0144c\u00f3w z g\u0142ogowskiej huty, kt\u00f3rych po\u0142\u0105czy\u0142a pasja do biegania. Wsp\u00f3lnie trenuj\u0105, startuj\u0105 w zawodach i podejmuj\u0105 si\u0119 tak\u017ce wymagaj\u0105cych g\u00f3rskich ultramaraton\u00f3w.<\/p>\n<p>Wszyscy s\u0105 pracownikami Huty Miedzi G\u0142og\u00f3w lub firm dzia\u0142aj\u0105cych na jej terenie. Grupa nie jest formalnym stowarzyszeniem. To oddolna inicjatywa spo\u0142eczna, kt\u00f3ra dzia\u0142a pod patronatem Huty Miedzi G\u0142og\u00f3w.<\/p>\n<p>Dla tych biegaczy pokonywanie kolejnych kilometr\u00f3w to nie tylko sportowa rywalizacja. To tak\u017ce spos\u00f3b na sp\u0119dzanie czasu, wsp\u00f3lne treningi i przekraczanie w\u0142asnych granic. Wyniki z Letniego Biegu Piast\u00f3w pokazuj\u0105, \u017ce hutnicy z G\u0142ogowa maj\u0105 w tej dyscyplinie naprawd\u0119 mocn\u0105 ekip\u0119.<\/p>\n<p class=\"bbcode\">::news{&#8222;type&#8221;:&#8221;see-also&#8221;,&#8221;item&#8221;:&#8221;188747&#8243;}<\/p>\n<p>foto: Ultra KGHM<\/p>\n<p class=\"bbcode\">::addons{&#8222;type&#8221;:&#8221;facebook-encouragement&#8221;}<\/p>\n<p>\u00a0<\/p>\n<p>\u00a0<\/p>\n<p>\u00a0<\/p>\n<p>\u00a0<\/p>\n<p>\u00a0<\/p>\n","protected":false},"excerpt":{"rendered":"Grupa biegaczy z Huty Miedzi G\u0142og\u00f3w pokaza\u0142a klas\u0119 podczas 14. Letniego Biegu Piast\u00f3w. Na mecie zameldowa\u0142o si\u0119 o\u015bmiu&hellip;\n","protected":false},"author":2,"featured_media":655995,"comment_status":"","ping_status":"","sticky":false,"template":"","format":"standard","meta":{"footnotes":"","_share_on_mastodon":"0"},"categories":[52220],"tags":[3953,52221,42,38,40,39,41],"class_list":["post-655994","post","type-post","status-publish","format-standard","has-post-thumbnail","category-kghm","tag-kghm","tag-kghm-polska-miedz","tag-pl","tag-poland","tag-polish","tag-polska","tag-polski"],"share_on_mastodon":{"url":"https:\/\/pubeurope.com\/@pl\/117185097531105727","error":""},"_links":{"self":[{"href":"https:\/\/www.europesays.com\/pl\/wp-json\/wp\/v2\/posts\/655994","targetHints":{"allow":["GET"]}}],"collection":[{"href":"https:\/\/www.europesays.com\/pl\/wp-json\/wp\/v2\/posts"}],"about":[{"href":"https:\/\/www.europesays.com\/pl\/wp-json\/wp\/v2\/types\/post"}],"author":[{"embeddable":true,"href":"https:\/\/www.europesays.com\/pl\/wp-json\/wp\/v2\/users\/2"}],"replies":[{"embeddable":true,"href":"https:\/\/www.europesays.com\/pl\/wp-json\/wp\/v2\/comments?post=655994"}],"version-history":[{"count":0,"href":"https:\/\/www.europesays.com\/pl\/wp-json\/wp\/v2\/posts\/655994\/revisions"}],"wp:featuredmedia":[{"embeddable":true,"href":"https:\/\/www.europesays.com\/pl\/wp-json\/wp\/v2\/media\/655995"}],"wp:attachment":[{"href":"https:\/\/www.europesays.com\/pl\/wp-json\/wp\/v2\/media?parent=655994"}],"wp:term":[{"taxonomy":"category","embeddable":true,"href":"https:\/\/www.europesays.com\/pl\/wp-json\/wp\/v2\/categories?post=655994"},{"taxonomy":"post_tag","embeddable":true,"href":"https:\/\/www.europesays.com\/pl\/wp-json\/wp\/v2\/tags?post=655994"}],"curies":[{"name":"wp","href":"https:\/\/api.w.org\/{rel}","templated":true}]}}