{"id":656028,"date":"2026-08-30T15:34:24","date_gmt":"2026-08-30T15:34:24","guid":{"rendered":"https:\/\/www.europesays.com\/pl\/656028\/"},"modified":"2026-08-30T15:34:24","modified_gmt":"2026-08-30T15:34:24","slug":"izraelscy-osadnicy-probuja-wykonczyc-chrzescijanska-wioske-znaja-tylko-niszczenie","status":"publish","type":"post","link":"https:\/\/www.europesays.com\/pl\/656028\/","title":{"rendered":"Izraelscy osadnicy pr\u00f3buj\u0105 wyko\u0144czy\u0107 chrze\u015bcija\u0144sk\u0105 wiosk\u0119. &#8222;Znaj\u0105 tylko niszczenie&#8221;"},"content":{"rendered":"<p>Izraelscy osadnicy zawsze przybywaj\u0105 o zachodzie s\u0142o\u0144ca. Ich zbli\u017canie si\u0119 wywo\u0142uje cich\u0105 panik\u0119 w\u015br\u00f3d mieszka\u0144c\u00f3w odleg\u0142ych gospodarstw.<\/p>\n<p>Przyje\u017cd\u017caj\u0105 ha\u0142a\u015bliwymi pojazdami terenowymi, przybywaj\u0105 pieszo, a czasem konno. Rzucaj\u0105 kamieniami, wybijaj\u0105 okna, podpalaj\u0105 budynki, a czasami mieszka\u0144cy trafiaj\u0105 do szpitala w wyniku brutalnych pobi\u0107 lub nawet gorzej.<\/p>\n<p>Miasto, po\u0142o\u017cone w pobli\u017cu Ramallah, zosta\u0142o og\u0142oszone przez Si\u0142y Obronne Izraela (IDF) &#8222;zamkni\u0119t\u0105 stref\u0105 wojskow\u0105&#8221; po miesi\u0105cach atak\u00f3w osadnik\u00f3w. Gazeta &#8222;The Telegraph&#8221; informowa\u0142a wcze\u015bniej, \u017ce osadnicy u\u017cywali dmuchaw do li\u015bci, by podsyca\u0107 ogie\u0144, kt\u00f3ry sami wzniecili, aby zastraszy\u0107 chrze\u015bcija\u0144skich mieszka\u0144c\u00f3w miasta.<\/p>\n<p>Pomimo rozkazu IDF ataki trwaj\u0105 nieprzerwanie, a miasto jest w coraz wi\u0119kszym stopniu otoczone nielegalnymi osadami budowanymi przez izraelskich osadnik\u00f3w.<\/p>\n<p>Odg\u0142os zbli\u017caj\u0105cej si\u0119 inwazji osadnik\u00f3w jest zawsze taki sam \u2014 mieszanka szczekaj\u0105cych ps\u00f3w i matek rozkazuj\u0105cych dzieciom, by schowa\u0142y si\u0119 w domu, podczas gdy m\u0119\u017cczy\u017ani krzycz\u0105 &#8222;wein, wein&#8221; (co po arabsku oznacza &#8222;gdzie, gdzie?&#8221;), pr\u00f3buj\u0105c wypatrzy\u0107 intruz\u00f3w w\u015br\u00f3d drzew oliwnych.<\/p>\n<p>To odg\u0142os strachu.<\/p>\n<p>Codzienno\u015b\u0107 na Zachodnim Brzegu<\/p>\n<p>\u2014 W zesz\u0142ym tygodniu mieli\u015bmy s\u0142absze ogrodzenie i si\u0119 przedarli \u2014 m\u00f3wi Naif al-Kaabne, wskazuj\u0105c na nowo zainstalowane zwoje drutu kolczastego, kt\u00f3re otaczaj\u0105 jego niewielk\u0105 posesj\u0119 w pobli\u017cu Tajbe. \u2014 Teraz zobaczymy.<\/p>\n<p>\u2014 Nie ma sprawiedliwo\u015bci. Gdyby by\u0142a, nie do\u015bwiadczaliby\u015bmy tego \u2014 m\u00f3wi 54-latek, gdy osadnicy pr\u00f3buj\u0105 przedrze\u0107 si\u0119 przez now\u0105 barier\u0119. Ostatecznie ogrodzenie wytrzyma\u0142o i \u2014 by\u0107 mo\u017ce ze wzgl\u0119du na obecno\u015b\u0107 dziennikarzy \u2014 zamaskowani intruzi zadowolili si\u0119 rzucaniem kamieniami.<\/p>\n<p>\u2014 To ci\u0105g\u0142y stres, przychodz\u0105 trzy razy dziennie \u2014 dodaje ojciec. \u2014 Nie \u015bpimy w nocy. Zawsze kto\u015b stoi na stra\u017cy.<\/p>\n<p>Ataki takie jak te s\u0105 powszechne na ca\u0142ym Zachodnim Brzegu.<\/p>\n<p>Kilka dni przed wizyt\u0105 w Tajbe dziennikarze &#8222;The Telegraph&#8221; znale\u017ali si\u0119 w samym \u015brodku kolejnego wieczornego ataku \u2014 tym razem we wsi Kusra \u2014 kt\u00f3ry mieszka\u0144cy w cudowny spos\u00f3b odparli.<\/p>\n<p>Wy\u015bcig z czasem na Zachodnim Brzegu. &#8222;Je\u015bli przestan\u0119 leczy\u0107, ludzie umr\u0105&#8221;<img class=\"ods-a-photo ods-a-photo--background\" src=\"https:\/\/www.europesays.com\/pl\/wp-content\/uploads\/2026\/08\/8o9k9lBaHR0cHM6Ly9vY2RuLmV1L3B1bHNjbXMvTURBXy83ZDA5YzUxYzQ4MzQxYTNjYmE1NDkyZTk5NmNlNDA5Yy5wbmeRlQLNA.jpeg\" height=\"249\" width=\"450\" alt=\"Na mniejszym zdj\u0119ciu palesty\u0144scy pacjenci czekaj\u0105 na leki w Iktabie, na przedmie\u015bciach Tulkarem na okupowanym przez Izrael Zachodnim Brzegu, 4 sierpnia 2026 r. W tle mapa Izraela i Zachodniego Brzegu. Zaznaczony jest tak\u017ce obszar Tulkarem\" loading=\"lazy\" fetchpriority=\"low\" decoding=\"async\"\/><\/p>\n<p>W zesz\u0142ym roku zamaskowani osadnicy zastrzelili w wiosce jednego Palesty\u0144czyka, a jego brata pozostawili sparali\u017cowanego po tym, jak zadali mu cios no\u017cem w nog\u0119.<\/p>\n<p>Przemoc ze strony osadnik\u00f3w w Tajbe i Kusrze trwa nadal, mimo \u017ce izraelskie si\u0142y zbrojne (IDF) og\u0142osi\u0142y te tereny zamkni\u0119tymi strefami wojskowymi, rzekomo w celu ochrony Palesty\u0144czyk\u00f3w.<\/p>\n<p>Mieszka\u0144cy twierdz\u0105 jednak, \u017ce w rzeczywisto\u015bci rozkazy te wydaje si\u0119 po to, by stworzy\u0107 wra\u017cenie, \u017ce Izrael podejmuje dzia\u0142ania. Jednocze\u015bnie uniemo\u017cliwiaj\u0105 one mi\u0119dzynarodowym obserwatorom i mediom dost\u0119p do tych obszar\u00f3w.<\/p>\n<p>Innymi s\u0142owy, chodzi o ochron\u0119 osadnik\u00f3w.<\/p>\n<p><img class=\"ods-a-photo ods-a-photo--background\" src=\"https:\/\/www.europesays.com\/pl\/wp-content\/uploads\/2026\/08\/4QMk9lBaHR0cHM6Ly9vY2RuLmV1L3B1bHNjbXMvTURBXy9kNjNhM2Q0ODI5MDRjY2E1YTgxNzVjZjBhYjNhNDRhZi5qcGeRkwXNB.jpeg\" height=\"627\" width=\"940\" alt=\"Dym po tym, jak osadnicy podpalili pole w Tajbe, 10 czerwca 2026 r.\" loading=\"lazy\" fetchpriority=\"auto\" decoding=\"auto\" url=\"https:\/\/ocdn.eu\/pulscms\/MDA_\/d63a3d482904cca5a8175cf0ab3a44af.jpg\" description=\"Dym po tym, jak osadnicy podpalili pole w Tajbe, 10 czerwca 2026 r.\" author=\"Zain Jaafar \/ AFP\" source=\"\" link=\"\"\/><\/p>\n<p>Zain Jaafar \/ AFP<\/p>\n<p>Dym po tym, jak osadnicy podpalili pole w Tajbe, 10 czerwca 2026 r.<\/p>\n<p>&#8222;Potem jest jeszcze gorzej&#8221;<\/p>\n<p>Nagranie wideo uzyskane przez &#8222;The Telegraph&#8221; wydaje si\u0119 to potwierdza\u0107 \u2014 izraelscy \u017co\u0142nierze m\u00f3wi\u0105 na filmie, \u017ce nie maj\u0105 zamiaru usuwa\u0107 osadnik\u00f3w.<\/p>\n<p>Przed atakiem Arik Aszerman, izraelski rabin i lider organizacji praw cz\u0142owieka Torat Tzedek\u2014Torah, sta\u0142 na wzg\u00f3rzu nad domem rodziny Al-Kaabne.<\/p>\n<p>\u2014 Nowo\u015bci\u0105, kt\u00f3rej nigdy wcze\u015bniej nie widzia\u0142em w ci\u0105gu 31 lat mojej dzia\u0142alno\u015bci, jest wsparcie pa\u0144stwa nie tylko dla osadnik\u00f3w, ale tak\u017ce dla przemocy ze strony osadnik\u00f3w, maj\u0105ce na celu pom\u00f3c im w przej\u0119ciu kontroli \u2014 m\u00f3wi. \u2014 Wiedz\u0105, \u017ce najskuteczniejszym sposobem na wyp\u0119dzenie Palesty\u0144czyk\u00f3w s\u0105 nowe pasterskie plac\u00f3wki. Ka\u017cda z nich dominuje nad otaczaj\u0105cym j\u0105 terenem.<\/p>\n<p>W Tajbe na ulicach panuje niemal ca\u0142kowita cisza.<\/p>\n<p>Wioska, kt\u00f3r\u0105 wed\u0142ug tradycji Jezus odwiedzi\u0142 po wskrzeszeniu \u0141azarza, w ci\u0105gu ostatniego roku wielokrotnie by\u0142a celem podpale\u0144, w tym pr\u00f3by spalenia ko\u015bcio\u0142a z okresu bizantyjskiego.<\/p>\n<p>Coroczny festiwal piwa organizowany przez browar w Tajbe nie odb\u0119dzie si\u0119 w pa\u017adzierniku tego roku ze wzgl\u0119du na ryzyko atak\u00f3w ze strony osadnik\u00f3w. \u2014 Wje\u017cd\u017caj\u0105 prosto do wsi, \u017ceby nas zastraszy\u0107 \u2014 m\u00f3wi 40-letnia Madees Churi, c\u00f3rka wsp\u00f3\u0142za\u0142o\u017cyciela browaru.<\/p>\n<blockquote class=\"ods-o-quote\">\n<p class=\"ods-o-quote__paragraph\">Co miesi\u0105c pytamy: &#8222;czy to ju\u017c najgorsze, co mo\u017ce si\u0119 wydarzy\u0107?&#8221;. A potem jest jeszcze gorzej.<\/p>\n<\/blockquote>\n<p>\u2014 Osadnicy maj\u0105 zielone \u015bwiat\u0142o od rz\u0105du, by robi\u0107, co tylko chc\u0105. Zamkni\u0119ta strefa wojskowa nie stanowi dla nas \u017cadnej ochrony \u2014 dodaje Churi.<\/p>\n<p>Od 2022 r. skrajne skrzyd\u0142o spo\u0142eczno\u015bci osadnik\u00f3w ma swoich sprzymierze\u0144c\u00f3w na najwy\u017cszych szczeblach izraelskiego rz\u0105du.<\/p>\n<p>Po\u015bpiech przed wyboramiBecalel Smotricz, izraelski minister finans\u00f3w, kt\u00f3ry pe\u0142ni r\u00f3wnie\u017c funkcj\u0119 w ministerstwie obrony, oraz <a href=\"https:\/\/www.onet.pl\/informacje\/onetwiadomosci\/skandaliczne-slowa-izraelskiego-ministra-wzywa-do-egzekucji-palestynczykow\/bhhj1j0,79cfc278\" id=\"862c7956-7331-4992-9753-bd2c244b42c4\" rel=\"nofollow noopener\" target=\"_blank\">Itamar Ben-Gwir<\/a>, minister bezpiecze\u0144stwa narodowego, od dawna m\u00f3wi\u0105 o swoim marzeniu o etnicznej czystce Arab\u00f3w z Zachodniego Brzegu i Strefy Gazy.<\/p>\n<p>Najnowsze dane wskazuj\u0105, \u017ce s\u0105 oni na dobrej drodze do osi\u0105gni\u0119cia tego celu.<\/p>\n<p>Na pocz\u0105tku tego roku ONZ poinformowa\u0142a, \u017ce od 2023 r. 38 palesty\u0144skich spo\u0142eczno\u015bci zosta\u0142o ca\u0142kowicie opr\u00f3\u017cnionych z mieszka\u0144c\u00f3w.<\/p>\n<p>Od stycznia do czerwca tego roku 2,2 tys. Palesty\u0144czyk\u00f3w zosta\u0142o wysiedlonych w wyniku atak\u00f3w, kt\u00f3re dotkn\u0119\u0142y 230 r\u00f3\u017cnych spo\u0142eczno\u015bci. Setki kolejnych os\u00f3b szukaj\u0105 schronienia z powodu wyburze\u0144 zatwierdzonych przez w\u0142adze.<\/p>\n<p>W obliczu niekorzystnych sonda\u017cy dla prawicowej koalicji Binjamina Netanjahu przed <a href=\"https:\/\/wiadomosci.onet.pl\/swiat\/rywal-netanjahu-w-wyborach-chce-uniknac-klatwy-wiszacej-nad-izraelitami\/r9l0dc9\" id=\"ca8cbd52-ec9e-41f3-882d-bad570435224\" rel=\"nofollow noopener\" target=\"_blank\">wyborami 27 pa\u017adziernika <\/a>wielu mieszka\u0144c\u00f3w Zachodniego Brzegu uwa\u017ca, \u017ce agresywni osadnicy chc\u0105 zaj\u0105\u0107 jak najwi\u0119cej terenu na wypadek, gdyby jesieni\u0105 stracili swoich najwa\u017cniejszych zwolennik\u00f3w. \u2014 Od 7 pa\u017adziernika [2023 r.] sytuacja by\u0142a naprawd\u0119 z\u0142a, ale teraz, przed wyborami, dzia\u0142aj\u0105 jeszcze szybciej \u2014 m\u00f3wi Al-Kaabne.Dalszy ci\u0105g artyku\u0142u pod materia\u0142em wideo<\/p>\n<p>Podobnie jak w ci\u0105gu ostatnich czterech lat wzros\u0142a cz\u0119stotliwo\u015b\u0107 atak\u00f3w, tak samo zmieni\u0142a si\u0119 reakcja pa\u0144stwa izraelskiego.<\/p>\n<p>W\u0142a\u015bnie dlatego wydarzenie znane jako &#8222;obl\u0119\u017cenie Kusry&#8221; przebi\u0142o si\u0119 przez g\u0105szcz codziennych doniesie\u0144 o przemocy na Zachodnim Brzegu i przyci\u0105gn\u0119\u0142o mi\u0119dzynarodow\u0105 uwag\u0119.<\/p>\n<p>Osadnicy i \u017co\u0142nierze<\/p>\n<p>9 sierpnia du\u017ca grupa osadnik\u00f3w odci\u0119\u0142a kilka palesty\u0144skich dom\u00f3w od wsi, blokuj\u0105c drog\u0119 i odcinaj\u0105c dostawy pr\u0105du oraz wody, a tak\u017ce wznosz\u0105c w pobli\u017cu nielegalne budowle. W swoich domach uwi\u0119zionych zosta\u0142o ok. 15 mieszka\u0144c\u00f3w, w tym dzieci. Wys\u0142ano wojsko, a wok\u00f3\u0142 Kusry powsta\u0142a zamkni\u0119ta strefa wojskowa.<\/p>\n<p><img class=\"ods-a-photo ods-a-photo--background\" src=\"https:\/\/www.europesays.com\/pl\/wp-content\/uploads\/2026\/08\/_Zkk9lBaHR0cHM6Ly9vY2RuLmV1L3B1bHNjbXMvTURBXy9mMWQ3ZDVkYzRhMGY3ZWY0NTlhZTczNmJhZDBlNjBiMC5qcGeRkwXNB.jpeg\" height=\"627\" width=\"940\" alt=\"Tajbe, 22 czerwca 2026 r.\" loading=\"lazy\" fetchpriority=\"auto\" decoding=\"auto\" url=\"https:\/\/ocdn.eu\/pulscms\/MDA_\/f1d7d5dc4a0f7ef459ae736bad0e60b0.jpg\" description=\"Tajbe, 22 czerwca 2026 r.\" author=\"Zain Jaafar \/ AFP\" source=\"\" link=\"\"\/><\/p>\n<p>Zain Jaafar \/ AFP<\/p>\n<p>Tajbe, 22 czerwca 2026 r.<\/p>\n<p>Podczas pierwszej pr\u00f3by usuni\u0119cia niekt\u00f3rych nielegalnych budowli pojawi\u0142o si\u0119 ponad 100 osadnik\u00f3w, kt\u00f3rzy zacz\u0119li uk\u0142ada\u0107 g\u0142azy na drodze, zmuszaj\u0105c \u017co\u0142nierzy do wycofania si\u0119. Od tego czasu cz\u0119\u015b\u0107 nielegalnych konstrukcji w osadzie zosta\u0142a usuni\u0119ta.<\/p>\n<p>Jednak pomimo wzmocnienia si\u0142 nowym batalionem si\u0142y Izraela nie zdo\u0142a\u0142y jeszcze usun\u0105\u0107 wszystkich osadnik\u00f3w. Usun\u0119\u0142y za to kilka palesty\u0144skich rodzin, powo\u0142uj\u0105c si\u0119 na zamkni\u0119t\u0105 stref\u0119 wojskow\u0105 jako pretekst. Niekt\u00f3rym pozwolono wr\u00f3ci\u0107, ale okaza\u0142o si\u0119, \u017ce domy zosta\u0142y rzekomo okradzione i zdewastowane.<\/p>\n<p>W zesz\u0142ym tygodniu dziennikarzom &#8222;The Telegraph&#8221;, podobnie jak innym reporterom, uniemo\u017cliwiono zbli\u017cenie si\u0119 do obl\u0119\u017conych Palesty\u0144czyk\u00f3w w Kusrze.<\/p>\n<p>Oficer si\u0142 Izraela skrupulatnie odczytywa\u0142 tre\u015b\u0107 rozkazu ze swojego telefonu. Nieca\u0142e 200 m za nim mo\u017cna by\u0142o dostrzec osadnik\u00f3w przemierzaj\u0105cych wzg\u00f3rze.<\/p>\n<p>\u017bo\u0142nierze wydawali si\u0119 zdenerwowani w obecno\u015bci osadnik\u00f3w. Kiedy w pewnym momencie zauwa\u017cyli, \u017ce jeden z SUV-\u00f3w osadnik\u00f3w zbli\u017ca si\u0119 do blokady drogowej z wn\u0119trza kordonu, ze z\u0142o\u015bci\u0105 odepchn\u0119li dziennikarzy &#8222;The Telegraph&#8221; dalej w d\u00f3\u0142 drogi.<\/p>\n<p>Z\u0142a armia<\/p>\n<p>Od czasu atak\u00f3w z 7 pa\u017adziernika Netanjahu wielokrotnie wychwala\u0142 sprawno\u015b\u0107 wojskow\u0105 si\u0142 Izraela w walce z Hamasem, Hezbollahem i Iranem. Jednak ci sami \u017co\u0142nierze wydawali si\u0119 niezdolni do usuni\u0119cia kilkudziesi\u0119ciu cywil\u00f3w, z kt\u00f3rych wi\u0119kszo\u015b\u0107 by\u0142a nieuzbrojona.<\/p>\n<p>Liczne filmy i zdj\u0119cia, kt\u00f3re pojawi\u0142y si\u0119 p\u00f3\u017aniej, pokazuj\u0105 \u017co\u0142nierzy IDF i osadnik\u00f3w kr\u0119c\u0105cych si\u0119 bez celu, a w niekt\u00f3rych przypadkach modl\u0105cych si\u0119 razem na zboczu wzg\u00f3rza.<\/p>\n<p>\u2014 Po raz pierwszy w \u017cyciu w pa\u0144stwie Izrael nie ma prawa \u2014 m\u00f3wi ojciec, kt\u00f3ry przedstawia si\u0119 jako Marma i mieszka na wzg\u00f3rzu powy\u017cej Kusry. \u2014 Kiedy\u015b uwa\u017cali\u015bmy Izrael za pa\u0144stwo prawa.<\/p>\n<p>\u2014 Kiedy\u015b m\u00f3wili\u015bmy o dobrej armii lub z\u0142ej armii. Zale\u017ca\u0142o to od dnia. Dzisiaj jest to z\u0142a armia \u2014 dodaje burmistrz Kusry Abdul Azim al-Wadi.<\/p>\n<p>Obl\u0119\u017cenie nabra\u0142o wymiaru mi\u0119dzynarodowego, gdy na jaw wysz\u0142o, \u017ce \u2014 podobnie jak wielu Palesty\u0144czyk\u00f3w z Zachodniego Brzegu \u2014 Louai Abo Ridi, w\u0142a\u015bciciel jednego z obl\u0119\u017conych dom\u00f3w, posiada r\u00f3wnie\u017c obywatelstwo ameryka\u0144skie.<\/p>\n<p>Mike Huckabee, ambasador USA w Izraelu i zagorza\u0142y zwolennik projektu osadniczego, okre\u015bli\u0142 obl\u0119\u017cenie jako &#8222;przera\u017caj\u0105cy akt terroru&#8221;. Stwierdzi\u0142, \u017ce wyrazi\u0142by zaniepokojenie, nawet gdyby w spraw\u0119 nie byli zaanga\u017cowani Amerykanie, i wzmocni\u0142 swoje przes\u0142anie, okre\u015blaj\u0105c zaanga\u017cowanych osadnik\u00f3w mianem &#8222;izraelskich terroryst\u00f3w&#8221;.<\/p>\n<p>Nast\u0119pnie jednak zacz\u0105\u0142 m\u00f3wi\u0107 o &#8222;osadnikach&#8221; w przeciwie\u0144stwie do &#8222;nie-osadnik\u00f3w&#8221;, aby odr\u00f3\u017cni\u0107 zwyk\u0142ych \u017cydowskich mieszka\u0144c\u00f3w Zachodniego Brzegu od radykalnych ekstremist\u00f3w, kt\u00f3rych okre\u015bli\u0142 jako &#8222;bardzo niewielk\u0105 mniejszo\u015b\u0107&#8221;.<\/p>\n<p>Jego komentarz odzwierciedla popularny argument izraelskiej centroprawicy, \u017ce przemoc na Zachodnim Brzegu jest g\u0142\u00f3wnie dzie\u0142em nie wi\u0119cej ni\u017c 200 radykalnych m\u0142odych ludzi.<\/p>\n<p>&#8222;Znaj\u0105 tylko zabijanie, niszczenie i podpalanie&#8221;<\/p>\n<p>Palesty\u0144czycy i niekt\u00f3rzy obserwatorzy pozostaj\u0105 sceptyczni wobec tego twierdzenia, wskazuj\u0105c, \u017ce tak niewielka liczba os\u00f3b nie by\u0142aby w stanie przeprowadza\u0107 atak\u00f3w na tak\u0105 skal\u0119 i z tak\u0105 cz\u0119stotliwo\u015bci\u0105 na ca\u0142ym okupowanym terytorium.<\/p>\n<p>Kiedy p\u00f3\u017aniej tego samego dnia rozmawiam z Marm\u0105 w jego domu niedaleko Kusry, zaczyna si\u0119 atak. Pojazd terenowy (ATV) podskakuje na skalistym terenie. Na szczycie wzg\u00f3rza, jakby znik\u0105d, pojawia si\u0119 kilkunastu osadnik\u00f3w. Cz\u0119\u015b\u0107 ma na twarzach maski.<\/p>\n<p>W zesz\u0142ym roku osadnicy zastrzelili siostrze\u0144ca Marmy, a jego brat zosta\u0142 niepe\u0142nosprawny, poniewa\u017c zosta\u0142 czterokrotnie d\u017agni\u0119ty no\u017cem w nog\u0119.<\/p>\n<p>Przera\u017caj\u0105ce by\u0142o obserwowa\u0107, jak osadnicy zbli\u017caj\u0105 si\u0119 do osady, nie wiedz\u0105c, czy tym razem spr\u00f3buj\u0105 si\u0119 do niej dosta\u0107, nie wiedz\u0105c, czy s\u0105 uzbrojeni, ale maj\u0105c \u015bwiadomo\u015b\u0107, \u017ce wezwanie policji nie zapewni nam \u017cadnej ochrony.<\/p>\n<p>Tym razem pojawia si\u0119 grupa m\u0142odych m\u0119\u017cczyzn z wioski, kt\u00f3rzy zaczynaj\u0105 rzuca\u0107 kamieniami w osadnik\u00f3w, ostatecznie zmuszaj\u0105c ich do odwrotu. By\u0142o to ryzykowne posuni\u0119cie, poniewa\u017c rzucaj\u0105cy kamieniami Palesty\u0144czycy s\u0105 cz\u0119sto uznawani za terroryst\u00f3w i grozi im zastrzelenie na miejscu.<\/p>\n<p><img class=\"ods-a-photo ods-a-photo--background\" src=\"https:\/\/www.europesays.com\/pl\/wp-content\/uploads\/2026\/08\/5xTk9lBaHR0cHM6Ly9vY2RuLmV1L3B1bHNjbXMvTURBXy85Mjk2YWVlMTFkMGQ1NTAwNTEyYTgwYjlmYWQ5NGMyZS5qcGeRkwXNB.jpeg\" height=\"627\" width=\"940\" alt=\"Izraelska flaga na zniszczonym budynku w Tajbe, 18 czerwca 2026 r.\" loading=\"lazy\" fetchpriority=\"auto\" decoding=\"auto\" url=\"https:\/\/ocdn.eu\/pulscms\/MDA_\/9296aee11d0d5500512a80b9fad94c2e.jpg\" description=\"Izraelska flaga na zniszczonym budynku w Tajbe, 18 czerwca 2026 r.\" author=\"JALAA MAREY AFP \/ AFP\" source=\"\" link=\"\"\/><\/p>\n<p>JALAA MAREY AFP \/ AFP<\/p>\n<p>Izraelska flaga na zniszczonym budynku w Tajbe, 18 czerwca 2026 r.<\/p>\n<p>P\u00f3\u017aniej tego samego wieczoru patrol si\u0142 Izraela wkracza na teren osady, domagaj\u0105c si\u0119 podania to\u017csamo\u015bci m\u0119\u017cczyzn, kt\u00f3rzy stawili czo\u0142a osadnikom. \u2014 To nie s\u0105 ludzie \u2014 m\u00f3wi Marma, odnosz\u0105c si\u0119 do osadnik\u00f3w. \u2014 Znaj\u0105 tylko zabijanie, niszczenie i podpalanie. Przychodz\u0105 z zakrytymi twarzami, uzbrojeni w no\u017ce i kije.<\/p>\n<p>Kr\u00f3tko po rozpocz\u0119ciu obl\u0119\u017cenia w Kusrze rzecznik si\u0142 Izraela okre\u015bli\u0142 ataki osadnik\u00f3w jako &#8222;nielegalne, naganne i niedopuszczalne dzia\u0142ania&#8221;.<\/p>\n<p>IDF twierdzi, \u017ce zlikwidowa\u0142o nielegalne osady.<\/p>\n<p>\u2014 Si\u0142y bezpiecze\u0144stwa b\u0119d\u0105 nadal dzia\u0142a\u0107 stanowczo i odpowiedzialnie, aby poprawi\u0107 sytuacj\u0119 w regionie, utrzyma\u0107 porz\u0105dek publiczny oraz zapobiega\u0107 powt\u00f3rzeniu si\u0119 takich incydent\u00f3w \u2014 o\u015bwiadczy\u0142a armia w odpowiedzi na nagrania pokazuj\u0105ce \u017co\u0142nierzy rozmawiaj\u0105cych i modl\u0105cych si\u0119 wraz z osadnikami.<\/p>\n<p>Trzecia intifada?<\/p>\n<p>Wielka Brytania na\u0142o\u017cy\u0142a ju\u017c sankcje na szereg os\u00f3b powi\u0105zanych z przemoc\u0105 na Zachodnim Brzegu, w tym na Smotricza i Ben-Gwira.<\/p>\n<p>W zesz\u0142ym tygodniu minister spraw zagranicznych Ed Miliband zagrozi\u0142 wprowadzeniem dalszych sankcji w odpowiedzi na nowy program budowlany na wsch\u00f3d od Jerozolimy, kt\u00f3ry w praktyce podzieli\u0142by Zachodni Brzeg na dwie cz\u0119\u015bci dla Palesty\u0144czyk\u00f3w, jeszcze bardziej utrudniaj\u0105c im poruszanie si\u0119.<\/p>\n<p>Izrael czeka, aby zobaczy\u0107, czy <a href=\"https:\/\/www.onet.pl\/informacje\/onetwiadomosci\/brytyjski-premier-dal-ukrainie-asa-w-rekawie-rosja-to-dolewanie-oliwy-do-ognia\/qk59e79,79cfc278\" id=\"4fa76299-411c-4543-a66c-2b7284121c9d\" rel=\"nofollow noopener\" target=\"_blank\">Andy Burnham<\/a> zrealizuje plany Keira Starmera dotycz\u0105ce na\u0142o\u017cenia szeroko zakrojonych sankcji gospodarczych na towary i us\u0142ugi pochodz\u0105ce z osad na Zachodnim Brzegu. \u0179r\u00f3d\u0142a dyplomatyczne sugeruj\u0105, \u017ce Londyn zamierza poczeka\u0107 do zako\u0144czenia izraelskich wybor\u00f3w parlamentarnych.Wed\u0142ug sonda\u017cy najwi\u0119ksze szanse na pokonanie Netanjahu ma <a href=\"https:\/\/wiadomosci.onet.pl\/swiat\/rywal-netanjahu-w-wyborach-chce-uniknac-klatwy-wiszacej-nad-izraelitami\/r9l0dc9\" id=\"67124133-77c2-4d98-8325-a53a30563eb2\" rel=\"nofollow noopener\" target=\"_blank\">Gadi Eisenkot<\/a>, by\u0142y szef sztabu IDF, postrzegany jako posta\u0107 centrowa.<\/p>\n<p>Jednak wydarzenia w Kusrze pokazuj\u0105, jak trudno by\u0142oby izraelskim si\u0142om zbrojnym powstrzyma\u0107 przemoc ze strony osadnik\u00f3w, nawet gdyby otrzyma\u0142y na to polityczne wytyczne.<\/p>\n<p>W zesz\u0142ym tygodniu niewielka grupa palesty\u0144skich lub arabskich cywil\u00f3w przeciwstawi\u0142a si\u0119 si\u0142om Izraela, zmuszaj\u0105c je do wyboru mi\u0119dzy zastosowaniem wobec nich brutalnych taktyk \u2014 co mog\u0142oby doprowadzi\u0107 do rozlewu izraelskiej krwi \u2014 a wycofaniem si\u0119. \u017bo\u0142nierze si\u0119 wycofali.<\/p>\n<p>Wiele wskazuje na to, \u017ce stosowanie zamkni\u0119tych stref wojskowych mo\u017ce okaza\u0107 si\u0119 niemo\u017cliwe do utrzymania.<\/p>\n<p>Przemoc ma miejsce na tle gospodarczej izolacji, spowodowanej cz\u0119\u015bciowo powszechnymi blokadami dr\u00f3g wprowadzonymi od 7 pa\u017adziernika. Churi m\u00f3wi, \u017ce je\u015bli jedna z jej ci\u0119\u017car\u00f3wek dostarczaj\u0105cych piwo zdo\u0142a pokona\u0107 kr\u00f3tk\u0105 tras\u0119 do Ramallah i z powrotem w ci\u0105gu jednego dnia, to ju\u017c jest to zwyci\u0119stwo. W przesz\u0142o\u015bci jedna ci\u0119\u017car\u00f3wka mog\u0142a w ci\u0105gu jednego dnia dostarczy\u0107 towary do wielu miast i wsi.<\/p>\n<p>Ojciec Jack-Nobel Abed z greckokatolickiego ko\u015bcio\u0142a w Tajbe m\u00f3wi o swoich obawach przed &#8222;trzeci\u0105 intifad\u0105&#8221;, je\u015bli przemoc b\u0119dzie trwa\u0142a, oraz o tym, jak ci\u0119\u017cko pracuje, by przekona\u0107 m\u0142odych Palesty\u0144czyk\u00f3w ze swojej wsp\u00f3lnoty do zachowania ostro\u017cno\u015bci i powstrzymania si\u0119 od odwetu.<\/p>\n<p>\u2014 Nie chcemy m\u0119czennik\u00f3w w tej wiosce. W okolicznych wioskach ka\u017cda ma po pi\u0119ciu lub sze\u015bciu m\u0119czennik\u00f3w, ale nie tutaj \u2014 dodaje.<\/p>\n<p>\u2014 Chc\u0105 sprowokowa\u0107 trzeci\u0105 intifad\u0119. Ale m\u00f3wi\u0119 ludziom, \u017ceby byli cierpliwi. Czekamy, by zobaczy\u0107, czy na ko\u0144cu tunelu pojawi si\u0119 \u015bwiat\u0142o. Je\u015bli tak, c\u00f3\u017c, by\u0107 mo\u017ce wybuchnie to \u2014 w pok\u00f3j albo w wojn\u0119 \u2014 podsumowuje.<\/p>\n","protected":false},"excerpt":{"rendered":"Izraelscy osadnicy zawsze przybywaj\u0105 o zachodzie s\u0142o\u0144ca. Ich zbli\u017canie si\u0119 wywo\u0142uje cich\u0105 panik\u0119 w\u015br\u00f3d mieszka\u0144c\u00f3w odleg\u0142ych gospodarstw. Przyje\u017cd\u017caj\u0105&hellip;\n","protected":false},"author":2,"featured_media":656029,"comment_status":"","ping_status":"","sticky":false,"template":"","format":"standard","meta":{"footnotes":"","_share_on_mastodon":"0"},"categories":[14],"tags":[56,61195,32,33,27,91,34,35,28,31,48,25,46,92,40,41,5055,47,88,80,29,30,26,82,83,84,3118],"class_list":["post-656028","post","type-post","status-publish","format-standard","has-post-thumbnail","category-swiat","tag-article_premium","tag-bottomfeed_styl","tag-breaking-news","tag-breakingnews","tag-headlines","tag-izrael","tag-latest-news","tag-latestnews","tag-naglowki","tag-najwazniejsze-artykuly","tag-nat_styl","tag-news","tag-omp","tag-palestyna_palestynczycy","tag-polish","tag-polski","tag-prawa_czlowieka","tag-screening_general","tag-strefa_gazy","tag-swiat","tag-top-stories","tag-topstories","tag-wiadomosci","tag-world","tag-world-news","tag-worldnews","tag-zachodni_brzeg"],"share_on_mastodon":{"url":"https:\/\/pubeurope.com\/@pl\/117185195883231432","error":""},"_links":{"self":[{"href":"https:\/\/www.europesays.com\/pl\/wp-json\/wp\/v2\/posts\/656028","targetHints":{"allow":["GET"]}}],"collection":[{"href":"https:\/\/www.europesays.com\/pl\/wp-json\/wp\/v2\/posts"}],"about":[{"href":"https:\/\/www.europesays.com\/pl\/wp-json\/wp\/v2\/types\/post"}],"author":[{"embeddable":true,"href":"https:\/\/www.europesays.com\/pl\/wp-json\/wp\/v2\/users\/2"}],"replies":[{"embeddable":true,"href":"https:\/\/www.europesays.com\/pl\/wp-json\/wp\/v2\/comments?post=656028"}],"version-history":[{"count":0,"href":"https:\/\/www.europesays.com\/pl\/wp-json\/wp\/v2\/posts\/656028\/revisions"}],"wp:featuredmedia":[{"embeddable":true,"href":"https:\/\/www.europesays.com\/pl\/wp-json\/wp\/v2\/media\/656029"}],"wp:attachment":[{"href":"https:\/\/www.europesays.com\/pl\/wp-json\/wp\/v2\/media?parent=656028"}],"wp:term":[{"taxonomy":"category","embeddable":true,"href":"https:\/\/www.europesays.com\/pl\/wp-json\/wp\/v2\/categories?post=656028"},{"taxonomy":"post_tag","embeddable":true,"href":"https:\/\/www.europesays.com\/pl\/wp-json\/wp\/v2\/tags?post=656028"}],"curies":[{"name":"wp","href":"https:\/\/api.w.org\/{rel}","templated":true}]}}