{"id":656036,"date":"2026-08-30T15:38:18","date_gmt":"2026-08-30T15:38:18","guid":{"rendered":"https:\/\/www.europesays.com\/pl\/656036\/"},"modified":"2026-08-30T15:38:18","modified_gmt":"2026-08-30T15:38:18","slug":"tomasz-siemoniak-oburzony-slowami-karola-nawrockiego-chodzi-o-sluzby-specjalne","status":"publish","type":"post","link":"https:\/\/www.europesays.com\/pl\/656036\/","title":{"rendered":"Tomasz Siemoniak oburzony s\u0142owami Karola Nawrockiego. Chodzi o s\u0142u\u017cby specjalne"},"content":{"rendered":"<p>Podczas sobotniego spotkania z m\u0142odzie\u017c\u0105 w Juracie prezydent Karol Nawrocki pytany by\u0142 m.in. o zatrzymanie prezesa PKOl Rados\u0142awa Piesiewicza i afer\u0119 Zondacrypto. W odpowiedzi stwierdzi\u0142, \u017ce informacje s\u0105 mu &#8222;wybi\u00f3rczo&#8221; przekazywane przez s\u0142u\u017cby specjalne.<\/p>\n<p class=\"ods-o-quote__paragraph\">Ja wiem, \u017ce wiele informacji niestety ze s\u0142u\u017cb dostaj\u0119, z niekt\u00f3rych s\u0142u\u017cb, nie ze wszystkich, to m\u00f3wi\u0119 wprost, dostaj\u0119 wybi\u00f3rczo. Nie dostaj\u0119 tych informacji, je\u015bli ich nie za\u017c\u0105dam w spos\u00f3b zdecydowany, kt\u00f3re trafiaj\u0105 do Rady Ministr\u00f3w<\/p>\n<p>\u2014 powiedzia\u0142 Karol Nawrocki.<\/p>\n<p>Dalszy ci\u0105g artyku\u0142u pod materia\u0142em wideoTomasz Siemoniak reaguje na s\u0142owa Karola Nawrockiego. Chodzi o s\u0142u\u017cby specjalne<\/p>\n<p>Na wypowied\u017a prezydenta zareagowa\u0142 minister koordynator s\u0142u\u017cb specjalnych Tomasz Siemoniak, twierdz\u0105c, \u017ce Karol Nawrocki m\u00f3wi nieprawd\u0119.<\/p>\n<p class=\"ods-o-quote__paragraph\">Nieprawda! Prezydent i jego urz\u0119dnicy otrzymuj\u0105 informacje ze s\u0142u\u017cb specjalnych w ramach oceny wagi i przydatno\u015bci materia\u0142u. Nie ma \u017cadnej &#8222;wybi\u00f3rczo\u015bci&#8221;. Najwa\u017cniejsze informacje trafiaj\u0105 bezpo\u015brednio do prezydenta, dziesi\u0105tki innych do jego ministr\u00f3w. Nic tu si\u0119 nie zmieni\u0142o od wielu kadencji<\/p>\n<p>\u2014 napisa\u0142 na platformie X Tomasz Siemoniak.<\/p>\n<p>W dalszej cz\u0119\u015bci swojego wpisu minister koordynator s\u0142u\u017cb specjalnych stwierdzi\u0142, \u017ce nie zna przypadku &#8222;za\u017c\u0105dania w spos\u00f3b zdecydowany jakiejkolwiek informacji od s\u0142u\u017cb specjalnych przez prezydenta&#8221;.<\/p>\n<p class=\"ods-o-quote__paragraph\">Owszem, raz prezydent poprosi\u0142 o pog\u0142\u0119bion\u0105 informacj\u0119 na temat jednej ze spraw z 2024 r., sprzed jego prezydentury. Oczywi\u015bcie j\u0105 otrzyma\u0142. Je\u015bli czegokolwiek jeszcze \u017c\u0105da\u0142, to prosz\u0119 o przyk\u0142ad<\/p>\n<p>\u2014 doda\u0142 Tomasz Siemoniak.<\/p>\n<p>Rados\u0142aw Sikorski coraz bli\u017cej Karola Nawrockiego. Zmiany w sonda\u017cu zaufania<img class=\"ods-a-photo ods-a-photo--background\" src=\"https:\/\/www.europesays.com\/pl\/wp-content\/uploads\/2026\/08\/1788104298_847_nOck9lBaHR0cHM6Ly9vY2RuLmV1L3B1bHNjbXMvTURBXy8yMTExY2IwYWM2NDZkYWJlMzlmMDM5YjBhY2MzNDhlZS5qcGeRlQLNA.jpeg\" height=\"253\" width=\"450\" alt=\"Donald Tusk, Rados\u0142aw Sikorski, Karol Nawrocki, W\u0142adys\u0142aw Kosiniak-Kamysz, Krzysztof Bosak\" loading=\"lazy\" fetchpriority=\"low\" decoding=\"async\"\/>Tomasz Siemoniak z apelem do prezydenta. &#8222;Wy\u0142\u0105czy\u0107 s\u0142u\u017cby z walki politycznej&#8221;<\/p>\n<p>Nawi\u0105zuj\u0105c do afery Zondacrypto, polityk przypomnia\u0142, \u017ce Karol Nawrocki trzy razy zawetowa\u0142 ustaw\u0119 dotycz\u0105c\u0105 rynku kryptowalut.<\/p>\n<p class=\"ods-o-quote__paragraph\">Uwa\u017cam ten kolejny atak prezydenta na s\u0142u\u017cby specjalne za bezpodstawny i krzywdz\u0105cy dla funkcjonariuszy s\u0142u\u017cb, kt\u00f3rzy s\u0105 apolityczni i bardzo dobrze wywi\u0105zuj\u0105 si\u0119 ze swoich obowi\u0105zk\u00f3w<\/p>\n<p>\u2014 napisa\u0142 dalej Tomasz Siemoniak.<\/p>\n<p>Minister koordynator s\u0142u\u017cb specjalnych podkre\u015bli\u0142, \u017ce ca\u0142y czas pozostaje w roboczym kontakcie z szefem BBN. Na koniec wpisu zaapelowa\u0142 do prezydenta, aby swoje ewentualne uwagi na temat s\u0142u\u017cb specjalnych &#8222;przekazywa\u0142 bezpo\u015brednio, a nie przez media&#8221;.<\/p>\n<p class=\"ods-o-quote__paragraph\">Apeluj\u0119 do prezydenta, aby w tak ci\u0119\u017ckich czasach w ko\u0144cu wy\u0142\u0105czy\u0107 s\u0142u\u017cby odpowiedzialne za bezpiecze\u0144stwo pa\u0144stwa z walki politycznej<\/p>\n<p>\u2014 napisa\u0142 polityk.<\/p>\n<p>Tomasz Siemoniak zaapelowa\u0142 r\u00f3wnie\u017c do Karola Nawrockiego, aby podpisa\u0142 nominacje generalskie dla szef\u00f3w ABW, AW i SWW, kt\u00f3re, jak podkre\u015bli\u0142, czekaj\u0105 na niego od maja.<\/p>\n","protected":false},"excerpt":{"rendered":"Podczas sobotniego spotkania z m\u0142odzie\u017c\u0105 w Juracie prezydent Karol Nawrocki pytany by\u0142 m.in. o zatrzymanie prezesa PKOl Rados\u0142awa&hellip;\n","protected":false},"author":2,"featured_media":656037,"comment_status":"","ping_status":"","sticky":false,"template":"","format":"standard","meta":{"footnotes":"","_share_on_mastodon":"0"},"categories":[62712],"tags":[787,61195,690,43,49,15327,48,46,47,9910,1246,17994],"class_list":["post-656036","post","type-post","status-publish","format-standard","has-post-thumbnail","category-karol-nawrocki","tag-bbn","tag-bottomfeed_styl","tag-karol-nawrocki","tag-karol_nawrocki","tag-kraj","tag-kryptowaluta","tag-nat_styl","tag-omp","tag-screening_general","tag-sluzby_specjalne","tag-tomasz_siemoniak","tag-zondacrypto"],"share_on_mastodon":{"url":"https:\/\/pubeurope.com\/@pl\/117185211468427586","error":""},"_links":{"self":[{"href":"https:\/\/www.europesays.com\/pl\/wp-json\/wp\/v2\/posts\/656036","targetHints":{"allow":["GET"]}}],"collection":[{"href":"https:\/\/www.europesays.com\/pl\/wp-json\/wp\/v2\/posts"}],"about":[{"href":"https:\/\/www.europesays.com\/pl\/wp-json\/wp\/v2\/types\/post"}],"author":[{"embeddable":true,"href":"https:\/\/www.europesays.com\/pl\/wp-json\/wp\/v2\/users\/2"}],"replies":[{"embeddable":true,"href":"https:\/\/www.europesays.com\/pl\/wp-json\/wp\/v2\/comments?post=656036"}],"version-history":[{"count":0,"href":"https:\/\/www.europesays.com\/pl\/wp-json\/wp\/v2\/posts\/656036\/revisions"}],"wp:featuredmedia":[{"embeddable":true,"href":"https:\/\/www.europesays.com\/pl\/wp-json\/wp\/v2\/media\/656037"}],"wp:attachment":[{"href":"https:\/\/www.europesays.com\/pl\/wp-json\/wp\/v2\/media?parent=656036"}],"wp:term":[{"taxonomy":"category","embeddable":true,"href":"https:\/\/www.europesays.com\/pl\/wp-json\/wp\/v2\/categories?post=656036"},{"taxonomy":"post_tag","embeddable":true,"href":"https:\/\/www.europesays.com\/pl\/wp-json\/wp\/v2\/tags?post=656036"}],"curies":[{"name":"wp","href":"https:\/\/api.w.org\/{rel}","templated":true}]}}