{"id":656104,"date":"2026-08-30T16:28:14","date_gmt":"2026-08-30T16:28:14","guid":{"rendered":"https:\/\/www.europesays.com\/pl\/656104\/"},"modified":"2026-08-30T16:28:14","modified_gmt":"2026-08-30T16:28:14","slug":"warszawa-pozegna-wande-traczyk-stawska-bedzie-spotkanie-pamieci","status":"publish","type":"post","link":"https:\/\/www.europesays.com\/pl\/656104\/","title":{"rendered":"Warszawa po\u017cegna Wand\u0119 Traczyk-Stawsk\u0105. B\u0119dzie spotkanie pami\u0119ci"},"content":{"rendered":"<p>Z my\u015bl\u0105 o wszystkich, kt\u00f3rzy chcieliby po\u017cegna\u0107 Honorow\u0105 Obywatelk\u0119 Warszawy Wand\u0119 Traczyk-Stawsk\u0105, a nie b\u0119d\u0105 mogli wzi\u0105\u0107 udzia\u0142u w oficjalnych uroczysto\u015bciach pogrzebowych, zaplanowano dodatkowe wydarzenie upami\u0119tniaj\u0105ce. W poniedzia\u0142ek, 31 sierpnia 2026 r., o godz. 19:00, pod pomnikiem Powstania Warszawskiego na placu Krasi\u0144skich mieszka\u0144cy stolicy i przyjaciele pani Wandy spotkaj\u0105 si\u0119, by wsp\u00f3lnie odda\u0107 jej ho\u0142d.<\/p>\n<p>Film o niezwyk\u0142ym \u017cyciu<\/p>\n<p>G\u0142\u00f3wnym punktem wieczoru b\u0119dzie projekcja filmu &#8222;Wanda. Ostatnia z oddzia\u0142u&#8221;, opowiadaj\u0105cego o \u017cyciu i wojennych do\u015bwiadczeniach zmar\u0142ej bohaterki. Dokument przypomina nie tylko histori\u0119 m\u0142odej sanitariuszki i \u017co\u0142nierki Powstania Warszawskiego, ale tak\u017ce wieloletni\u0105 dzia\u0142alno\u015b\u0107 osoby, kt\u00f3ra po wojnie sta\u0142a si\u0119 jednym z najwa\u017cniejszych g\u0142os\u00f3w w obronie pami\u0119ci o ofiarach wojny, praw cz\u0142owieka oraz demokratycznych warto\u015bci.<\/p>\n<p>Si\u0142a wsp\u00f3lnoty<\/p>\n<p>Organizatorzy zadbali o mo\u017cliwo\u015b\u0107 osobistego po\u017cegnania uczestniczki Powstania Warszawskiego. B\u0119dzie mo\u017cna zapali\u0107 znicz przy fotografii pani Wandy lub pod pomnikiem Powstania Warszawskiego. Wy\u0142o\u017cona zostanie tak\u017ce ksi\u0119ga pami\u0105tkowa, w kt\u00f3rej ka\u017cdy b\u0119dzie m\u00f3g\u0142 zostawi\u0107 kilka s\u0142\u00f3w wdzi\u0119czno\u015bci, wspomnienie lub osobist\u0105 refleksj\u0119.<\/p>\n<p>Do udzia\u0142u w spotkaniu zaproszono r\u00f3wnie\u017c osoby szczeg\u00f3lnie zwi\u0105zane z bohaterk\u0105. W\u015br\u00f3d go\u015bci b\u0119d\u0105 Anna Przedpe\u0142ska-Trzeciakowska, sanitariuszka Powstania Warszawskiego, a tak\u017ce syn Wandy Traczyk-Stawskiej, Pawe\u0142 Stawski wraz z rodzin\u0105.<\/p>\n<p>Dziedzictwo, kt\u00f3re pozostanie<\/p>\n<p>Wiecz\u00f3r b\u0119dzie mia\u0142 r\u00f3wnie\u017c wymiar symboliczny. Podczas wydarzenia og\u0142oszona zostanie decyzja o nadaniu Fundacji Aktywna Demokracja imienia Wandy Traczyk-Stawskiej.<\/p>\n<p>Wanda Traczyk-Stawska wielokrotnie przypomina\u0142a, \u017ce pami\u0119\u0107 nie jest zamkni\u0119ta w pomnikach ani historycznych rocznicach. \u017byje w ludziach, ich postawach i codziennych wyborach. Spotkanie pod pomnikiem Powstania Warszawskiego ma by\u0107 w\u0142a\u015bnie tak\u0105 \u017cyw\u0105 lekcj\u0105 pami\u0119ci \u2014 wsp\u00f3lnym momentem refleksji i wdzi\u0119czno\u015bci.<\/p>\n","protected":false},"excerpt":{"rendered":"Z my\u015bl\u0105 o wszystkich, kt\u00f3rzy chcieliby po\u017cegna\u0107 Honorow\u0105 Obywatelk\u0119 Warszawy Wand\u0119 Traczyk-Stawsk\u0105, a nie b\u0119d\u0105 mogli wzi\u0105\u0107 udzia\u0142u&hellip;\n","protected":false},"author":2,"featured_media":656105,"comment_status":"","ping_status":"","sticky":false,"template":"","format":"standard","meta":{"footnotes":"","_share_on_mastodon":"0"},"categories":[51605],"tags":[61195,399,48,46,55,42,38,40,39,41,47,52268,435],"class_list":["post-656104","post","type-post","status-publish","format-standard","has-post-thumbnail","category-warszawa","tag-bottomfeed_styl","tag-informacje","tag-nat_styl","tag-omp","tag-phx","tag-pl","tag-poland","tag-polish","tag-polska","tag-polski","tag-screening_general","tag-strefa_miast","tag-warszawa"],"share_on_mastodon":{"url":"https:\/\/pubeurope.com\/@pl\/117185407041319054","error":""},"_links":{"self":[{"href":"https:\/\/www.europesays.com\/pl\/wp-json\/wp\/v2\/posts\/656104","targetHints":{"allow":["GET"]}}],"collection":[{"href":"https:\/\/www.europesays.com\/pl\/wp-json\/wp\/v2\/posts"}],"about":[{"href":"https:\/\/www.europesays.com\/pl\/wp-json\/wp\/v2\/types\/post"}],"author":[{"embeddable":true,"href":"https:\/\/www.europesays.com\/pl\/wp-json\/wp\/v2\/users\/2"}],"replies":[{"embeddable":true,"href":"https:\/\/www.europesays.com\/pl\/wp-json\/wp\/v2\/comments?post=656104"}],"version-history":[{"count":0,"href":"https:\/\/www.europesays.com\/pl\/wp-json\/wp\/v2\/posts\/656104\/revisions"}],"wp:featuredmedia":[{"embeddable":true,"href":"https:\/\/www.europesays.com\/pl\/wp-json\/wp\/v2\/media\/656105"}],"wp:attachment":[{"href":"https:\/\/www.europesays.com\/pl\/wp-json\/wp\/v2\/media?parent=656104"}],"wp:term":[{"taxonomy":"category","embeddable":true,"href":"https:\/\/www.europesays.com\/pl\/wp-json\/wp\/v2\/categories?post=656104"},{"taxonomy":"post_tag","embeddable":true,"href":"https:\/\/www.europesays.com\/pl\/wp-json\/wp\/v2\/tags?post=656104"}],"curies":[{"name":"wp","href":"https:\/\/api.w.org\/{rel}","templated":true}]}}