{"id":656134,"date":"2026-08-30T16:47:21","date_gmt":"2026-08-30T16:47:21","guid":{"rendered":"https:\/\/www.europesays.com\/pl\/656134\/"},"modified":"2026-08-30T16:47:21","modified_gmt":"2026-08-30T16:47:21","slug":"rusza-remont-obwodnicy-trojmiasta-nocne-prace-potrwaja-do-pazdziernika","status":"publish","type":"post","link":"https:\/\/www.europesays.com\/pl\/656134\/","title":{"rendered":"Rusza remont obwodnicy Tr\u00f3jmiasta. Nocne prace potrwaj\u0105 do pa\u017adziernika"},"content":{"rendered":"<p>            <a href=\"https:\/\/s-trojmiasto.pl\/zdj\/c\/n\/9\/4406\/1460x0\/4406034-Prace-remontowe-13-kilometrowego-fragmentu-obwodnicy-Trojmiasta-rozpoczna-sie-w-nocy-z-31-sierpnia-na-1-wrzesnia.webp\" target=\"_blank\" data-slide-name=\"859336\" data-lightbox-target=\"photo full\" data-sub-html=\"&lt;h4&gt;Prace remontowe 13-kilometrowego fragmentu obwodnicy Tr\u00f3jmiasta rozpoczn\u0105 si\u0119 w nocy z 31 sierpnia na 1 wrze\u015bnia.&lt;\/h4&gt;&lt;p&gt;fot. GDDiKA&lt;\/p&gt;&#010;\" class=\"photoMarker__link\" data-filter-brightness=\"brightness--100\" rel=\"nofollow noopener\"><\/p>\n<p>    <img decoding=\"async\" style=\"height:316px; aspect-ratio: 2.37013\/1; filter:brightness(1);\" alt=\"Prace remontowe 13-kilometrowego fragmentu obwodnicy Tr\u00f3jmiasta rozpoczn\u0105 si\u0119 w nocy z 31 sierpnia na 1 wrze\u015bnia.\" src=\"https:\/\/www.europesays.com\/pl\/wp-content\/uploads\/2026\/08\/4406034-Prace-remontowe-13-kilometrowego-fragmentu-obwodnicy-Trojmiasta-rozpoczna-sie-w.webp\" class=\"photoMarker__img \" data-slider=\"img\" fetchpriority=\"high\"\/><\/p>\n<p>            <\/a><\/p>\n<p class=\"lead\">W nocy z\u00a031 sierpnia na 1 wrze\u015bnia rozpocznie si\u0119 remont <a href=\"https:\/\/www.trojmiasto.pl\/dom\/Blisko-i1398.html\" class=\"parse-link\" title=\"Blisko\" rel=\"nofollow noopener\" target=\"_blank\">blisko<\/a> 13-kilometrowego odcinka Obwodnicy Tr\u00f3jmiasta. Drogowcy pojawi\u0105 si\u0119 na trasie mi\u0119dzy w\u0119z\u0142ami <a data-tklik=\"816602\" href=\"https:\/\/mapa.trojmiasto.pl\/#\/location\/-286.01,43.54\/map\/-274.59,51.84,3,b\" onclick=\"openMap(this.href); return false;\" target=\"_blank\" title=\"zobacz na mapie Gda\u0144ska\" rel=\"nofollow noopener\">Gda\u0144sk Owczarnia<img decoding=\"async\" class=\"icon-map\" src=\"https:\/\/www.trojmiasto.pl\/_img\/svg\/ico-map-flat.svg\" alt=\"Mapka\"\/><\/a> i\u00a0<a data-tklik=\"10852\" href=\"https:\/\/mapa.trojmiasto.pl\/#\/location\/-245.37,132.7\/map\/-256.12,149.3,2,b\" onclick=\"openMap(this.href); return false;\" target=\"_blank\" title=\"zobacz na mapie Gda\u0144ska\" rel=\"nofollow noopener\">Gda\u0144sk Lotnisko<img decoding=\"async\" class=\"icon-map\" src=\"https:\/\/www.trojmiasto.pl\/_img\/svg\/ico-map-flat.svg\" alt=\"Mapka\"\/><\/a> oraz <a data-tklik=\"347829\" href=\"https:\/\/mapa.trojmiasto.pl\/#\/location\/-128.5,370.84\/map\/-126.62,362.04,2,b\" onclick=\"openMap(this.href); return false;\" target=\"_blank\" title=\"zobacz na mapie Gda\u0144ska\" rel=\"nofollow noopener\">Gda\u0144sk Po\u0142udnie<img decoding=\"async\" class=\"icon-map\" src=\"https:\/\/www.trojmiasto.pl\/_img\/svg\/ico-map-flat.svg\" alt=\"Mapka\"\/><\/a> i\u00a0Rusocin (A1).<\/p>\n<p><\/p>\n<p>                                dobrze, rozumiem konieczno\u015b\u0107 remont\u00f3w i nie przeszkadzaj\u0105 mi utrudnienia<br \/>\n                                33%<\/p>\n<p>                                \u015brednio, staram si\u0119 planowa\u0107 tras\u0119 tak, aby ich unika\u0107<br \/>\n                                38%<\/p>\n<p>                                \u017ale, takie remonty s\u0105 dla mnie uci\u0105\u017cliwe i stresuj\u0105ce<br \/>\n                                29%<\/p>\n<p>Nowa nawierzchnia na obu jezdniach<\/p>\n<p>Prace obejm\u0105 obie jezdnie S6. Najpierw drogowcy sfrezuj\u0105 star\u0105 nawierzchni\u0119, nast\u0119pnie j\u0105 wzmocni\u0105 i\u00a0u\u0142o\u017c\u0105 now\u0105 warstw\u0119 \u015bcieraln\u0105. Na koniec od\u015bwie\u017cone zostanie oznakowanie poziome.<\/p>\n<p>Remont ma kosztowa\u0107 ponad 12 mln z\u0142 i\u00a0potrwa do po\u0142owy pa\u017adziernika. Za wykonanie prac odpowiada\u0107 b\u0119dzie firma <a href=\"https:\/\/www.trojmiasto.pl\/Colas-Polska-o99435.html\" data-tklik=\"624364\" rel=\"nofollow noopener\" target=\"_blank\">Colas Polska<\/a>.<\/p>\n<p>Pierwsze utrudnienia od 31 sierpnia<\/p>\n<p>Remont b\u0119dzie prowadzony etapami. W\u00a0pierwszej kolejno\u015bci, od nocy z\u00a031 sierpnia na 1 wrze\u015bnia, drogowcy zajm\u0105 si\u0119 odcinkiem Gda\u0144sk Lotnisko &#8211; Gda\u0144sk Owczarnia.<\/p>\n<p>Od 7 wrze\u015bnia prace obejm\u0105 tak\u017ce tras\u0119 mi\u0119dzy Rusocinem a\u00a0w\u0119z\u0142em Straszyn.<\/p>\n<p>                <a href=\"https:\/\/ogloszenia.trojmiasto.pl\/praca-zatrudnie\/budownictwo\/pelny-etat\/\" data-tklik=\"878015\" rel=\"nofollow noopener\" target=\"_blank\"><br \/>\n                    Wi\u0119cej w serwisie Og\u0142oszenia<br \/>\n                    (192)<\/p>\n<p>                <\/a><\/p>\n<p><\/p>\n<p>Roboty tylko w\u00a0nocy<\/p>\n<p>Prace b\u0119d\u0105 prowadzone w\u00a0godz. 20-5, pod ruchem. W\u00a0tym czasie kierowcy b\u0119d\u0105 mieli do dyspozycji jeden pas jezdni, a\u00a0w rejonie rob\u00f3t obowi\u0105zywa\u0107 b\u0119dzie ograniczenie pr\u0119dko\u015bci do 70 km\/h.<\/p>\n<p>W ci\u0105gu dnia, mi\u0119dzy godz. 5 a\u00a020, ruch ma odbywa\u0107 si\u0119 ca\u0142\u0105 szeroko\u015bci\u0105 jezdni, przy standardowym ograniczeniu pr\u0119dko\u015bci dla drogi ekspresowej.<\/p>\n<p>                                    <a data-tklik=\"154043\" href=\"https:\/\/katalog.trojmiasto.pl\/motoryzacja\/pomoc_drogowa\/\" rel=\"nofollow noopener\" target=\"_blank\"><br \/>\n                                                    Katalog.trojmiasto.pl \u2013<br \/>\n                                                                    Pomoc drogowa w Tr\u00f3jmie\u015bcie<br \/>\n                                                                    <\/a><\/p>\n<p>                <a data-tklik=\"154043\" href=\"https:\/\/katalog.trojmiasto.pl\/motoryzacja\/pomoc_drogowa\/\" rel=\"nofollow noopener\" target=\"_blank\"><br \/>\n                    wi\u0119cej<\/p>\n<p>                <\/a><\/p>\n<p><\/p>\n<p>To kolejny etap remontu obwodnicy<\/p>\n<p>W 2025 r. naprawiono blisko 2-kilometrowy odcinek mi\u0119dzy w\u0119z\u0142ami Gda\u0144sk Owczarnia i\u00a0Gda\u0144sk Lotnisko, na jezdni w\u00a0kierunku \u0141odzi.<\/p>\n<p><a href=\"https:\/\/www.trojmiasto.pl\/moto\/Remont-obwodnicy-po-wakacjach-Zyska-nowa-nawierzchnie-n219392.html\" data-tklik=\"447604\" class=\"marker-news component newsMarker\" rel=\"nofollow noopener\" target=\"_blank\"><br \/>\n            <img decoding=\"async\" src=\"https:\/\/www.europesays.com\/pl\/wp-content\/uploads\/2026\/08\/4316321__c_1037_0_4243_2970__kr.webp\" alt=\"Remont obwodnicy po wakacjach? Zyska now\u0105 nawierzchni\u0119\" class=\"lazy newsMarker__img\"\/><br \/>\n        Remont obwodnicy po wakacjach? Zyska now\u0105 nawierzchni\u0119<br \/>\n<\/a><\/p>\n<p>Drogowcy apeluj\u0105 do kierowc\u00f3w o\u00a0ostro\u017cno\u015b\u0107, zachowanie bezpiecznej odleg\u0142o\u015bci i\u00a0zwracanie uwagi na tymczasowe oznakowanie.\n                <\/p>\n","protected":false},"excerpt":{"rendered":"W nocy z\u00a031 sierpnia na 1 wrze\u015bnia rozpocznie si\u0119 remont blisko 13-kilometrowego odcinka Obwodnicy Tr\u00f3jmiasta. Drogowcy pojawi\u0105 si\u0119&hellip;\n","protected":false},"author":2,"featured_media":656135,"comment_status":"","ping_status":"","sticky":false,"template":"","format":"standard","meta":{"footnotes":"","_share_on_mastodon":"0"},"categories":[51610],"tags":[7750,3112,14818,1140,14816,16261,80536,60696,1048,125053,127949,10305,1856,24571,3751,33152,11567,33958,3757,9558,47340,11573,2995,14814,10284,14817,14815,1232,30961,24574,5833,7649,2431,1890,17335,67252,127947,10312,6483,42,38,40,39,41,4519,127948,50745,1367,54596,1392,1756,17861,15600,1052,11541,3813,8973,64524,14819,9104,2413,6244,21828,11540,3355,1813,4000,14820,10316,54524,6258,8944,8804,1716,2779,8955,22958,127946],"class_list":["post-656134","post","type-post","status-publish","format-standard","has-post-thumbnail","category-gdansk","tag-artykuly","tag-auto","tag-autohandel","tag-cena","tag-czesci-zamienne","tag-drogowiec","tag-dylatacja","tag-frezowanie","tag-gdansk","tag-gdansk-lotnisko","tag-gdansk-owczarnia","tag-gdansk-poludnie","tag-gddkia","tag-generalna-dyrekcja-drog-krajowych-i-autostrad","tag-godzina","tag-gwarancja","tag-jakosc","tag-jezdnia","tag-kierunek","tag-komis","tag-kryterium","tag-kwartal","tag-lotnisko","tag-modele","tag-modernizacja","tag-moto","tag-motocykle","tag-motoryzacja","tag-nawierzchnia","tag-noc","tag-obiekt","tag-obwodnica","tag-odcinek","tag-ograniczenie","tag-okres","tag-owczarnia","tag-owczarnia-lotnisko","tag-pas","tag-pazdziernik","tag-pl","tag-poland","tag-polish","tag-polska","tag-polski","tag-poludnie","tag-poludnie-rusocin","tag-pora","tag-porady","tag-poranek","tag-postepowanie","tag-praca","tag-predkosc","tag-przedluzenie","tag-przetarg","tag-realizacja","tag-remont","tag-ruch","tag-rusocin","tag-salon-samochodowy","tag-samochody","tag-sezon","tag-siatka","tag-strefa","tag-termin","tag-testy","tag-trasa","tag-trojmiasto","tag-uslugi-motoryzacyjne","tag-utrudnienie","tag-warstwa","tag-weekend","tag-wezel","tag-wieczor","tag-wrzesien","tag-wybor","tag-wykonawca","tag-wymiana","tag-zerwanie"],"share_on_mastodon":{"url":"","error":"Validation failed: Text character limit of 500 exceeded"},"_links":{"self":[{"href":"https:\/\/www.europesays.com\/pl\/wp-json\/wp\/v2\/posts\/656134","targetHints":{"allow":["GET"]}}],"collection":[{"href":"https:\/\/www.europesays.com\/pl\/wp-json\/wp\/v2\/posts"}],"about":[{"href":"https:\/\/www.europesays.com\/pl\/wp-json\/wp\/v2\/types\/post"}],"author":[{"embeddable":true,"href":"https:\/\/www.europesays.com\/pl\/wp-json\/wp\/v2\/users\/2"}],"replies":[{"embeddable":true,"href":"https:\/\/www.europesays.com\/pl\/wp-json\/wp\/v2\/comments?post=656134"}],"version-history":[{"count":0,"href":"https:\/\/www.europesays.com\/pl\/wp-json\/wp\/v2\/posts\/656134\/revisions"}],"wp:featuredmedia":[{"embeddable":true,"href":"https:\/\/www.europesays.com\/pl\/wp-json\/wp\/v2\/media\/656135"}],"wp:attachment":[{"href":"https:\/\/www.europesays.com\/pl\/wp-json\/wp\/v2\/media?parent=656134"}],"wp:term":[{"taxonomy":"category","embeddable":true,"href":"https:\/\/www.europesays.com\/pl\/wp-json\/wp\/v2\/categories?post=656134"},{"taxonomy":"post_tag","embeddable":true,"href":"https:\/\/www.europesays.com\/pl\/wp-json\/wp\/v2\/tags?post=656134"}],"curies":[{"name":"wp","href":"https:\/\/api.w.org\/{rel}","templated":true}]}}