{"id":656210,"date":"2026-08-30T17:46:15","date_gmt":"2026-08-30T17:46:15","guid":{"rendered":"https:\/\/www.europesays.com\/pl\/656210\/"},"modified":"2026-08-30T17:46:15","modified_gmt":"2026-08-30T17:46:15","slug":"co-planuja-orlen-i-veolia-podpisali-wazne-porozumienie","status":"publish","type":"post","link":"https:\/\/www.europesays.com\/pl\/656210\/","title":{"rendered":"Co planuj\u0105 ORLEN i Veolia? Podpisali wa\u017cne porozumienie"},"content":{"rendered":"<p style=\"text-align: justify;\">W ramach wsp\u00f3\u0142pracy ORLEN i Veolia b\u0119d\u0105 analizowa\u0107 projekty, kt\u00f3re mog\u0105 zosta\u0107 zrealizowane w Polsce. Chodzi zar\u00f3wno o inicjatywy dla przemys\u0142u, jak i rozwi\u0105zania zwi\u0105zane z miejsk\u0105 infrastruktur\u0105.<\/p>\n<p style=\"text-align: justify;\">Firmy chc\u0105 po\u0142\u0105czy\u0107 do\u015bwiadczenie i mo\u017cliwo\u015bci obu grup. ORLEN wnosi do wsp\u00f3\u0142pracy swoje zaplecze technologiczne, surowcowe i inwestycyjne, natomiast Veolia ma do\u015bwiadczenie w realizacji projekt\u00f3w komunalnych, przemys\u0142owych i \u015brodowiskowych.<\/p>\n<p style=\"text-align: justify;\">\u2013 ORLEN inwestuje w rozwi\u0105zania, kt\u00f3re wzmacniaj\u0105 bezpiecze\u0144stwo energetyczne i konkurencyjno\u015b\u0107 polskiej gospodarki. Wsp\u00f3\u0142praca z Veoli\u0105 wpisuje si\u0119 w ten kierunek, bo pozwala wykorzysta\u0107 do\u015bwiadczenie obu firm w obszarach, kt\u00f3re maj\u0105 dzi\u015b rosn\u0105ce znaczenie dla przemys\u0142u, energetyki i miast. Chcemy koncentrowa\u0107 si\u0119 na projektach, kt\u00f3re poprawiaj\u0105 efektywno\u015b\u0107 wykorzystania energii i surowc\u00f3w, wspieraj\u0105 rozw\u00f3j nowoczesnej infrastruktury oraz przynosz\u0105 wymiern\u0105 warto\u015b\u0107 biznesow\u0105 i \u015brodowiskow\u0105 \u2013 m\u00f3wi Ireneusz F\u0105fara, prezes ORLENU.<\/p>\n<p style=\"text-align: justify;\">Porozumienie obejmuje m.in. recykling mechaniczny i chemiczny, rozw\u00f3j biogazu i biometanu, popraw\u0119 efektywno\u015bci energetycznej w przemy\u015ble, gospodark\u0119 wodno-\u015bciekow\u0105, geotermi\u0119 oraz rozwi\u0105zania zwi\u0105zane z odnawialnymi \u017ar\u00f3d\u0142ami energii. Firmy chc\u0105 r\u00f3wnie\u017c szuka\u0107 sposob\u00f3w na lepsze wykorzystanie odpad\u00f3w i produkt\u00f3w ubocznych.<\/p>\n<p>Wsp\u00f3\u0142praca tak\u017ce z my\u015bl\u0105 o miastach<\/p>\n<p style=\"text-align: justify;\">Jednym z wa\u017cnych obszar\u00f3w wsp\u00f3\u0142pracy maj\u0105 by\u0107 r\u00f3wnie\u017c projekty realizowane w miastach. Veolia ma do\u015bwiadczenie we wsp\u00f3\u0142pracy z samorz\u0105dami, m.in. w zakresie ciep\u0142ownictwa, energetyki, gospodarki wodnej i us\u0142ug \u015brodowiskowych. ORLEN wsp\u00f3\u0142pracuje natomiast z samorz\u0105dami m.in. przy projektach zwi\u0105zanych z us\u0142ugami energetycznymi, transportem i budownictwem.<\/p>\n<p style=\"text-align: justify;\">\u2013 Najwi\u0119ksze wyzwania zwi\u0105zane z transformacj\u0105 energetyczn\u0105 wymagaj\u0105 wsp\u00f3\u0142pracy i \u0142\u0105czenia potencja\u0142\u00f3w. Widzimy du\u017ce mo\u017cliwo\u015bci rozwoju inicjatyw, kt\u00f3re b\u0119d\u0105 wspiera\u0142y dekarbonizacj\u0119, bezpiecze\u0144stwo energetyczne i budow\u0119 bardziej odpornych miast. To w\u0142a\u015bnie na styku energetyki, gospodarki o obiegu zamkni\u0119tym oraz nowoczesnych us\u0142ug \u015brodowiskowych powstaj\u0105 dzi\u015b rozwi\u0105zania odpowiadaj\u0105ce na potrzeby samorz\u0105d\u00f3w i przemys\u0142u. Chcemy wsp\u00f3lnie poszukiwa\u0107 przedsi\u0119wzi\u0119\u0107, kt\u00f3re mog\u0105 prze\u0142o\u017cy\u0107 si\u0119 na wymierne korzy\u015bci dla mieszka\u0144c\u00f3w, gospodarki i \u015brodowiska \u2013 m\u00f3wi Luiz Hanania, prezes zarz\u0105du, dyrektor generalny Grupy Veolia w Polsce.<\/p>\n<p style=\"text-align: justify;\">Wsp\u00f3lne dzia\u0142ania b\u0119d\u0105 prowadzone przede wszystkim na rynku polskim. Porozumienie zak\u0142ada jednak r\u00f3wnie\u017c mo\u017cliwo\u015b\u0107 analizowania wybranych projekt\u00f3w za granic\u0105, na rynkach, na kt\u00f3rych dzia\u0142aj\u0105 lub planuj\u0105 dzia\u0142alno\u015b\u0107 Grupa ORLEN i Grupa Veolia.<\/p>\n<p><img decoding=\"async\" data-not-lazy=\"\" alt=\"Micha\u0142 Wi\u015bniewski - zdj\u0119cie autora\" class=\"rounded-circle article__author--image\" src=\"https:\/\/www.europesays.com\/pl\/wp-content\/uploads\/2026\/08\/1788111975_657_214519bf-6e99-49d0-b021-5b8e57bc3eb0.jpeg\"\/><a href=\"https:\/\/portalplock.pl\/autor\/0JdyufHchFR5Kha1CyO3\" rel=\"nofollow noopener\" target=\"_blank\">Micha\u0142 Wi\u015bniewski<\/a><\/p>\n<p>Micha\u0142 Wi\u015bniewski &#8211; redaktor naczelny Portalu P\u0142ock. Absolwent dziennikarstwa i komunikacji spo\u0142ecznej na UMK. W P\u0142ocku urodzony, w P\u0142ocku wychowany. Kibicuj\u0119 Wis\u0142om P\u0142ock, interesuj\u0119 si\u0119 prawie wszystkim, co zwi\u0105zane z P\u0142ockiem.<\/p>\n","protected":false},"excerpt":{"rendered":"W ramach wsp\u00f3\u0142pracy ORLEN i Veolia b\u0119d\u0105 analizowa\u0107 projekty, kt\u00f3re mog\u0105 zosta\u0107 zrealizowane w Polsce. Chodzi zar\u00f3wno o&hellip;\n","protected":false},"author":2,"featured_media":656211,"comment_status":"","ping_status":"","sticky":false,"template":"","format":"standard","meta":{"footnotes":"","_share_on_mastodon":"0"},"categories":[52097],"tags":[774,21394,42,38,40,39,41],"class_list":["post-656210","post","type-post","status-publish","format-standard","has-post-thumbnail","category-orlen","tag-orlen","tag-pkn-orlen","tag-pl","tag-poland","tag-polish","tag-polska","tag-polski"],"share_on_mastodon":{"url":"https:\/\/pubeurope.com\/@pl\/117185714762357332","error":""},"_links":{"self":[{"href":"https:\/\/www.europesays.com\/pl\/wp-json\/wp\/v2\/posts\/656210","targetHints":{"allow":["GET"]}}],"collection":[{"href":"https:\/\/www.europesays.com\/pl\/wp-json\/wp\/v2\/posts"}],"about":[{"href":"https:\/\/www.europesays.com\/pl\/wp-json\/wp\/v2\/types\/post"}],"author":[{"embeddable":true,"href":"https:\/\/www.europesays.com\/pl\/wp-json\/wp\/v2\/users\/2"}],"replies":[{"embeddable":true,"href":"https:\/\/www.europesays.com\/pl\/wp-json\/wp\/v2\/comments?post=656210"}],"version-history":[{"count":0,"href":"https:\/\/www.europesays.com\/pl\/wp-json\/wp\/v2\/posts\/656210\/revisions"}],"wp:featuredmedia":[{"embeddable":true,"href":"https:\/\/www.europesays.com\/pl\/wp-json\/wp\/v2\/media\/656211"}],"wp:attachment":[{"href":"https:\/\/www.europesays.com\/pl\/wp-json\/wp\/v2\/media?parent=656210"}],"wp:term":[{"taxonomy":"category","embeddable":true,"href":"https:\/\/www.europesays.com\/pl\/wp-json\/wp\/v2\/categories?post=656210"},{"taxonomy":"post_tag","embeddable":true,"href":"https:\/\/www.europesays.com\/pl\/wp-json\/wp\/v2\/tags?post=656210"}],"curies":[{"name":"wp","href":"https:\/\/api.w.org\/{rel}","templated":true}]}}