{"id":656212,"date":"2026-08-30T17:47:14","date_gmt":"2026-08-30T17:47:14","guid":{"rendered":"https:\/\/www.europesays.com\/pl\/656212\/"},"modified":"2026-08-30T17:47:14","modified_gmt":"2026-08-30T17:47:14","slug":"efektowne-zwyciestwo-jagiellonii-rakow-rozstrzelany-sport-wiadomosci-bialystok-online-portal-miejski-bialystok-bialystok","status":"publish","type":"post","link":"https:\/\/www.europesays.com\/pl\/656212\/","title":{"rendered":"Efektowne zwyci\u0119stwo Jagiellonii. Rak\u00f3w rozstrzelany!, Sport, Wiadomo\u015bci Bia\u0142ystok Online Portal Miejski Bia\u0142ystok (Bialystok)"},"content":{"rendered":"\n<p>            <img decoding=\"async\" class=\"art-figimg\" src=\"https:\/\/www.europesays.com\/pl\/wp-content\/uploads\/2026\/08\/150581-e.jpg\" width=\"375\" height=\"250\" alt=\"Efektowne zwyci\u0119stwo Jagiellonii. Rak\u00f3w rozstrzelany!\" loading=\"lazy\" fetchpriority=\"high\"\/><br \/>\n            Fot: Jagiellonia Bia\u0142ystok<\/p>\n<p class=\"art-lid\">Siedem goli, wielkie emocje i kapitalna ko\u0144c\u00f3wka w wykonaniu Jagiellonii. \u017b\u00f3\u0142to-Czerwoni wygrali w Cz\u0119stochowie z Rakowem 5:2, odnosz\u0105c jedno z najbardziej efektownych zwyci\u0119stw w ostatnich miesi\u0105cach. Patrz\u0105c na ofensywn\u0105 gr\u0119 Bia\u0142ostoczan, r\u0119ce same sk\u0142ada\u0142y si\u0119 do oklask\u00f3w.<\/p>\n<p class=\"art-cont\">W starciu pucharowicz\u00f3w warunki dyktowa\u0142a Jagiellonia<\/p>\n<p>Spotkanie w Cz\u0119stochowie od pierwszych minut by\u0142o bardzo intensywne. Obie dru\u017cyny szuka\u0142y swoich okazji, jednak to gospodarze szybciej znale\u017ali drog\u0119 do bramki. W 23. minucie wynik otworzy\u0142 Mahir Emreli, kt\u00f3ry dobi\u0142 uderzenie jednego z koleg\u00f3w i Rak\u00f3w obj\u0105\u0142 prowadzenie.<\/p>\n<p>Jagiellonia ekspresowo jednak odpowiedzia\u0142a. W 31. minucie s\u0119dzia, za zagranie futbol\u00f3wki r\u0119k\u0105, wskaza\u0142 na jedenasty metr, a do pi\u0142ki podszed\u0142 Jesus Imaz. Hiszpan pewnie wykorzysta\u0142 rzut karny i doprowadzi\u0142 do wyr\u00f3wnania.<\/p>\n<p>Podopieczni Adriana Siemie\u0144ca nie zamierzali na tym poprzesta\u0107. Zaledwie 6 minut p\u00f3\u017aniej \u017b\u00f3\u0142to-Czerwoni przeprowadzili kolejn\u0105 skuteczn\u0105 akcj\u0119, kt\u00f3r\u0105 z bliska wyko\u0144czy\u0142 Nik Prelec, dzi\u0119ki czemu Jagiellonia odwr\u00f3ci\u0142a losy spotkania i na przerw\u0119 schodzi\u0142a z prowadzeniem 2:1.<\/p>\n<p>Tak naprawd\u0119 \u017b\u00f3\u0142to-Czerwoni powinni jednak zaaplikowa\u0107 gospodarzom nawet trzy czy cztery gole, bo sytuacji bramkowych nie brakowa\u0142o. Podopieczni Siemie\u0144ca grali z polotem, wiar\u0105 we w\u0142asne umiej\u0119tno\u015bci i po prostu wida\u0107 by\u0142o, \u017ce to Bia\u0142ostoczanie s\u0105 aktualnie w du\u017co lepszej dyspozycji.<\/p>\n<p>Zab\u00f3jcza ko\u0144c\u00f3wka i Rak\u00f3w na kolanach<\/p>\n<p>Po zmianie stron Rak\u00f3w niespodziewanie doprowadzi\u0142 do remisu, a interwencj\u0119 Abramowiczowi utrudni\u0142 rykoszet od bia\u0142ostockiego defensora, kt\u00f3rym by\u0142 Guilherme Montoia. Na list\u0119 strzelc\u00f3w wpisa\u0142 si\u0119 Jakub Jendryka.<\/p>\n<p>Odpowied\u017a Jagiellonii by\u0142a jednak niezwykle mocna. W 76. minucie Bia\u0142ostoczanie ponownie otrzymali rzut karny za r\u0119k\u0119 w szesnastce, a futbol\u00f3wk\u0119 do siatki zapakowa\u0142 Montoia, po czym cudown\u0105 akcj\u0119 Dumy Podlasia celnym uderzeniem wyko\u0144czy\u0142 Ousmane Sow.<\/p>\n<p>W samej ko\u0144c\u00f3wce meczu gospodarzy dobi\u0142 jeszcze Youssuf Sylla, kt\u00f3ry popisa\u0142 si\u0119 pi\u0119knym strza\u0142em z dystansu, w efekcie czego Jaga wygra\u0142a w Cz\u0119stochowie 5:2 i mo\u017cna powiedzie\u0107, \u017ce taki rezultat to dla Rakowa najni\u017cszy wymiar kary.<\/p>\n<p>Rak\u00f3w Cz\u0119stochowa &#8211; Jagiellonia Bia\u0142ystok 2:5 (1:2)<br \/>&#13;<br \/>\nBramki: Mahir Emreli 23, Jakub Jendryka 56 &#8211; Jesus Imaz 31k, Nik Prelec 37, Guilherme Montoia 76k, Ousmane Sow 78, Youssuf Sylla 89<\/p>\n<p>Rak\u00f3w Cz\u0119stochowa: Kacper Trelowski &#8211; Dieudonne Gaucho Debohi (46&#8242; Oskar Repka), Bogdan Racovitan, Fran Tudor (71&#8242; Arvid Brorsson) &#8211; Jakub Jendryka, W\u0142adys\u0142aw Koczerhin, Karol Struski (62&#8242; Oliwier Kwiatkowski), Patryk Makuch, Adin Molnar (62&#8242; Lamine Diaby-Fadiga), Jean Carlos Silva (46&#8242; Marko Perovi\u0107) &#8211; Mahir Emreli<\/p>\n<p>Jagiellonia Bia\u0142ystok: S\u0142awomir Abramowicz &#8211; Norbert Wojtuszek, Apostolos Konstantopoulos, Yuki Kobayashi, Guilherme Montoia &#8211; Rodrigo Conceicao (90&#8242; Kamil J\u00f3\u017awiak), Taras Romanczuk, Eryk Koz\u0142owski (69&#8242; Hampus Finndell), Jesus Imaz (46&#8242; Sergio Lozano), Kajetan Szmyt (69&#8242; Ousmane Sow) &#8211; Nik Prelec (86&#8242; Youssuf Sylla)<\/p>\n<p>\u017b\u00f3\u0142te kartki: Karol Struski (Rak\u00f3w Cz\u0119stochowa) i Eryk Koz\u0142owski (Jagiellonia Bia\u0142ystok).<\/p>\n<p class=\"art-autimg\">\n<p>                            <img decoding=\"async\" class=\"art-autimgi\" src=\"https:\/\/www.europesays.com\/pl\/wp-content\/uploads\/2026\/08\/1788112033_994_avatar_1x.jpg\" alt=\"Rafa\u0142 \u017buk\" width=\"64\" height=\"64\" loading=\"lazy\"\/><\/p>\n<p class=\"art-autname\">Rafa\u0142 \u017buk<\/p>\n<p>rafal.zuk@bialystokonline.pl<\/p>\n<p>Przeczytaj tak\u017ce<\/p>\n<p>&#13;<br \/>\n&#13;<br \/>\n&#13;<br \/>\n<img loading=\"lazy\" decoding=\"async\" src=\"https:\/\/www.europesays.com\/pl\/wp-content\/uploads\/2026\/08\/1788112034_519_adlog.gif\" width=\"0\" height=\"0\" alt=\"\" style=\"width: 0px; height: 0px;\"\/><\/p>\n<p>Popularne dzisiaj<\/p>\n","protected":false},"excerpt":{"rendered":"Fot: Jagiellonia Bia\u0142ystok Siedem goli, wielkie emocje i kapitalna ko\u0144c\u00f3wka w wykonaniu Jagiellonii. \u017b\u00f3\u0142to-Czerwoni wygrali w Cz\u0119stochowie z&hellip;\n","protected":false},"author":2,"featured_media":656213,"comment_status":"","ping_status":"","sticky":false,"template":"","format":"standard","meta":{"footnotes":"","_share_on_mastodon":"0"},"categories":[51614],"tags":[2151,51731,113,51730,3754,51738,127956,274,51735,4041,1096,1089,399,5809,17334,51736,2921,3840,51734,8736,1232,120,7116,17265,19285,42,5083,38,40,39,41,6309,1756,79448,8815,38950,123,800,4278,1323,51737,2879,253],"class_list":["post-656212","post","type-post","status-publish","format-standard","has-post-thumbnail","category-bialystok","tag-bialystok","tag-bialystokonline","tag-biznes","tag-bstok","tag-dom","tag-drobne","tag-efektowne-zwyciestwo-jagiellonii-rakow-rozstrzelany","tag-ekstraklasa","tag-firm","tag-firmy","tag-hotele","tag-imprezy","tag-informacje","tag-jagiellonia","tag-katalog","tag-kina","tag-koncert","tag-lokale","tag-miejski","tag-mieszkanie","tag-motoryzacja","tag-nauka","tag-ogloszenia","tag-on-line","tag-online","tag-pl","tag-podlasie","tag-poland","tag-polish","tag-polska","tag-polski","tag-portal","tag-praca","tag-rakow-czestochowasport","tag-repertuar","tag-rozklad","tag-rozrywka","tag-teatr","tag-turystyka","tag-uroda","tag-urzedy","tag-zakupy","tag-zdrowie"],"share_on_mastodon":{"url":"","error":"Validation failed: Text character limit of 500 exceeded"},"_links":{"self":[{"href":"https:\/\/www.europesays.com\/pl\/wp-json\/wp\/v2\/posts\/656212","targetHints":{"allow":["GET"]}}],"collection":[{"href":"https:\/\/www.europesays.com\/pl\/wp-json\/wp\/v2\/posts"}],"about":[{"href":"https:\/\/www.europesays.com\/pl\/wp-json\/wp\/v2\/types\/post"}],"author":[{"embeddable":true,"href":"https:\/\/www.europesays.com\/pl\/wp-json\/wp\/v2\/users\/2"}],"replies":[{"embeddable":true,"href":"https:\/\/www.europesays.com\/pl\/wp-json\/wp\/v2\/comments?post=656212"}],"version-history":[{"count":0,"href":"https:\/\/www.europesays.com\/pl\/wp-json\/wp\/v2\/posts\/656212\/revisions"}],"wp:featuredmedia":[{"embeddable":true,"href":"https:\/\/www.europesays.com\/pl\/wp-json\/wp\/v2\/media\/656213"}],"wp:attachment":[{"href":"https:\/\/www.europesays.com\/pl\/wp-json\/wp\/v2\/media?parent=656212"}],"wp:term":[{"taxonomy":"category","embeddable":true,"href":"https:\/\/www.europesays.com\/pl\/wp-json\/wp\/v2\/categories?post=656212"},{"taxonomy":"post_tag","embeddable":true,"href":"https:\/\/www.europesays.com\/pl\/wp-json\/wp\/v2\/tags?post=656212"}],"curies":[{"name":"wp","href":"https:\/\/api.w.org\/{rel}","templated":true}]}}