{"id":656238,"date":"2026-08-30T18:08:31","date_gmt":"2026-08-30T18:08:31","guid":{"rendered":"https:\/\/www.europesays.com\/pl\/656238\/"},"modified":"2026-08-30T18:08:31","modified_gmt":"2026-08-30T18:08:31","slug":"niedawno-taki-telewizor-kosztowal-fortune-dzis-pracujacy-polak-wejdzie-i-kupi-telepolis-pl","status":"publish","type":"post","link":"https:\/\/www.europesays.com\/pl\/656238\/","title":{"rendered":"Niedawno taki telewizor kosztowa\u0142 fortun\u0119. Dzi\u015b pracuj\u0105cy Polak wejdzie i kupi &#8211; Telepolis.pl"},"content":{"rendered":"<ol>\n<li><a href=\"https:\/\/news.google.com\/rss\/articles\/CBMickFVX3lxTFBkbG0yQjcxNnhKdE9lRVJIdTczc3ptT3Z1Ykl4VnJaYzRtZVZnMk05SGlfN1BmeXdSWm1Gb2w4VS15Mjc1bnlOZF9uX3NwWWF0T0NMTU05eGpKZFA5S3BBcDRTa0JaYng1aE9jeDRISHJKdw?oc=5\" target=\"_blank\" rel=\"nofollow noopener\">Niedawno taki telewizor kosztowa\u0142 fortun\u0119. Dzi\u015b pracuj\u0105cy Polak wejdzie i kupi<\/a>&nbsp;&nbsp;Telepolis.pl<\/li>\n<li><a href=\"https:\/\/news.google.com\/rss\/articles\/CBMisAFBVV95cUxPTTl6c3d1UlZkaFc1N1JUR3BhTWVETmF4WENiY2tuSlB4WXZrMlczQWVzSFlMSlBhV25EcmZiVXBIb3lwNE9pdkZvZkEzZHJFZ0hDc25LcjZka0dsc0hjeG9Ic01NVVV3SWdQcGx4Ykd5NmpIcWZ2MDZLakZNcXlLcFV1WGpUN0ppQjhoaVdiOE9fQzFCRTlRSmFlSEdkVDJZdU9Pc3RfLXpEbElrWGlDcA?oc=5\" target=\"_blank\" rel=\"nofollow noopener\">Ostatnie OLED-y LG C5 i mocna wyprzeda\u017c na 55 cali w Media Expert<\/a>&nbsp;&nbsp;Next Gazeta.pl<\/li>\n<li><a href=\"https:\/\/news.google.com\/rss\/articles\/CBMisgFBVV95cUxPVDZhdGxubmQ5RUluUVc5NFdCdk15Y1lfZFJoNnQ1VmhadmZ1Qk9Dc2Y4ZEpvWUVyWXJNZ0E3QjhMZEdMSGJQTXVobzNfWFlzQlBweE5sbnRJQTJWaTJVNjZwWXMteDYyeTVsbTZScEZQdGJQLXFybk9udnBMVWFLVnFid29pS2ljNDBZRGV6Z1hCdTVJek1rWWZTdjM0LTdlZnZSTWlTV3JVb3o2THJQTUdB?oc=5\" target=\"_blank\" rel=\"nofollow noopener\">Koniec horrendalnych cen? 83-calowe telewizory OLED wreszcie staj\u0105 si\u0119 dost\u0119pne<\/a>&nbsp;&nbsp;rtvManiaK.pl<\/li>\n<li><a href=\"https:\/\/news.google.com\/rss\/articles\/CBMiiAFBVV95cUxQN1d2Zm9iMEdIUTVIdTgxcmZjNDJlTFhoNTFNSGlRRC0ycHkzb3hYZVpGZ0JMa0dRV01VUjdxQW1VeGtNdnZfZ243U2x4V3phXy1tTGRlN0NjMV9scmY5b0lsNEI3czJsMm9xUXNFYUFsU2IyVXk1MHk0SjJYTXhNUjJkb21jMnRH?oc=5\" target=\"_blank\" rel=\"nofollow noopener\">QLED, Ambilight i 144 Hz! Hitowy Philips 55 cali w promocji<\/a>&nbsp;&nbsp;HDTVPolska<\/li>\n<li><a href=\"https:\/\/news.google.com\/rss\/articles\/CBMimgFBVV95cUxNczd3aGJnXzdwRVkzS2hoN0pvdDlCWXZudzJpNjFrWVlCMXVXLXg2bmhLaWFGaF9xOTg2NG9GY1Bpc3JzWDdlSEJGNWJJVnlhc1hQZTdvajVWMlNtT3d6ampQd3NvNFZScm1HVVRrb1owSXNXSEFTSzk1a0xSTlJQdWtQYUJ6WjZJVjJJZHNRQ055ZzFOOVFGTS1B?oc=5\" target=\"_blank\" rel=\"nofollow noopener\">Hitowy OLED z Ambilight w superokazji w Media Expert!<\/a>&nbsp;&nbsp;HDTVPolska<\/li>\n<\/ol>\n","protected":false},"excerpt":{"rendered":"Niedawno taki telewizor kosztowa\u0142 fortun\u0119. Dzi\u015b pracuj\u0105cy Polak wejdzie i kupi&nbsp;&nbsp;Telepolis.pl Ostatnie OLED-y LG C5 i mocna wyprzeda\u017c&hellip;\n","protected":false},"author":2,"featured_media":656239,"comment_status":"","ping_status":"","sticky":false,"template":"","format":"standard","meta":{"footnotes":"","_share_on_mastodon":"0"},"categories":[20],"tags":[24774,120,118,119,2378,32515,42,38,40,39,41,2072,116,114,115,629,121,117,32516],"class_list":["post-656238","post","type-post","status-publish","format-standard","has-post-thumbnail","category-nauka-i-technika","tag-lg-display","tag-nauka","tag-nauka-i-technika","tag-naukatechnika","tag-oled","tag-oled-tv","tag-pl","tag-poland","tag-polish","tag-polska","tag-polski","tag-samsung","tag-science","tag-science-and-technology","tag-sciencetechnology","tag-sprzet","tag-technika","tag-technology","tag-telewizory-oled"],"share_on_mastodon":{"url":"https:\/\/pubeurope.com\/@pl\/117185800104529296","error":""},"_links":{"self":[{"href":"https:\/\/www.europesays.com\/pl\/wp-json\/wp\/v2\/posts\/656238","targetHints":{"allow":["GET"]}}],"collection":[{"href":"https:\/\/www.europesays.com\/pl\/wp-json\/wp\/v2\/posts"}],"about":[{"href":"https:\/\/www.europesays.com\/pl\/wp-json\/wp\/v2\/types\/post"}],"author":[{"embeddable":true,"href":"https:\/\/www.europesays.com\/pl\/wp-json\/wp\/v2\/users\/2"}],"replies":[{"embeddable":true,"href":"https:\/\/www.europesays.com\/pl\/wp-json\/wp\/v2\/comments?post=656238"}],"version-history":[{"count":0,"href":"https:\/\/www.europesays.com\/pl\/wp-json\/wp\/v2\/posts\/656238\/revisions"}],"wp:featuredmedia":[{"embeddable":true,"href":"https:\/\/www.europesays.com\/pl\/wp-json\/wp\/v2\/media\/656239"}],"wp:attachment":[{"href":"https:\/\/www.europesays.com\/pl\/wp-json\/wp\/v2\/media?parent=656238"}],"wp:term":[{"taxonomy":"category","embeddable":true,"href":"https:\/\/www.europesays.com\/pl\/wp-json\/wp\/v2\/categories?post=656238"},{"taxonomy":"post_tag","embeddable":true,"href":"https:\/\/www.europesays.com\/pl\/wp-json\/wp\/v2\/tags?post=656238"}],"curies":[{"name":"wp","href":"https:\/\/api.w.org\/{rel}","templated":true}]}}