{"id":656249,"date":"2026-08-30T18:13:10","date_gmt":"2026-08-30T18:13:10","guid":{"rendered":"https:\/\/www.europesays.com\/pl\/656249\/"},"modified":"2026-08-30T18:13:10","modified_gmt":"2026-08-30T18:13:10","slug":"tusk-i-duda-starli-sie-na-zdjecia-bohaterami-piesiewicz-i-putin-wprost","status":"publish","type":"post","link":"https:\/\/www.europesays.com\/pl\/656249\/","title":{"rendered":"Tusk i Duda starli si\u0119 na zdj\u0119cia. Bohaterami Piesiewicz i Putin \u2013 Wprost"},"content":{"rendered":"\n<p>&#13;<br \/>\nInternetowe starcie rozpocz\u0105\u0142 w\u00a0niedziel\u0119 Donald Tusk. Premier zamie\u015bci\u0142 archiwalne zdj\u0119cie Rados\u0142awa Piesiewicza w\u00a0towarzystwie \u00f3wczesnego prezydenta Andrzeja Dudy i\u00a0prezydenta elekta Karola Nawrockiego. \u201eTu si\u0119 nie\u00a0ma\u00a0co \u015bmia\u0107, panowie\u2026\u201d \u2013\u00a0napisa\u0142 szef rz\u0105du. &#13;\n<\/p>\n<p>&#13;<br \/>\nFotografia zosta\u0142a wykonana 1\u00a0sierpnia 2025 roku w\u00a0Pa\u0142acu Prezydenckim. Spotkanie dotyczy\u0142o polskiego sportu i\u00a0wsp\u00f3\u0142pracy g\u0142owy pa\u0144stwa z\u00a0Polskim Komitetem Olimpijskim. &#13;\n<\/p>\n<p>&#13;<br \/>\nWpis Tuska pojawi\u0142 si\u0119 dzie\u0144 po\u00a0tym, jak <a href=\"https:\/\/www.wprost.pl\/kraj\/12426939\/radoslaw-piesiewicz-w-areszcie-sad-zdecydowal-o-3-miesiacach.html\" title=\"Nocne posiedzenie s\u0105du w\u00a0sprawie Piesiewicza. Z\u00a0aresztu d\u0142ugo nie\u00a0wyjdzie\" target=\"_blank\" rel=\"nofollow noopener\">s\u0105d zdecydowa\u0142 o\u00a0trzymiesi\u0119cznym areszcie<\/a> dla\u00a0prezesa PKOl. Rados\u0142aw Piesiewicz us\u0142ysza\u0142 zarzuty p\u0142atnej protekcji oraz\u00a0zaspokojenia cz\u0119\u015bci wierzycieli Zondacrypto z\u00a0pokrzywdzeniem pozosta\u0142ych. Nie\u00a0przyzna\u0142 si\u0119 do\u00a0winy. &#13;\n<\/p>\n<p>Andrzej Duda odpowiada zdj\u0119ciem z\u00a0Putinem<\/p>\n<p>&#13;<br \/>\nAndrzej Duda szybko odpowiedzia\u0142 na\u00a0zaczepk\u0119 premiera. By\u0142y prezydent opublikowa\u0142 archiwalne fotografie Donalda Tuska z\u00a0rosyjskimi politykami, w\u00a0tym zdj\u0119cie wykonane podczas spotkania z\u00a0W\u0142adimirem Putinem na\u00a0sopockim molo w\u00a02009 roku. \u201ePremier Tusk chyba traci czujno\u015b\u0107, je\u015bli zaczyna licytacj\u0119 na\u00a0zdj\u0119cia\u201d \u2013\u00a0stwierdzi\u0142 Duda. &#13;\n<\/p>\n<p>&#13;<br \/>\nBy\u0142y prezydent pokaza\u0142 nast\u0119pnie dokument z\u00a02011 roku, w\u00a0kt\u00f3rym Donald Tusk zgodzi\u0142 si\u0119 na\u00a0podj\u0119cie przez S\u0142u\u017cb\u0119 Kontrwywiadu Wojskowego wsp\u00f3\u0142pracy ze\u00a0s\u0142u\u017cbami kilku pa\u0144stw, w\u00a0tym Rosji i\u00a0Chin. \u201ePremierze Tusk, czyj to\u00a0podpis? Po\u00a0agresji na\u00a0Gruzj\u0119? Po\u00a0katastrofie w\u00a0Smole\u0144sku?&#8221; \u2013\u00a0zapyta\u0142 Duda. &#13;\n<\/p>\n<p>&#13;<br \/>\nJak zwraca uwag\u0119 Onet, dokument dotyczy\u0142 r\u00f3wnie\u017c przygotowa\u0144 do\u00a0bezpiecznej ewakuacji polskich \u017co\u0142nierzy z\u00a0Afganistanu. &#13;\n<\/p>\n<p>&#13;<br \/>\nDo wymiany w\u0142\u0105czy\u0142 si\u0119 Rados\u0142aw Sikorski. Szef MSZ zareagowa\u0142 na\u00a0opublikowan\u0105 przez Dud\u0119 fotografi\u0119 z\u00a0oficjalnej wizyty Siergieja \u0141awrowa w\u00a0Polsce. \u201eSzkalowanie zdj\u0119ciami z\u00a0oficjalnej wizyty \u0141awrowa w\u00a0Polsce Panu nie\u00a0przeszkadza\u201d \u2013\u00a0odpowiedzia\u0142 Sikorski. &#13;\n<\/p>\n<p>&#13;<br \/>\n   Czytaj te\u017c:<br \/><a href=\"https:\/\/www.wprost.pl\/kraj\/12427098\/nawrocki-o-braku-finansowania-tk-w-budzecie-i-kandydaturze-berka.html\" rel=\"follow nofollow noopener\" data-schema=\"WPROST\" data-image=\"https:\/\/img.wprost.pl\/_thumb\/ae\/a0\/03504cdb268ca5b11f31f9d3bba6.jpeg\" target=\"_blank\">Nawrocki o\u00a0bud\u017cecie TK i\u00a0kandydaturze Berka. \u201eDzia\u0142anie antypa\u0144stwowe\u201d<\/a>   Czytaj te\u017c:<br \/><a href=\"https:\/\/www.wprost.pl\/kraj\/12427053\/tusk-ostrzega-przed-rosja-fico-odpowiada.html\" rel=\"follow nofollow noopener\" data-schema=\"WPROST\" data-image=\"https:\/\/img.wprost.pl\/_thumb\/7b\/1e\/c398ae4aeeb70039b444bd395629.jpeg\" target=\"_blank\">Tusk ostrzega przed Rosj\u0105. Fico: Pok\u00f3j mo\u017cliwy tylko z\u00a0ni\u0105<\/a>&#13;<\/p>\n","protected":false},"excerpt":{"rendered":"&#13; Internetowe starcie rozpocz\u0105\u0142 w\u00a0niedziel\u0119 Donald Tusk. Premier zamie\u015bci\u0142 archiwalne zdj\u0119cie Rados\u0142awa Piesiewicza w\u00a0towarzystwie \u00f3wczesnego prezydenta Andrzeja Dudy&hellip;\n","protected":false},"author":2,"featured_media":656250,"comment_status":"","ping_status":"","sticky":false,"template":"","format":"standard","meta":{"footnotes":"","_share_on_mastodon":"0"},"categories":[62713],"tags":[2251,1345,690,49,59734,15347,907,3121,4046,39608,698,43315,17994],"class_list":["post-656249","post","type-post","status-publish","format-standard","has-post-thumbnail","category-donald-tusk","tag-andrzej-duda","tag-donald-tusk","tag-karol-nawrocki","tag-kraj","tag-opinie-i-komentarze","tag-pkol","tag-polityka","tag-radoslaw-piesiewicz","tag-radoslaw-sikorski","tag-siergiej-lawrow","tag-wladimir-putin","tag-wprost","tag-zondacrypto"],"share_on_mastodon":{"url":"https:\/\/pubeurope.com\/@pl\/117185820055671237","error":""},"_links":{"self":[{"href":"https:\/\/www.europesays.com\/pl\/wp-json\/wp\/v2\/posts\/656249","targetHints":{"allow":["GET"]}}],"collection":[{"href":"https:\/\/www.europesays.com\/pl\/wp-json\/wp\/v2\/posts"}],"about":[{"href":"https:\/\/www.europesays.com\/pl\/wp-json\/wp\/v2\/types\/post"}],"author":[{"embeddable":true,"href":"https:\/\/www.europesays.com\/pl\/wp-json\/wp\/v2\/users\/2"}],"replies":[{"embeddable":true,"href":"https:\/\/www.europesays.com\/pl\/wp-json\/wp\/v2\/comments?post=656249"}],"version-history":[{"count":0,"href":"https:\/\/www.europesays.com\/pl\/wp-json\/wp\/v2\/posts\/656249\/revisions"}],"wp:featuredmedia":[{"embeddable":true,"href":"https:\/\/www.europesays.com\/pl\/wp-json\/wp\/v2\/media\/656250"}],"wp:attachment":[{"href":"https:\/\/www.europesays.com\/pl\/wp-json\/wp\/v2\/media?parent=656249"}],"wp:term":[{"taxonomy":"category","embeddable":true,"href":"https:\/\/www.europesays.com\/pl\/wp-json\/wp\/v2\/categories?post=656249"},{"taxonomy":"post_tag","embeddable":true,"href":"https:\/\/www.europesays.com\/pl\/wp-json\/wp\/v2\/tags?post=656249"}],"curies":[{"name":"wp","href":"https:\/\/api.w.org\/{rel}","templated":true}]}}