{"id":656281,"date":"2026-08-30T18:38:16","date_gmt":"2026-08-30T18:38:16","guid":{"rendered":"https:\/\/www.europesays.com\/pl\/656281\/"},"modified":"2026-08-30T18:38:16","modified_gmt":"2026-08-30T18:38:16","slug":"pasazer-rozmyslil-sie-w-trakcie-lotu-wizz-air-zabral-go-z-powrotem","status":"publish","type":"post","link":"https:\/\/www.europesays.com\/pl\/656281\/","title":{"rendered":"Pasa\u017cer rozmy\u015bli\u0142 si\u0119 w trakcie lotu. Wizz Air zabra\u0142 go z powrotem"},"content":{"rendered":"<p>Histori\u0119 &#8222;najbardziej niezdecydowanego pasa\u017cera \u015bwiata&#8221; opisa\u0142 w\u0119gierski portal 444. Na facebookowej grupie po\u015bwi\u0119conej pasa\u017cerom poszkodowanym przez tanie linie lotnicze pojawi\u0142 si\u0119 wpis m\u0119\u017cczyzny, kt\u00f3ry w ostatnim czasie podr\u00f3\u017cowa\u0142 Wizz Airem.<\/p>\n<p>Pasa\u017cer we wtorek, 25 sierpnia, mia\u0142 kupiony bilet lotniczy z Budapesztu na Kret\u0119, do Heraklionu. Tu\u017c przed startem samolotu podr\u00f3\u017cny mia\u0142 si\u0119 rozmy\u015bli\u0107 i zrezygnowa\u0107 z wej\u015bcia na pok\u0142ad. Nast\u0119pnie nazwisko m\u0119\u017cczyzny mia\u0142o zosta\u0107 usuni\u0119te z listy pasa\u017cer\u00f3w.<\/p>\n<p>Z relacji podr\u00f3\u017cnego wynika, \u017ce zmierzaj\u0105c w stron\u0119 wyj\u015bcia z lotniska, ponownie zmieni\u0142 zdanie i zdecydowa\u0142, \u017ce jednak chce wsi\u0105\u015b\u0107 na pok\u0142ad. &#8222;Pani bardzo rzeczowo wyja\u015bni\u0142a mi, \u017ce to ju\u017c nie jest takie proste, poniewa\u017c zosta\u0142em w mi\u0119dzyczasie usuni\u0119ty z listy pasa\u017cer\u00f3w i mog\u0119 wr\u00f3ci\u0107 do samolotu tylko wtedy, je\u015bli otrzymaj\u0105 na to specjaln\u0105 zgod\u0119 kapitana&#8221; \u2014 pisze we wpisie na Facebooku.<\/p>\n<p>Po kilku minutach okaza\u0142o si\u0119, \u017ce pasa\u017cer mo\u017ce wsi\u0105\u015b\u0107 na pok\u0142ad. Jednak to nie koniec historii. <\/p>\n<blockquote class=\"ods-o-quote\">\n<p class=\"ods-o-quote__paragraph\">&#8222;Wyruszyli\u015bmy w stron\u0119 Heraklionu, a w pewnym momencie podczas lotu znowu przypomnia\u0142em sobie, jaki w\u0142a\u015bciwie by\u0142 cel tej podr\u00f3\u017cy, kt\u00f3ry niestety straci\u0142 dla mnie sens. Wtedy ju\u017c czu\u0142em, \u017ce absolutnie nie chc\u0119 zostawa\u0107 na Krecie, tylko chcia\u0142bym wr\u00f3ci\u0107 do Budapesztu tym samym samolotem&#8221; <\/p>\n<\/blockquote>\n<p>\u2014 relacjonuje m\u0119\u017cczyzna.<\/p>\n<p>Podr\u00f3\u017cny stwierdzi\u0142, \u017ce nie mia\u0142 \u017cadnego biletu na rejs powrotny, ale postanowi\u0142 zapyta\u0107 szefa personelu pok\u0142adowego, czy jest szansa na odbycie lotu do Budapesztu.<\/p>\n<p>Szef personelu pok\u0142adowego poinformowa\u0142 pasa\u017cera, \u017ce za\u0142oga spr\u00f3buje mu pom\u00f3c, jednak konieczne b\u0119dzie uzgodnienie sprawy z lini\u0105 lotnicz\u0105, kapitanem oraz obs\u0142ug\u0105 naziemn\u0105. Pocz\u0105tkowo zak\u0142adano, \u017ce po wyl\u0105dowaniu w Heraklionie m\u0119\u017cczyzna b\u0119dzie musia\u0142 opu\u015bci\u0107 samolot, kupi\u0107 bilet powrotny i otrzyma\u0107 now\u0105 kart\u0119 pok\u0142adow\u0105, a nast\u0119pnie zosta\u0107 ponownie odprowadzony do maszyny.<\/p>\n<p class=\"ods-o-frame-in-text__paragraph\"><a href=\"https:\/\/podroze.onet.pl\/aktualnosci\/polak-o-koszmarnych-wakacjach-w-egipcie-z-sejfu-w-hotelu-zniknely-paszporty\/c6hlzfk\" id=\"17af8b10-01c5-4eed-a7e8-eef0f1c08018\" rel=\"nofollow noopener\" target=\"_blank\">Wakacje w Egipcie zamieni\u0142y si\u0119 koszmar<\/a><\/p>\n<p class=\"ods-o-frame-in-text__paragraph\">&#8222;Z sejfu w hotelu znikn\u0119\u0142y paszporty&#8221;<\/p>\n<p><img class=\"ods-a-photo ods-a-photo--background\" src=\"https:\/\/www.europesays.com\/pl\/wp-content\/uploads\/2026\/08\/Bp8k9lBaHR0cHM6Ly9vY2RuLmV1L3B1bHNjbXMvTURBXy8yMGYwNjAwNmMxZDRkZmY4ZjYyZDdjYTdkMjdmNTlhYy5wbmeRlQLNA.jpeg\" height=\"254\" width=\"450\" alt=\"Polski turysta o skradzionych paszportach na wakacjach w Egipcie\" loading=\"lazy\" fetchpriority=\"low\" decoding=\"async\"\/><\/p>\n<p>Ostatecznie przebieg wydarze\u0144 by\u0142 jednak zupe\u0142nie inny. Po wyl\u0105dowaniu na Krecie pasa\u017cer pozosta\u0142 na pok\u0142adzie, podczas gdy pozostali podr\u00f3\u017cni opu\u015bcili samolot. Za\u0142oga rozpocz\u0119\u0142a przygotowania do rejsu powrotnego do Budapesztu, a m\u0119\u017cczyzna czeka\u0142 w pierwszym rz\u0119dzie na decyzj\u0119 w swojej sprawie. Jak twierdzi, po oko\u0142o 10 minutach do samolotu wszed\u0142 pracownik obs\u0142ugi naziemnej z przygotowan\u0105 dla niego kart\u0105 pok\u0142adow\u0105 na rejs Heraklion\u2014Budapeszt.<\/p>\n<blockquote class=\"ods-o-quote\">\n<p class=\"ods-o-quote__paragraph\">&#8222;Nie musia\u0142em wraca\u0107 do terminala, nie musia\u0142em ponownie przechodzi\u0107 kontroli bezpiecze\u0144stwa, nie musia\u0142em sam za\u0142atwia\u0107 biletu. A jeszcze bardziej zaskoczy\u0142o mnie to, \u017ce za lot powrotny nie musia\u0142em zap\u0142aci\u0107 ani jednego forinta. Po prostu wszystko dla mnie za\u0142atwili&#8221; <\/p>\n<\/blockquote>\n<p>\u2014 relacjonowa\u0142 pasa\u017cer.<\/p>\n<p>Nied\u0142ugo p\u00f3\u017aniej rozpocz\u0119\u0142o si\u0119 przyjmowanie na pok\u0142ad pasa\u017cer\u00f3w lec\u0105cych do Budapesztu. M\u0119\u017cczyzna pozosta\u0142 w tym samym samolocie i wr\u00f3ci\u0142 nim na W\u0119gry.<\/p>\n<p>Podr\u00f3\u017cny podkre\u015bli\u0142, \u017ce najbardziej zaskoczy\u0142o go podej\u015bcie za\u0142ogi. Jak przekaza\u0142, pracownicy linii przez ca\u0142y czas mieli zachowywa\u0107 si\u0119 spokojnie i cierpliwie oraz nie dali mu odczu\u0107, \u017ce jego nietypowa pro\u015bba stanowi dla nich problem.<\/p>\n<p>Dziennikarz portalu 444 pocz\u0105tkowo podchodzi\u0142 do opisanej historii z du\u017c\u0105 rezerw\u0105 i podejrzewa\u0142, \u017ce mo\u017ce by\u0107 ona zmy\u015blona lub stanowi\u0107 element akcji promocyjnej przewo\u017anika. Redakcja zwr\u00f3ci\u0142a si\u0119 wi\u0119c do Wizz Aira z pro\u015bb\u0105 o potwierdzenie zdarzenia. Linia lotnicza przekaza\u0142a za po\u015brednictwem swojej agencji komunikacyjnej, \u017ce historia rzeczywi\u015bcie mia\u0142a miejsce.<\/p>\n<blockquote class=\"ods-o-quote\">\n<p class=\"ods-o-quote__paragraph\">&#8222;Tak, linia lotnicza potwierdzi\u0142a, \u017ce rzeczywi\u015bcie zorganizowa\u0142a bilet potrzebny temu pasa\u017cerowi do powrotu do domu&#8221; <\/p>\n<\/blockquote>\n<p>\u2014 brzmi odpowied\u017a przewo\u017anika cytowana przez 444.<\/p>\n<p>Wizz Air potwierdzi\u0142 wi\u0119c, \u017ce zorganizowa\u0142 pasa\u017cerowi podr\u00f3\u017c powrotn\u0105, jednak w przytoczonej odpowiedzi nie odni\u00f3s\u0142 si\u0119 wprost do tego, czy bilet by\u0142 bezp\u0142atny. To sam m\u0119\u017cczyzna utrzymywa\u0142, \u017ce za powr\u00f3t do Budapesztu nie zap\u0142aci\u0142 ani jednego forinta. Portal 444 informuje p\u00f3\u017aniej, \u017ce pasa\u017cer usun\u0105\u0142 sw\u00f3j wpis z publicznej grupy na Facebooku.<\/p>\n","protected":false},"excerpt":{"rendered":"Histori\u0119 &#8222;najbardziej niezdecydowanego pasa\u017cera \u015bwiata&#8221; opisa\u0142 w\u0119gierski portal 444. Na facebookowej grupie po\u015bwi\u0119conej pasa\u017cerom poszkodowanym przez tanie linie&hellip;\n","protected":false},"author":2,"featured_media":656282,"comment_status":"","ping_status":"","sticky":false,"template":"","format":"standard","meta":{"footnotes":"","_share_on_mastodon":"0"},"categories":[16],"tags":[210,113,61195,7226,112,19507,48,46,1071,55,42,38,40,39,41,47,7386],"class_list":["post-656281","post","type-post","status-publish","format-standard","has-post-thumbnail","category-biznes","tag-aktualnosci","tag-biznes","tag-bottomfeed_styl","tag-budapeszt","tag-business","tag-kreta","tag-nat_styl","tag-omp","tag-pasazer","tag-phx","tag-pl","tag-poland","tag-polish","tag-polska","tag-polski","tag-screening_general","tag-wizz_air"],"share_on_mastodon":{"url":"","error":""},"_links":{"self":[{"href":"https:\/\/www.europesays.com\/pl\/wp-json\/wp\/v2\/posts\/656281","targetHints":{"allow":["GET"]}}],"collection":[{"href":"https:\/\/www.europesays.com\/pl\/wp-json\/wp\/v2\/posts"}],"about":[{"href":"https:\/\/www.europesays.com\/pl\/wp-json\/wp\/v2\/types\/post"}],"author":[{"embeddable":true,"href":"https:\/\/www.europesays.com\/pl\/wp-json\/wp\/v2\/users\/2"}],"replies":[{"embeddable":true,"href":"https:\/\/www.europesays.com\/pl\/wp-json\/wp\/v2\/comments?post=656281"}],"version-history":[{"count":0,"href":"https:\/\/www.europesays.com\/pl\/wp-json\/wp\/v2\/posts\/656281\/revisions"}],"wp:featuredmedia":[{"embeddable":true,"href":"https:\/\/www.europesays.com\/pl\/wp-json\/wp\/v2\/media\/656282"}],"wp:attachment":[{"href":"https:\/\/www.europesays.com\/pl\/wp-json\/wp\/v2\/media?parent=656281"}],"wp:term":[{"taxonomy":"category","embeddable":true,"href":"https:\/\/www.europesays.com\/pl\/wp-json\/wp\/v2\/categories?post=656281"},{"taxonomy":"post_tag","embeddable":true,"href":"https:\/\/www.europesays.com\/pl\/wp-json\/wp\/v2\/tags?post=656281"}],"curies":[{"name":"wp","href":"https:\/\/api.w.org\/{rel}","templated":true}]}}