{"id":656283,"date":"2026-08-30T18:39:12","date_gmt":"2026-08-30T18:39:12","guid":{"rendered":"https:\/\/www.europesays.com\/pl\/656283\/"},"modified":"2026-08-30T18:39:12","modified_gmt":"2026-08-30T18:39:12","slug":"dar-od-wenezueli-donald-trump-z-nowym-pomyslem","status":"publish","type":"post","link":"https:\/\/www.europesays.com\/pl\/656283\/","title":{"rendered":"&#8222;Dar od Wenezueli&#8221;. Donald Trump z nowym pomys\u0142em"},"content":{"rendered":"<p>&#8222;Jedn\u0105 z rzeczy, kt\u00f3re zamierzam zrobi\u0107 z wenezuelsk\u0105 rop\u0105, jest uzupe\u0142nienie Strategicznych Rezerw Narodowych, kt\u00f3re z powodu \u015bpi\u0105cego Joe Bidena zosta\u0142y praktycznie opr\u00f3\u017cnione&#8221; \u2014 napisa\u0142 Trump we wpisie na Truth Social. &#8222;Proces uzupe\u0142niania zapas\u00f3w rozpocznie si\u0119 wkr\u00f3tce i jest darem Wenezueli dla narodu Stan\u00f3w Zjednoczonych. Dzi\u0119kuj\u0119!&#8221; \u2014 doda\u0142.<\/p>\n<p>Jego wypowied\u017a odnosi si\u0119 do og\u0142oszonego w pi\u0105tek porozumienia, wedle kt\u00f3rego <a href=\"https:\/\/wiadomosci.onet.pl\/swiat\/donald-trump-oglasza-umowe-z-wenezuela-usa-przejma-kontrole-nad-ropa\/0phnrbe\" id=\"3bcb9dc1-8edc-4d04-9481-bf9f5c82647e\" rel=\"nofollow noopener\" target=\"_blank\">Stany Zjednoczone maj\u0105 obj\u0105\u0107 wi\u0119kszo\u015bciow\u0105 kontrol\u0119 nad ponad 65 mld bary\u0142kami potwierdzonych rezerw wenezuelskiej ropy naftowej<\/a>. Wed\u0142ug Departamentu Stanu Wenezuela ma otrzyma\u0107 w zamian 100 mld dol. prywatnych inwestycji z USA.<\/p>\n<p>Wed\u0142ug &#8222;Wall Street Journal&#8221; kontrol\u0119 nad wenezuelskimi z\u0142o\u017cami obj\u0105\u0107 ma specjalna sp\u00f3\u0142ka rz\u0105du USA oraz wenezuelskiego operatora, w kt\u00f3rej USA ma obj\u0105\u0107 55 proc. udzia\u0142\u00f3w. Ma to uczyni\u0107 z nowego pa\u0144stwowego podmiotu drug\u0105 najwi\u0119ksz\u0105 sp\u00f3\u0142k\u0119 naftow\u0105 pod wzgl\u0119dem posiadanych z\u0142\u00f3\u017c po saudyjskim Aramco.<\/p>\n<p>&#8222;Trump precz&#8221;. USA realizuj\u0105 ostatni element planu wobec Wenezueli \u2014 i wk\u0142adaj\u0105 kij w szprychy. Mieszka\u0144cy oburzeni. &#8222;To gorsze ni\u017c kapitulacja&#8221;<\/p>\n<p class=\"ods-o-frame-in-text__paragraph\"><a href=\"https:\/\/wiadomosci.onet.pl\/swiat\/usa-realizuja-ostatni-element-planu-wobec-wenezueli-trump-precz\/2ljer62?tpcc=202608_bloczek_newsroom\" id=\"23a1e234-293e-4170-8d21-2ac254a7b8ef\" rel=\"nofollow noopener\" target=\"_blank\">Przeczytaj ca\u0142o\u015b\u0107 artyku\u0142u!<\/a><\/p>\n<p><img class=\"ods-a-photo ods-a-photo--background\" src=\"https:\/\/www.europesays.com\/pl\/wp-content\/uploads\/2026\/08\/2hrk9lBaHR0cHM6Ly9vY2RuLmV1L3B1bHNjbXMvTURBXy8wMWZmYjQ3Njg1OGEzNzdkYjYyZjQ3Yjk3MmViZTFjMC5qcGeRlQLNA.jpeg\" height=\"300\" width=\"450\" alt=\"Uczestnik protestu przeciwko dzia\u0142aniom USA w Wenezueli w masce z twarz\u0105 prezydenta USA Donalda Trumpa i z kanistrem z podpisem &quot;moja ropa&quot;, Seul, Korea Po\u0142udniowa, 5 stycznia 2026 r.\" loading=\"lazy\" fetchpriority=\"low\" decoding=\"async\"\/>Niski poziom zapas\u00f3w ropy USA<\/p>\n<p>Obydwie poprzednie administracje wypuszcza\u0142y rop\u0119 ze Strategicznej Rezerwy Naftowej na rynek, by ustabilizowa\u0107 \u015bwiatowe ceny ropy naftowej po szokach zwi\u0105zanych z wojn\u0105 w Ukrainie, a ostatnio wojn\u0105 z Iranem. O ile administracja Bidena cz\u0119\u015bciowo uzupe\u0142ni\u0142a rezerwy, interwencja Trumpa uszczupli\u0142a je do poziomu poni\u017cej 300 mln bary\u0142ek, najni\u017cszego od 1982 r.<\/p>\n<p>&#8222;Teraz widzimy, dlaczego Trump najecha\u0142 Wenezuel\u0119&#8221;<\/p>\n<p>Niecodzienna umowa o przej\u0119ciu wenezuelskiej ropy wzbudzi\u0142a fal\u0119 krytyki, m.in. ze strony Demokrat\u00f3w, ale \u2014 jak zaznacza &#8222;New York Times&#8221; \u2014 r\u00f3wnie\u017c cz\u0119\u015bci wenezuelskiej opozycji, niezadowolonej z braku demokratycznych zmian w Wenezueli.<\/p>\n<p>&#8222;Teraz widzimy, dlaczego Trump najecha\u0142 Wenezuel\u0119. Odsun\u0105\u0142 dyktatora Maduro, ale utrzyma\u0142 jego wiceprezydentk\u0119 u w\u0142adzy, jednocze\u015bnie blokuj\u0105c powr\u00f3t do domu liderki opozycji i laureatki Nagrody Nobla Marii Coriny Machado, a tak\u017ce op\u00f3\u017aniaj\u0105c wszelkie rozmowy o wyborach (&#8230;) po to, aby Stany Zjednoczone mog\u0142y kontrolowa\u0107 wenezuelsk\u0105 rop\u0119, \u0142ami\u0105c jej konstytucj\u0119!&#8221; \u2014 napisa\u0142 senator Demokrat\u00f3w Tim Kaine.<\/p>\n<p>Doda\u0142, \u017ce pewne jest, \u017ce umowa wzbogaci ludzi powi\u0105zanych z Trumpem. &#8222;Wykorzystywanie naszych \u017co\u0142nierzy do prywatnego przej\u0119cia ropy to korupcja na ogromn\u0105 skal\u0119!&#8221; \u2014 doda\u0142.<\/p>\n","protected":false},"excerpt":{"rendered":"&#8222;Jedn\u0105 z rzeczy, kt\u00f3re zamierzam zrobi\u0107 z wenezuelsk\u0105 rop\u0105, jest uzupe\u0142nienie Strategicznych Rezerw Narodowych, kt\u00f3re z powodu \u015bpi\u0105cego&hellip;\n","protected":false},"author":2,"featured_media":656284,"comment_status":"","ping_status":"","sticky":false,"template":"","format":"standard","meta":{"footnotes":"","_share_on_mastodon":"0"},"categories":[14],"tags":[61195,32,33,44,27,34,35,28,31,48,25,46,40,41,1745,47,80,29,30,71,3008,26,82,83,84],"class_list":["post-656283","post","type-post","status-publish","format-standard","has-post-thumbnail","category-swiat","tag-bottomfeed_styl","tag-breaking-news","tag-breakingnews","tag-donald_trump","tag-headlines","tag-latest-news","tag-latestnews","tag-naglowki","tag-najwazniejsze-artykuly","tag-nat_styl","tag-news","tag-omp","tag-polish","tag-polski","tag-ropa_naftowa","tag-screening_general","tag-swiat","tag-top-stories","tag-topstories","tag-usa","tag-wenezuela","tag-wiadomosci","tag-world","tag-world-news","tag-worldnews"],"share_on_mastodon":{"url":"https:\/\/pubeurope.com\/@pl\/117185922859843202","error":""},"_links":{"self":[{"href":"https:\/\/www.europesays.com\/pl\/wp-json\/wp\/v2\/posts\/656283","targetHints":{"allow":["GET"]}}],"collection":[{"href":"https:\/\/www.europesays.com\/pl\/wp-json\/wp\/v2\/posts"}],"about":[{"href":"https:\/\/www.europesays.com\/pl\/wp-json\/wp\/v2\/types\/post"}],"author":[{"embeddable":true,"href":"https:\/\/www.europesays.com\/pl\/wp-json\/wp\/v2\/users\/2"}],"replies":[{"embeddable":true,"href":"https:\/\/www.europesays.com\/pl\/wp-json\/wp\/v2\/comments?post=656283"}],"version-history":[{"count":0,"href":"https:\/\/www.europesays.com\/pl\/wp-json\/wp\/v2\/posts\/656283\/revisions"}],"wp:featuredmedia":[{"embeddable":true,"href":"https:\/\/www.europesays.com\/pl\/wp-json\/wp\/v2\/media\/656284"}],"wp:attachment":[{"href":"https:\/\/www.europesays.com\/pl\/wp-json\/wp\/v2\/media?parent=656283"}],"wp:term":[{"taxonomy":"category","embeddable":true,"href":"https:\/\/www.europesays.com\/pl\/wp-json\/wp\/v2\/categories?post=656283"},{"taxonomy":"post_tag","embeddable":true,"href":"https:\/\/www.europesays.com\/pl\/wp-json\/wp\/v2\/tags?post=656283"}],"curies":[{"name":"wp","href":"https:\/\/api.w.org\/{rel}","templated":true}]}}