{"id":656287,"date":"2026-08-30T18:41:25","date_gmt":"2026-08-30T18:41:25","guid":{"rendered":"https:\/\/www.europesays.com\/pl\/656287\/"},"modified":"2026-08-30T18:41:25","modified_gmt":"2026-08-30T18:41:25","slug":"krzysztof-stanowski-stracil-prawo-jazdy-nastepne-trzy-miesiace-na-rowerze","status":"publish","type":"post","link":"https:\/\/www.europesays.com\/pl\/656287\/","title":{"rendered":"Krzysztof Stanowski straci\u0142 prawo jazdy. &#8222;Nast\u0119pne trzy miesi\u0105ce na rowerze&#8221;"},"content":{"rendered":"<p>Informacj\u0119 o tym, \u017ce Krzysztof Stanowski straci\u0142 prawo jazdy, poda\u0142o Radio Zet. Do sytuacji dosz\u0142o w niedziel\u0119 w woj. \u015bwi\u0119tokrzyskim. W terenie zabudowanym dziennikarz jecha\u0142 z pr\u0119dko\u015bci\u0105 110 km na godz., czyli o 60 km na godz. wi\u0119cej, ni\u017c dopuszczaj\u0105 przepisy.<\/p>\n<p>Policjanci ukarali go mandatem w wysoko\u015bci 3 tys. z\u0142 oraz 13 punktami karnymi. Dziennikarz straci\u0142 r\u00f3wnie\u017c prawo jazdy na trzy miesi\u0105ce.<\/p>\n<p>Onet ujawnia: Sakiewicz chcia\u0142 sprzeda\u0107 cz\u0119\u015b\u0107 TV Republika szefowi Zondacrypto. Mamy umow\u0119<\/p>\n<p class=\"ods-o-frame-in-text__paragraph\"><a href=\"https:\/\/wiadomosci.onet.pl\/kraj\/tomasz-sakiewicz-chcial-sprzedac-czesc-tv-republika-szefowi-zondacrypto-ujawniamy\/n7wm8mt?tpcc=202608_bloczek_newsroom\" id=\"1eb25603-1c92-49be-81bc-a9cdd691b9b0\" rel=\"nofollow noopener\" target=\"_blank\">Przeczytaj ca\u0142o\u015b\u0107 artyku\u0142u!<\/a><\/p>\n<p><img class=\"ods-a-photo ods-a-photo--background\" src=\"https:\/\/www.europesays.com\/pl\/wp-content\/uploads\/2026\/08\/1788115285_671_xtkk9lBaHR0cHM6Ly9vY2RuLmV1L3B1bHNjbXMvTURBXy8zYzViYzlhMjkzZTc0NzQ3ZjRkMjcyYjU0NDRiOWE5Mi5wbmeRlQLNA.jpeg\" height=\"253\" width=\"450\" alt=\"Tomasz Sakiewicz i Przemys\u0142aw Kral\" loading=\"lazy\" fetchpriority=\"low\" decoding=\"async\"\/><\/p>\n<p>Krzysztof Stanowski odni\u00f3s\u0142 si\u0119 do sprawy na portalu X. &#8222;Tak, to prawda. Jak dzisiaj jecha\u0142em za autokarem do W\u0105chocka to min\u0105\u0142em jak\u0105\u015b ma\u0142\u0105 miejscowo\u015b\u0107 i przyspieszy\u0142em. Jakie\u015b 10 metr\u00f3w przed znakiem \u00bbkoniec terenu zabudowanego\u00ab mnie capn\u0119li i by\u0142o 110. Jak to powiedzia\u0142 policjant: \u00bbtam gdzie pi\u0119kna droga, \u017ceby depn\u0105\u0107, tam jeste\u015bmy my\u00ab. No i spoko, nast\u0119pne trzy miesi\u0105ce na rowerze w pogod\u0119 i z prywatnym kierowc\u0105 w niepogod\u0119&#8221; \u2014 napisa\u0142 dziennikarz i szef Kana\u0142u Zero.<\/p>\n<p>Jeden z u\u017cytkownik\u00f3w dopytywa\u0142 o to, dlaczego dziennikarz postanowi\u0142 wyprzedza\u0107 autokar w obszarze zabudowanym z pr\u0119dko\u015bci\u0105 110 km na godz. &#8222;Nie, nie, pod\u0105\u017ca\u0142em \u015bladem naszego autokaru. By\u0142em jakie\u015b 20 km za nim. Tam nikogo nie mija\u0142em, nic nie jecha\u0142o&#8221; \u2014 odpowiedzia\u0142 mu Stanowski.<\/p>\n<p>Inny z komentator\u00f3w sugerowa\u0142, \u017ce je\u015bli radiow\u00f3z by\u0142 nieoznakowany lub ma\u0142o widoczny, to takie zatrzymanie mo\u017ce by\u0107 nielegalne. &#8222;Radiow\u00f3z by\u0142 zupe\u0142nie niewidoczny, natomiast nie r\u00f3bmy jaj z wyk\u0142\u00f3caniem si\u0119. To nie schowany radiow\u00f3z by\u0142 problemem. Zawini\u0142em, zap\u0142aci\u0142em kar\u0119 na miejscu, odpoczn\u0119 od prowadzenia, tyle&#8221; \u2014 odpowiedzia\u0142 mu dziennikarz.<\/p>\n","protected":false},"excerpt":{"rendered":"Informacj\u0119 o tym, \u017ce Krzysztof Stanowski straci\u0142 prawo jazdy, poda\u0142o Radio Zet. Do sytuacji dosz\u0142o w niedziel\u0119 w&hellip;\n","protected":false},"author":2,"featured_media":656288,"comment_status":"","ping_status":"","sticky":false,"template":"","format":"standard","meta":{"footnotes":"","_share_on_mastodon":"0"},"categories":[5],"tags":[61195,32,33,36,37,27,4487,49,15658,34,35,28,31,48,25,46,42,38,40,39,41,1358,47,29,30,26],"class_list":["post-656287","post","type-post","status-publish","format-standard","has-post-thumbnail","category-naglowki","tag-bottomfeed_styl","tag-breaking-news","tag-breakingnews","tag-featured-news","tag-featurednews","tag-headlines","tag-kanal_zero","tag-kraj","tag-krzysztof_stanowski","tag-latest-news","tag-latestnews","tag-naglowki","tag-najwazniejsze-artykuly","tag-nat_styl","tag-news","tag-omp","tag-pl","tag-poland","tag-polish","tag-polska","tag-polski","tag-samochody_ruch_drogowy_motoryzacja","tag-screening_general","tag-top-stories","tag-topstories","tag-wiadomosci"],"share_on_mastodon":{"url":"https:\/\/pubeurope.com\/@pl\/117185930779448950","error":""},"_links":{"self":[{"href":"https:\/\/www.europesays.com\/pl\/wp-json\/wp\/v2\/posts\/656287","targetHints":{"allow":["GET"]}}],"collection":[{"href":"https:\/\/www.europesays.com\/pl\/wp-json\/wp\/v2\/posts"}],"about":[{"href":"https:\/\/www.europesays.com\/pl\/wp-json\/wp\/v2\/types\/post"}],"author":[{"embeddable":true,"href":"https:\/\/www.europesays.com\/pl\/wp-json\/wp\/v2\/users\/2"}],"replies":[{"embeddable":true,"href":"https:\/\/www.europesays.com\/pl\/wp-json\/wp\/v2\/comments?post=656287"}],"version-history":[{"count":0,"href":"https:\/\/www.europesays.com\/pl\/wp-json\/wp\/v2\/posts\/656287\/revisions"}],"wp:featuredmedia":[{"embeddable":true,"href":"https:\/\/www.europesays.com\/pl\/wp-json\/wp\/v2\/media\/656288"}],"wp:attachment":[{"href":"https:\/\/www.europesays.com\/pl\/wp-json\/wp\/v2\/media?parent=656287"}],"wp:term":[{"taxonomy":"category","embeddable":true,"href":"https:\/\/www.europesays.com\/pl\/wp-json\/wp\/v2\/categories?post=656287"},{"taxonomy":"post_tag","embeddable":true,"href":"https:\/\/www.europesays.com\/pl\/wp-json\/wp\/v2\/tags?post=656287"}],"curies":[{"name":"wp","href":"https:\/\/api.w.org\/{rel}","templated":true}]}}