{"id":656289,"date":"2026-08-30T18:42:44","date_gmt":"2026-08-30T18:42:44","guid":{"rendered":"https:\/\/www.europesays.com\/pl\/656289\/"},"modified":"2026-08-30T18:42:44","modified_gmt":"2026-08-30T18:42:44","slug":"tusk-nie-odpuszcza-nawrockiemu-tu-sie-nie-ma-co-smiac-panowie","status":"publish","type":"post","link":"https:\/\/www.europesays.com\/pl\/656289\/","title":{"rendered":"Tusk nie odpuszcza Nawrockiemu: Tu si\u0119 nie ma co \u015bmia\u0107, panowie"},"content":{"rendered":"\n<p>&#13;<br \/>\nPremier opublikowa\u0142 na\u00a0X zdj\u0119cie, na\u00a0kt\u00f3rym wida\u0107 Nawrockiego, by\u0142ego prezydenta Andrzeja Dud\u0119 i\u00a0prezesa PKOl Rados\u0142awa Piesiewicza. &#8222;Tu si\u0119 nie\u00a0ma\u00a0co \u015bmia\u0107, panowie\u2026&#8221; \u2013\u00a0napisa\u0142 Donald Tusk. &#13;\n<\/p>\n<p>Nawrocki: To\u00a0nie jest dobra informacja dla\u00a0premiera<\/p>\n<p>&#13;<br \/>\nKarol Nawrocki podczas konferencji prasowej po\u00a0pierwszym dniu odbywaj\u0105cego si\u0119 w\u00a0Juracie wydarzenia &#8222;Przysz\u0142o\u015b\u0107.pl&#8221; odrzuci\u0142 sugestie dotycz\u0105ce jego zwi\u0105zk\u00f3w z\u00a0Zondacrypto. \u2013\u00a0Je\u015bli pan premier Donald Tusk uznaje, \u017ce\u00a0jest to\u00a0najwi\u0119ksza afera po\u00a01989\u00a0r., ma\u00a0do\u00a0tego oczywi\u015bcie pe\u0142ne prawo, ale\u00a0to\u00a0nie jest dobra informacja dla\u00a0pana premiera. Przypominam, \u017ce\u00a0pan premier odpowiada za\u00a0polskie s\u0142u\u017cby. Przypominam, \u017ce\u00a0to\u00a0pan premier pozowa\u0142 z\u00a0koszulk\u0105 Zondacrypto \u2013\u00a0powiedzia\u0142. &#13;\n<\/p>\n<p>&#13;<br \/>\nPrezydent zapewni\u0142, \u017ce\u00a0ani on, ani jego ministrowie nie\u00a0utrzymywali kontakt\u00f3w z\u00a0przedstawicielami firmy. \u2013\u00a0Dosta\u0142em potwierdzenie, \u017ce\u00a0nie by\u0142o takich kontakt\u00f3w. Ja osobi\u015bcie tak\u017ce nie\u00a0mia\u0142em takich kontakt\u00f3w \u2013\u00a0m\u00f3wi\u0142. Nawrocki zaprzeczy\u0142 te\u017c, aby\u00a0w\u00a0Pa\u0142acu Prezydenckim dochodzi\u0142o do\u00a0lobbingu w\u00a0interesie bran\u017cy. \u2013\u00a0Do\u00a0Pa\u0142acu Prezydenckiego, do\u00a0mojego gabinetu nie\u00a0dociera\u0142y \u017cadne informacje czy\u00a0\u017cadne naciski odnosz\u0105ce si\u0119 do\u00a0lobbingu \u2013\u00a0stwierdzi\u0142, nazywaj\u0105c przeciwne sugestie &#8222;zupe\u0142n\u0105, nietrafion\u0105 propagand\u0105&#8221;. &#13;\n<\/p>\n<p>&#13;<br \/>\nPrezydent zwr\u00f3ci\u0142 uwag\u0119 na\u00a0dzia\u0142ania s\u0142u\u017cb podleg\u0142ych rz\u0105dowi. \u2013\u00a0Dlaczego ani kandydat na\u00a0urz\u0105d prezydenta, ani polscy politycy, ani polski premier nie\u00a0dostali informacji od\u00a0polskich s\u0142u\u017cb o\u00a0tym, co\u00a0si\u0119 dzieje? \u2013\u00a0pyta\u0142. &#13;\n<\/p>\n<p>Tusk: Serial Zonda dopiero si\u0119 rozkr\u0119ca<\/p>\n<p>&#13;<br \/>\nDonald Tusk przedstawia spraw\u0119 inaczej. Premier \u0142\u0105czy ujawniane informacje dotycz\u0105ce Zondacrypto z\u00a0politykami prawicy oraz\u00a0sporem o\u00a0regulacj\u0119 rynku kryptowalut. &#8222;Teraz ju\u017c wiemy, dlaczego z\u00a0uporem maniaka Karol Nawrocki i\u00a0PiS blokowali ustaw\u0119 o\u00a0kryptowalutach. Kasa na\u00a0zegarki za\u00a040 tysi\u0119cy euro, na\u00a0media, wyborcze imprezy, fundacje prawicowych polityk\u00f3w. A\u00a0przecie\u017c serial \u00bbZonda\u00ab dopiero si\u0119 rozkr\u0119ca\u2026&#8221; \u2013\u00a0napisa\u0142 premier 26 sierpnia w\u00a0mediach spo\u0142eczno\u015bciowych. &#13;\n<\/p>\n<p>&#13;<br \/>\nNawrocki trzykrotnie wetowa\u0142 ustaw\u0119 dotycz\u0105c\u0105 rynku kryptoaktyw\u00f3w. Tusk zapowiedzia\u0142, \u017ce\u00a0zwr\u00f3ci si\u0119 do\u00a0marsza\u0142ka Sejmu o\u00a0<a href=\"https:\/\/dorzeczy.pl\/kraj\/934948\/tusk-chce-ponownego-glosowania-ws-weta-prezydenta-nawrockiego.html\" rel=\"nofollow noopener\" target=\"_blank\">ponowne g\u0142osowanie<\/a> nad odrzuceniem prezydenckiego weta. &#13;\n<\/p>\n<p>&#13;<br \/>\nPremier twierdzi r\u00f3wnie\u017c, \u017ce\u00a0informacje ujawniane w\u00a0\u015bledztwie wskazuj\u0105 na\u00a0szersze powi\u0105zania Zondacrypto ze\u00a0\u015brodowiskiem PiS. \u2013\u00a0Dzisiaj nie\u00a0ma\u00a0w\u0105tpliwo\u015bci, \u017ce\u00a0ten ponury biznes, ten brudny biznes by\u0142 bardzo mocno powi\u0105zany z\u00a0ca\u0142ym \u015brodowiskiem PiS-u \u2013\u00a0powiedzia\u0142. Wed\u0142ug Tuska sprawa mo\u017ce wykracza\u0107 poza pojedyncze przypadki. \u2013\u00a0To\u00a0ju\u017c nie\u00a0jest jaka\u015b zwyk\u0142a \u0142ap\u00f3wka, jaki\u015b jeden polityk przekupiony, tylko wygl\u0105da to\u00a0na system, system dobrze zorganizowany \u2013\u00a0doda\u0142 premier. &#13;\n<\/p>\n<p>&#13;<br \/>\n   Czytaj te\u017c:<br \/><a href=\"https:\/\/dorzeczy.pl\/opinie\/935770\/nawrocki-o-lobbingu-ws-zondacrypto-nietrafiona-propaganda-uderza-w-tuska.html\" rel=\"follow nofollow noopener\" data-schema=\"DORZECZY\" data-image=\"https:\/\/img.dorzeczy.pl\/_thumb\/aa\/e4\/8b3758e7047f6033666aeb74a4f4.jpeg\" target=\"_blank\">Nawrocki o\u00a0lobbingu ws. Zondacrypto: Nietrafiona propaganda. Uderza w\u00a0s\u0142u\u017cby Tuska<\/a>   Czytaj te\u017c:<br \/><a href=\"https:\/\/dorzeczy.pl\/opinie\/935860\/afera-zondacrypto-szczerba-do-prawicy-wyciagneliscie-lape-w-kierunku-krala.html\" rel=\"follow nofollow noopener\" data-schema=\"DORZECZY\" data-image=\"https:\/\/img.dorzeczy.pl\/_thumb\/12\/1x\/x45e4f5a67c898c68687eeb6fdfb.jpeg\" target=\"_blank\">&#8222;Wyci\u0105gn\u0119li\u015bcie pazern\u0105 \u0142ap\u0119&#8221;. Awantura w\u00a0studiu<\/a>&#13;<\/p>\n","protected":false},"excerpt":{"rendered":"&#13; Premier opublikowa\u0142 na\u00a0X zdj\u0119cie, na\u00a0kt\u00f3rym wida\u0107 Nawrockiego, by\u0142ego prezydenta Andrzeja Dud\u0119 i\u00a0prezesa PKOl Rados\u0142awa Piesiewicza. &#8222;Tu si\u0119&hellip;\n","protected":false},"author":2,"featured_media":656290,"comment_status":"","ping_status":"","sticky":false,"template":"","format":"standard","meta":{"footnotes":"","_share_on_mastodon":"0"},"categories":[62713],"tags":[76216,2251,1345,98,690,49,3835,102,529,101,1005,3121,17994],"class_list":["post-656289","post","type-post","status-publish","format-standard","has-post-thumbnail","category-donald-tusk","tag-afera-zondacrypto","tag-andrzej-duda","tag-donald-tusk","tag-dorzeczy","tag-karol-nawrocki","tag-kraj","tag-kryptowaluty","tag-opinie","tag-pis","tag-premier","tag-prezydent","tag-radoslaw-piesiewicz","tag-zondacrypto"],"share_on_mastodon":{"url":"https:\/\/pubeurope.com\/@pl\/117185933731936064","error":""},"_links":{"self":[{"href":"https:\/\/www.europesays.com\/pl\/wp-json\/wp\/v2\/posts\/656289","targetHints":{"allow":["GET"]}}],"collection":[{"href":"https:\/\/www.europesays.com\/pl\/wp-json\/wp\/v2\/posts"}],"about":[{"href":"https:\/\/www.europesays.com\/pl\/wp-json\/wp\/v2\/types\/post"}],"author":[{"embeddable":true,"href":"https:\/\/www.europesays.com\/pl\/wp-json\/wp\/v2\/users\/2"}],"replies":[{"embeddable":true,"href":"https:\/\/www.europesays.com\/pl\/wp-json\/wp\/v2\/comments?post=656289"}],"version-history":[{"count":0,"href":"https:\/\/www.europesays.com\/pl\/wp-json\/wp\/v2\/posts\/656289\/revisions"}],"wp:featuredmedia":[{"embeddable":true,"href":"https:\/\/www.europesays.com\/pl\/wp-json\/wp\/v2\/media\/656290"}],"wp:attachment":[{"href":"https:\/\/www.europesays.com\/pl\/wp-json\/wp\/v2\/media?parent=656289"}],"wp:term":[{"taxonomy":"category","embeddable":true,"href":"https:\/\/www.europesays.com\/pl\/wp-json\/wp\/v2\/categories?post=656289"},{"taxonomy":"post_tag","embeddable":true,"href":"https:\/\/www.europesays.com\/pl\/wp-json\/wp\/v2\/tags?post=656289"}],"curies":[{"name":"wp","href":"https:\/\/api.w.org\/{rel}","templated":true}]}}