{"id":656293,"date":"2026-08-30T18:48:17","date_gmt":"2026-08-30T18:48:17","guid":{"rendered":"https:\/\/www.europesays.com\/pl\/656293\/"},"modified":"2026-08-30T18:48:17","modified_gmt":"2026-08-30T18:48:17","slug":"kierowcy-ruszyli-na-orlen-szturm-na-stacje-ostatni-dzien-taniej","status":"publish","type":"post","link":"https:\/\/www.europesays.com\/pl\/656293\/","title":{"rendered":"Kierowcy ruszyli na Orlen. &#8222;Szturm na stacj\u0119&#8221;. Ostatni dzie\u0144 taniej"},"content":{"rendered":"<p><a href=\"https:\/\/www.google.com\/preferences\/source?q=biznes.o2.pl\" target=\"_blank\" rel=\"nofollow noopener\" class=\"preferred-source-banner\" id=\"preferred-source-banner\" data-vab-box=\"preferred_source_banner\"><\/p>\n<p class=\"preferred-source-banner-title\">Dodaj Biznes o2 &#8211; Najnowsze wiadomo\u015bci ze \u015bwiata finans\u00f3w, gospodarki i biznesu jako preferowane \u017ar\u00f3d\u0142o w Google<\/p>\n<p class=\"preferred-source-banner-subtitle\">Nasze tre\u015bci b\u0119d\u0105 cz\u0119\u015bciej wy\u015bwietla\u0107 si\u0119 w Twoich wynikach Google<\/p>\n<p><\/a> <\/p>\n<p>30\u00a0sierpnia o\u00a0godz. 23:59 ko\u0144czy si\u0119 przed\u0142u\u017cona przez Orlen wakacyjna promocja paliwowa. Koncern zdecydowa\u0142 w\u00a0maju, \u017ce akcja obejmie wszystkie weekendy a\u017c do ko\u0144ca wakacji. Ostatni z\u00a0nich przypad\u0142 w\u0142a\u015bnie na 28\u201330 sierpnia.<\/p>\n<p>Promocja by\u0142a skierowana do u\u017cytkownik\u00f3w aplikacji ORLEN VITAY. Po aktywowaniu odpowiedniego kuponu kierowcy mogli zatankowa\u0107 paliwo z\u00a0rabatem 20\u00a0gr na litrze. Zni\u017cka ros\u0142a do 35\u00a0gr na litrze, je\u015bli podczas wizyty na stacji klient zrobi\u0142 dodatkowe zakupy za minimum 5\u00a0z\u0142.<\/p>\n<p>Rabat dotyczy\u0142 benzyn i\u00a0oleju nap\u0119dowego marek EFECTA oraz VERVA. Jednorazowo mo\u017cna by\u0142o zatankowa\u0107 z\u00a0promocj\u0105 maksymalnie 50\u00a0litr\u00f3w. W\u00a0ca\u0142ym okresie przed\u0142u\u017conej akcji kierowca m\u00f3g\u0142 dzi\u0119ki kolejnym kuponom zatankowa\u0107 nawet 700\u00a0litr\u00f3w paliwa w\u00a0ni\u017cszej cenie.<\/p>\n<p> <img role=\"presentation\" class=\"absolute left-1\/2 top-1\/2 max-h-[80%] max-w-[100px] -translate-x-1\/2 -translate-y-1\/2\" src=\"https:\/\/v.wpimg.pl\/ZXJfd3AudTkrBBIAbg54LGhcRlAxHQUrPgJGH2MAeGJoSQ1eIBI_K2UHAEVuBTY5KQMMXC0RPyoVERQdMgM9ejc\" loading=\"lazy\" decoding=\"async\"\/> <a href=\"https:\/\/www.o2.pl\/informacje\/niedziela-handlowa-biedronka-niemal-pusta-pomylilem-dni-7324075445377088a\" class=\"teaser-inline\" rel=\"nofollow noopener\" target=\"_blank\">  <img decoding=\"async\" src=\"https:\/\/www.europesays.com\/pl\/wp-content\/uploads\/2026\/08\/ZWMzOTU2dTYsGDlnekl4I29AbT08EHZ1OFh1dnoDaG99AmAyPF4_JSgKIHoyQC8nLA0_eiVedTY9E2AiZB0-Pj4KIzUsHT86Lx8r.jpeg\" loading=\"lazy\" class=\"wp-media-image cropped\" alt=\"Niedziela handlowa. Biedronka niemal pusta. &quot;Pomyli\u0142em dni?&quot;\"\/><\/p>\n<p>Niedziela handlowa. Biedronka niemal pusta. &#8222;Pomyli\u0142em dni?&#8221;<\/p>\n<p><\/a><\/p>\n<p>Kierowcy chc\u0105 wykorzysta\u0107 ostatni\u0105 okazj\u0119<\/p>\n<p>Nic dziwnego, \u017ce w\u00a0ostatnim dniu promocji cz\u0119\u015b\u0107 kierowc\u00f3w postanowi\u0142a jeszcze raz skorzysta\u0107 z\u00a0rabatu. Szczeg\u00f3lnie \u017ce 30\u00a0sierpnia by\u0142 jednocze\u015bnie ostatni\u0105 niedziel\u0105 wakacji. Na stacji ze zdj\u0119\u0107 wida\u0107, \u017ce zainteresowanie by\u0142o na tyle du\u017ce, i\u017c samochody musia\u0142y czeka\u0107 w\u00a0kolejce. <\/p>\n<p>Kierowcy mogli zaoszcz\u0119dzi\u0107 przy maksymalnym 50-litrowym tankowaniu 10\u00a0z\u0142 przy podstawowym rabacie albo 17,50 z\u0142 przy zni\u017cce 35\u00a0gr na litrze. Dla os\u00f3b, kt\u00f3re i\u00a0tak planowa\u0142y zatankowa\u0107 samoch\u00f3d, wykorzystanie kuponu by\u0142o wi\u0119c sposobem na obni\u017cenie rachunku.<\/p>\n<p> <img role=\"presentation\" class=\"absolute left-1\/2 top-1\/2 max-h-[80%] max-w-[100px] -translate-x-1\/2 -translate-y-1\/2\" src=\"https:\/\/v.wpimg.pl\/ZXJfd3AudTkrBBIAbg54LGhcRlAxHQUrPgJGH2MAeGJoSQ1eIBI_K2UHAEVuBTY5KQMMXC0RPyoVERQdMgM9ejc\" loading=\"lazy\" decoding=\"async\"\/> <a href=\"https:\/\/www.o2.pl\/informacje\/zaczela-rodzic-na-orlenie-reakcja-policjanta-dozywotnio-bon-na-paliwo-7315265608525888a\" class=\"teaser-inline\" rel=\"nofollow noopener\" target=\"_blank\">  <img decoding=\"async\" src=\"https:\/\/www.europesays.com\/pl\/wp-content\/uploads\/2026\/08\/ZTYzZTc4dTU4GCxnTE94IHtAeD0KFnZ2LFhgdkwFaGxpAnUyClg_JjwKNXoERi8kOA0qehNYdTUpE3UiUhs-PSoKNjUaGz85Ox8-.jpeg\" loading=\"lazy\" class=\"wp-media-image cropped\" alt=\"Zacz\u0119\u0142a rodzi\u0107 na Orlenie. Reakcja policjanta. &quot;Do\u017cywotnio bon na paliwo&quot;\"\/><\/p>\n<p>Zacz\u0119\u0142a rodzi\u0107 na Orlenie. Reakcja policjanta. &#8222;Do\u017cywotnio bon na paliwo&#8221;<\/p>\n<p><\/a><\/p>\n<p>Promocja trwa\u0142a przez ca\u0142e wakacje<\/p>\n<p>Tegoroczna akcja by\u0142a wyj\u0105tkowo d\u0142uga. Pocz\u0105tkowo promocja obejmowa\u0142a kolejne weekendy, jednak Orlen w\u00a0maju zdecydowa\u0142 o\u00a0jej przed\u0142u\u017ceniu do ko\u0144ca wakacji. \u0141\u0105cznie obj\u0119\u0142a 15\u00a0kolejnych weekend\u00f3w, od 22\u00a0maja do 30\u00a0sierpnia.<\/p>\n<p>Koncern podkre\u015bla\u0142, \u017ce rozwi\u0105zanie mia\u0142o pom\u00f3c kierowcom w\u00a0okresie wakacyjnych podr\u00f3\u017cy. Popularno\u015b\u0107 tego typu akcji jest te\u017c istotna dla samej aplikacji ORLEN VITAY, z\u00a0kt\u00f3rej \u2013 wed\u0142ug danych Orlenu z\u00a0sierpnia \u2013 aktywnie korzysta\u0142o ju\u017c ponad 5,6 mln u\u017cytkownik\u00f3w.<\/p>\n","protected":false},"excerpt":{"rendered":"Dodaj Biznes o2 &#8211; Najnowsze wiadomo\u015bci ze \u015bwiata finans\u00f3w, gospodarki i biznesu jako preferowane \u017ar\u00f3d\u0142o w Google Nasze&hellip;\n","protected":false},"author":2,"featured_media":656294,"comment_status":"","ping_status":"","sticky":false,"template":"","format":"standard","meta":{"footnotes":"","_share_on_mastodon":"0"},"categories":[52097],"tags":[774,42,38,40,39,41],"class_list":["post-656293","post","type-post","status-publish","format-standard","has-post-thumbnail","category-orlen","tag-orlen","tag-pl","tag-poland","tag-polish","tag-polska","tag-polski"],"share_on_mastodon":{"url":"https:\/\/pubeurope.com\/@pl\/117185958339727052","error":""},"_links":{"self":[{"href":"https:\/\/www.europesays.com\/pl\/wp-json\/wp\/v2\/posts\/656293","targetHints":{"allow":["GET"]}}],"collection":[{"href":"https:\/\/www.europesays.com\/pl\/wp-json\/wp\/v2\/posts"}],"about":[{"href":"https:\/\/www.europesays.com\/pl\/wp-json\/wp\/v2\/types\/post"}],"author":[{"embeddable":true,"href":"https:\/\/www.europesays.com\/pl\/wp-json\/wp\/v2\/users\/2"}],"replies":[{"embeddable":true,"href":"https:\/\/www.europesays.com\/pl\/wp-json\/wp\/v2\/comments?post=656293"}],"version-history":[{"count":0,"href":"https:\/\/www.europesays.com\/pl\/wp-json\/wp\/v2\/posts\/656293\/revisions"}],"wp:featuredmedia":[{"embeddable":true,"href":"https:\/\/www.europesays.com\/pl\/wp-json\/wp\/v2\/media\/656294"}],"wp:attachment":[{"href":"https:\/\/www.europesays.com\/pl\/wp-json\/wp\/v2\/media?parent=656293"}],"wp:term":[{"taxonomy":"category","embeddable":true,"href":"https:\/\/www.europesays.com\/pl\/wp-json\/wp\/v2\/categories?post=656293"},{"taxonomy":"post_tag","embeddable":true,"href":"https:\/\/www.europesays.com\/pl\/wp-json\/wp\/v2\/tags?post=656293"}],"curies":[{"name":"wp","href":"https:\/\/api.w.org\/{rel}","templated":true}]}}