{"id":656299,"date":"2026-08-30T18:52:53","date_gmt":"2026-08-30T18:52:53","guid":{"rendered":"https:\/\/www.europesays.com\/pl\/656299\/"},"modified":"2026-08-30T18:52:53","modified_gmt":"2026-08-30T18:52:53","slug":"pogon-ii-szczecin-biali-sadow-transmisja-meczu","status":"publish","type":"post","link":"https:\/\/www.europesays.com\/pl\/656299\/","title":{"rendered":"Pogo\u0144 II Szczecin &#8211; Biali S\u0105d\u00f3w. Transmisja meczu"},"content":{"rendered":"<p>\tPogo\u0144 II Szczecin &#8211; Biali S\u0105d\u00f3w. Transmisja meczu<\/p>\n<p>\t\t&#13;<br \/>\n\t\t\t\t&#13;<\/p>\n<p>\t\t\t\t            &#13;<br \/>\n            \t\t&#13;<br \/>\n\t\t\t\t&#13;<br \/>\n\t\t\t\t&#13;<\/p>\n<p>&#13;<br \/>\n&#13;<\/p>\n<p>\t\t\t\t\t\t&#13;<\/p>\n<p><a href=\"#page-bottom\" id=\"page-top\">\u2193<\/a> <\/p>\n<p>\u00a0<\/p>\n<p>        Nawigacja<\/p>\n<p class=\"wp-block-paragraph\">O\u00a0godzinie 18:00 rozpocz\u0105\u0142 si\u0119 domowy mecz drugiego zespo\u0142u Pogoni Szczecin z\u00a0dru\u017cyn\u0105 Biali S\u0105d\u00f3w w\u00a0ramach 3. kolejki KEEZA 4. Ligi. Gdzie mo\u017cna ogl\u0105da\u0107 dzisiejszy pojedynek Portowc\u00f3w?<\/p>\n<p class=\"wp-block-paragraph\">Transmisj\u0119 na\u00a0\u017cywo przeprowadza klubowa telewizja Dumy Pomorza w\u00a0serwisie YouTube. Link do\u00a0niej znajdziecie poni\u017cej:<\/p>\n<p>\u017ar\u00f3d\u0142o: Pogo\u0144 Szczecin SA (YouTube)<\/p>\n<p class=\"wp-block-paragraph\">\u017ar\u00f3d\u0142o: <a href=\"https:\/\/x.com\/akademiapogoni\" data-type=\"link\" data-id=\"https:\/\/x.com\/akademiapogoni\" rel=\"nofollow\">Akademia Pogoni Szczecin (Twitter\/X)<\/a><\/p>\n<p class=\"wp-block-yoast-seo-estimated-reading-time yoast-reading-time__wrapper\">1 minuta<\/p>\n<p class=\"p24-last-updated\">Ostatnia aktualizacja: 30\/08\/2026<\/p>\n<p>Wy\u015bwietle\u0144:  127<\/p>\n<p><img loading=\"lazy\" decoding=\"async\" alt=\"Avatar photo\" src=\"https:\/\/www.europesays.com\/pl\/wp-content\/uploads\/2026\/08\/1788115973_436_411997b8e6057b4340773c01ccc226b2x120.jpg\"  class=\"avatar avatar-120 photo lazyload\" height=\"120\" width=\"120\" style=\"--smush-placeholder-width: 120px; --smush-placeholder-aspect-ratio: 120\/120;\" data-\/>Damian Sosna<\/p>\n<p>Redaktor\/dziennikarz portalu Pogo\u0144 24.info. Kibic Pogoni Szczecin i\u00a0pasjonat pi\u0142ki no\u017cnej.<\/p>\n<p>            \u00a0 <a href=\"https:\/\/pogon24.info\/tag\/drugi-zespol\/\" rel=\"tag nofollow noopener\" target=\"_blank\">Drugi zesp\u00f3\u0142<\/a>, <a href=\"https:\/\/pogon24.info\/tag\/informacje\/\" rel=\"tag nofollow noopener\" target=\"_blank\">Informacje<\/a>, <a href=\"https:\/\/pogon24.info\/tag\/keeza-4-liga\/\" rel=\"tag nofollow noopener\" target=\"_blank\">KEEZA 4. liga<\/a>, <a href=\"https:\/\/pogon24.info\/tag\/link\/\" rel=\"tag nofollow noopener\" target=\"_blank\">Link<\/a>, <a href=\"https:\/\/pogon24.info\/tag\/runda-jesienna\/\" rel=\"tag nofollow noopener\" target=\"_blank\">Runda jesienna<\/a>, <a href=\"https:\/\/pogon24.info\/tag\/sezon-2026-2027\/\" rel=\"tag nofollow noopener\" target=\"_blank\">Sezon 2026\/2027<\/a>, <a href=\"https:\/\/pogon24.info\/tag\/transmisja\/\" rel=\"tag nofollow noopener\" target=\"_blank\">Transmisja<\/a>, <a href=\"https:\/\/pogon24.info\/tag\/zapowiedz-meczu\/\" rel=\"tag nofollow noopener\" target=\"_blank\">Zapowied\u017a meczu<\/a><\/p>\n<p>        Nawigacja<\/p>\n<p><a href=\"#page-top\" id=\"page-bottom\">\u2191<\/a><\/p>\n<p>U\u017cywamy technologii takich jak pliki cookie do przechowywania i\/lub uzyskiwania dost\u0119pu do informacji o urz\u0105dzeniu. Robimy to, aby poprawi\u0107 jako\u015b\u0107 przegl\u0105dania i wy\u015bwietla\u0107 (nie)spersonalizowane reklamy. Wyra\u017cenie zgody na te technologie umo\u017cliwi nam przetwarzanie danych, takich jak zachowanie podczas przegl\u0105dania lub unikalne identyfikatory na tej stronie. Brak wyra\u017cenia zgody lub jej wycofanie mo\u017ce niekorzystnie wp\u0142yn\u0105\u0107 na niekt\u00f3re cechy i funkcje.<\/p>\n<p>\n\t\t\t\t\tPrzechowywanie lub dost\u0119p do danych technicznych jest \u015bci\u015ble konieczny do uzasadnionego celu umo\u017cliwienia korzystania z konkretnej us\u0142ugi wyra\u017anie \u017c\u0105danej przez subskrybenta lub u\u017cytkownika, lub wy\u0142\u0105cznie w celu przeprowadzenia transmisji komunikatu przez sie\u0107 \u0142\u0105czno\u015bci elektronicznej.\n\t\t\t\t<\/p>\n<p>\n\t\t\t\t\tPrzechowywanie lub dost\u0119p techniczny jest niezb\u0119dny do uzasadnionego celu przechowywania preferencji, o kt\u00f3re nie prosi subskrybent lub u\u017cytkownik.\n\t\t\t\t<\/p>\n<p>\n\t\t\t\t\tPrzechowywanie techniczne lub dost\u0119p, kt\u00f3ry jest u\u017cywany wy\u0142\u0105cznie do cel\u00f3w statystycznych.<br \/>\n\t\t\t\t\tPrzechowywanie techniczne lub dost\u0119p, kt\u00f3ry jest u\u017cywany wy\u0142\u0105cznie do anonimowych cel\u00f3w statystycznych. Bez wezwania do s\u0105du, dobrowolnego podporz\u0105dkowania si\u0119 dostawcy us\u0142ug internetowych lub dodatkowych zapis\u00f3w od strony trzeciej, informacje przechowywane lub pobierane wy\u0142\u0105cznie w tym celu zwykle nie mog\u0105 by\u0107 wykorzystywane do identyfikacji u\u017cytkownika.\n\t\t\t\t<\/p>\n<p>\n\t\t\t\t\tPrzechowywanie lub dost\u0119p techniczny jest wymagany do tworzenia profili u\u017cytkownik\u00f3w w celu wysy\u0142ania reklam lub \u015bledzenia u\u017cytkownika na stronie internetowej lub na kilku stronach internetowych w podobnych celach marketingowych.\n\t\t\t\t<\/p>\n<p>Zarz\u0105dzaj zgod\u0105<\/p>\n<p>\t\t\t\t\t\t<img decoding=\"async\" src=\"https:\/\/pogon24.info\/wp-admin\/images\/spinner.gif\" alt=\"spinner\" class=\"d-inline-block lazyload\" bad-src=\"data:image\/svg+xml;base64,PHN2ZyB3aWR0aD0iMSIgaGVpZ2h0PSIxIiB4bWxucz0iaHR0cDovL3d3dy53My5vcmcvMjAwMC9zdmciPjwvc3ZnPg==\"\/><\/p>\n","protected":false},"excerpt":{"rendered":"Pogo\u0144 II Szczecin &#8211; Biali S\u0105d\u00f3w. Transmisja meczu &#13; &#13; &#13; &#13; &#13; &#13; &#13; &#13; &#13; \u2193&hellip;\n","protected":false},"author":2,"featured_media":656300,"comment_status":"","ping_status":"","sticky":false,"template":"","format":"standard","meta":{"footnotes":"","_share_on_mastodon":"0"},"categories":[51611],"tags":[85416,399,127970,47656,42,38,40,39,41,97464,88769,2307,545,88770],"class_list":["post-656299","post","type-post","status-publish","format-standard","has-post-thumbnail","category-szczecin","tag-drugi-zespol","tag-informacje","tag-keeza-4-liga","tag-link","tag-pl","tag-poland","tag-polish","tag-polska","tag-polski","tag-runda-jesienna","tag-sezon-2026-2027","tag-szczecin","tag-transmisja","tag-zapowiedz-meczu"],"share_on_mastodon":{"url":"https:\/\/pubeurope.com\/@pl\/117185978064129504","error":""},"_links":{"self":[{"href":"https:\/\/www.europesays.com\/pl\/wp-json\/wp\/v2\/posts\/656299","targetHints":{"allow":["GET"]}}],"collection":[{"href":"https:\/\/www.europesays.com\/pl\/wp-json\/wp\/v2\/posts"}],"about":[{"href":"https:\/\/www.europesays.com\/pl\/wp-json\/wp\/v2\/types\/post"}],"author":[{"embeddable":true,"href":"https:\/\/www.europesays.com\/pl\/wp-json\/wp\/v2\/users\/2"}],"replies":[{"embeddable":true,"href":"https:\/\/www.europesays.com\/pl\/wp-json\/wp\/v2\/comments?post=656299"}],"version-history":[{"count":0,"href":"https:\/\/www.europesays.com\/pl\/wp-json\/wp\/v2\/posts\/656299\/revisions"}],"wp:featuredmedia":[{"embeddable":true,"href":"https:\/\/www.europesays.com\/pl\/wp-json\/wp\/v2\/media\/656300"}],"wp:attachment":[{"href":"https:\/\/www.europesays.com\/pl\/wp-json\/wp\/v2\/media?parent=656299"}],"wp:term":[{"taxonomy":"category","embeddable":true,"href":"https:\/\/www.europesays.com\/pl\/wp-json\/wp\/v2\/categories?post=656299"},{"taxonomy":"post_tag","embeddable":true,"href":"https:\/\/www.europesays.com\/pl\/wp-json\/wp\/v2\/tags?post=656299"}],"curies":[{"name":"wp","href":"https:\/\/api.w.org\/{rel}","templated":true}]}}