{"id":656307,"date":"2026-08-30T19:02:13","date_gmt":"2026-08-30T19:02:13","guid":{"rendered":"https:\/\/www.europesays.com\/pl\/656307\/"},"modified":"2026-08-30T19:02:13","modified_gmt":"2026-08-30T19:02:13","slug":"influencer-z-usa-zachwycil-sie-krakowem-jakbym-byl-w-hogwarcie","status":"publish","type":"post","link":"https:\/\/www.europesays.com\/pl\/656307\/","title":{"rendered":"Influencer z USA zachwyci\u0142 si\u0119 Krakowem. &#8222;Jakbym by\u0142 w Hogwarcie&#8221;"},"content":{"rendered":"<p>Semones relacjonowa\u0142 swoj\u0105 wizyt\u0119 w mediach spo\u0142eczno\u015bciowych. Ju\u017c na pocz\u0105tku nagrania przyzna\u0142, \u017ce Krak\u00f3w zrobi\u0142 na nim ogromne wra\u017cenie. &#8222;Jestem Amerykaninem, w\u0142a\u015bnie dotar\u0142em do Krakowa w Polsce i wow. To bardzo przypomina pobyt na Starym Mie\u015bcie w Warszawie. Zapiera dech w piersiach. Jest absolutnie przepi\u0119knie&#8221;.<\/p>\n<p>Targi, jedzenie i krakowskie doro\u017cki<\/p>\n<p>Influencer trafi\u0142 do Krakowa w po\u0142owie sierpnia, w czasie 50. Mi\u0119dzynarodowych Targ\u00f3w Sztuki Ludowej. Zwr\u00f3ci\u0142 uwag\u0119 na liczne stoiska i lokalne produkty. &#8222;Jest tu te\u017c jarmark sztuki, wszystkie te superciekawe sklepy. To ju\u017c 50. edycja, wi\u0119c ciesz\u0119 si\u0119, \u017ce przyjecha\u0142em w\u0142a\u015bnie teraz, bo jest naprawd\u0119 \u015bwietnie&#8221;.<\/p>\n<p>Nie ukrywa\u0142 r\u00f3wnie\u017c, \u017ce krakowskie stoiska z jedzeniem stanowi\u0142y dla niego powa\u017cn\u0105 pokus\u0119. Podczas podr\u00f3\u017cy stara\u0142 si\u0119 bowiem dba\u0107 o form\u0119. &#8222;To jest problem z pr\u00f3b\u0105 utrzymania dobrej formy podczas podr\u00f3\u017cowania z plecakiem. Trafiasz w takie miejsca i chcesz spr\u00f3bowa\u0107 wszystkiego po trochu. Chcia\u0142bym po jednym z ka\u017cdego. Wszystko wygl\u0105da tak pysznie, ale gdybym robi\u0142 tak wsz\u0119dzie, wa\u017cy\u0142bym 300 funt\u00f3w&#8221;.<\/p>\n<p>Jego uwag\u0119 przyci\u0105gn\u0119\u0142y tak\u017ce charakterystyczne dla Krakowa konne doro\u017cki. Widz\u0105c konie, pomy\u015bla\u0142 o swojej mamie. &#8222;Moja mama oszala\u0142aby z zachwytu. Te konie s\u0105 pi\u0119kne&#8221;.<\/p>\n<p>Podczas spaceru Semones kupi\u0142 r\u00f3wnie\u017c poczt\u00f3wk\u0119. Jak wyja\u015bni\u0142, zbiera po jednej z ka\u017cdego odwiedzanego kraju. Tym razem trafi\u0142 na stoisko prowadzone przez dwie siostry. &#8222;Jedna z nich jest artystk\u0105, a druga zajmuje si\u0119 bi\u017cuteri\u0105. To o wiele fajniejsze, kiedy za ka\u017cd\u0105 poczt\u00f3wk\u0105 kryje si\u0119 jaka\u015b historia&#8221;.<\/p>\n<p>Krak\u00f3w zachwyci\u0142 go czysto\u015bci\u0105<\/p>\n<p>Jednym z element\u00f3w, kt\u00f3re szczeg\u00f3lnie zwr\u00f3ci\u0142y uwag\u0119 Amerykanina, by\u0142a czysto\u015b\u0107 miasta. Influencer podczas spaceru specjalnie przyjrza\u0142 si\u0119 ulicom. &#8222;Mog\u0119 powiedzie\u0107, \u017ce wci\u0105\u017c nie widzia\u0142em \u017cadnych \u015bmieci. \u017badnych niedopa\u0142k\u00f3w, niczego. Normalnie nawet w bardzo czystych miejscach znajdzie si\u0119 kilka niedopa\u0142k\u00f3w albo co\u015b na ziemi&#8221;. Po chwili doda\u0142: &#8222;Tutaj niczego takiego nie ma. Jest idealnie czysto&#8221;.<\/p>\n<p>Semones zachwyci\u0142 si\u0119 r\u00f3wnie\u017c zieleni\u0105 otaczaj\u0105c\u0105 Stare Miasto. Szczeg\u00f3ln\u0105 uwag\u0119 zwr\u00f3ci\u0142 na alejki biegn\u0105ce wok\u00f3\u0142 historycznego centrum. &#8222;Wszystkie tereny zielone w europejskich miastach s\u0105 naprawd\u0119 fajne, ale to miejsce jest wyj\u0105tkowe, poniewa\u017c otacza ca\u0142e Stare Miasto&#8221;.<\/p>\n<p>Podczas spaceru ruszy\u0142 r\u00f3wnie\u017c w kierunku Wis\u0142y, nie wiedz\u0105c dok\u0142adnie, jak daleko znajduje si\u0119 rzeka. &#8222;Id\u0119 znale\u017a\u0107 rzek\u0119. Nie wiem, jak daleko jest, wiem tylko, \u017ce jest w tym kierunku, wi\u0119c p\u00f3jd\u0119 t\u0119dy i j\u0105 znajd\u0119&#8221;.<\/p>\n<p>&#8222;Czuj\u0119 si\u0119, jakbym by\u0142 w Hogwarcie&#8221;<\/p>\n<p>Krakowska architektura i po\u0142o\u017cenie miasta zrobi\u0142y na podr\u00f3\u017cniku szczeg\u00f3lne wra\u017cenie. Pokaza\u0142 swoim obserwatorom m.in. zamek oraz panoram\u0119 okolic Wis\u0142y. &#8222;Ten zamek jest naprawd\u0119 \u015bwietny. I jest tam balon na ogrzane powietrze z lud\u017ami w \u015brodku. To by\u0142oby naprawd\u0119 \u015bwietne&#8221;.<\/p>\n<p>Semones wspomnia\u0142 r\u00f3wnie\u017c o swojej wcze\u015bniejszej podr\u00f3\u017cy po Europie. Z Finlandii do Estonii przep\u0142yn\u0105\u0142 promem, a nast\u0119pnie przemieszcza\u0142 si\u0119 mi\u0119dzy kolejnymi miastami autobusami. Krak\u00f3w by\u0142 dla niego momentem, w kt\u00f3rym ponownie zobaczy\u0142 bardziej g\u00f3rzysty krajobraz. &#8222;Od tamtej pory je\u017cd\u017c\u0119 autobusem z miasta do miasta, wi\u0119c ciesz\u0119 si\u0119, \u017ce w ko\u0144cu widz\u0119 w oddali g\u00f3ry. To oznacza, \u017ce zbli\u017cam si\u0119 do Alp, na kt\u00f3re bardzo czekam&#8221;.<\/p>\n<p>Najwi\u0119kszy zachwyt pojawi\u0142 si\u0119 jednak pod koniec nagrania. Widok na Wis\u0142\u0119 i krakowski zamek skojarzy\u0142 mu si\u0119 ze \u015bwiatem znanym z film\u00f3w o Harrym Potterze. &#8222;To jest zachwycaj\u0105ce. Nabrze\u017ce po drugiej stronie jest przepi\u0119kne. Czuj\u0119 si\u0119, jakbym by\u0142 w Hogwarcie&#8221;.<\/p>\n<p>Na zako\u0144czenie pad\u0142a bardzo mocna ocena Krakowa: &#8222;To mo\u017ce by\u0107 moje nowe ulubione miasto w Europie \u015arodkowej&#8221;.<\/p>\n","protected":false},"excerpt":{"rendered":"Semones relacjonowa\u0142 swoj\u0105 wizyt\u0119 w mediach spo\u0142eczno\u015bciowych. Ju\u017c na pocz\u0105tku nagrania przyzna\u0142, \u017ce Krak\u00f3w zrobi\u0142 na nim ogromne&hellip;\n","protected":false},"author":2,"featured_media":656308,"comment_status":"","ping_status":"","sticky":false,"template":"","format":"standard","meta":{"footnotes":"","_share_on_mastodon":"0"},"categories":[51606],"tags":[61195,399,1304,368,48,46,55,42,38,40,39,41,47],"class_list":["post-656307","post","type-post","status-publish","format-standard","has-post-thumbnail","category-krakow","tag-bottomfeed_styl","tag-informacje","tag-krakow","tag-krakowdlawas","tag-nat_styl","tag-omp","tag-phx","tag-pl","tag-poland","tag-polish","tag-polska","tag-polski","tag-screening_general"],"share_on_mastodon":{"url":"https:\/\/pubeurope.com\/@pl\/117186012593629846","error":""},"_links":{"self":[{"href":"https:\/\/www.europesays.com\/pl\/wp-json\/wp\/v2\/posts\/656307","targetHints":{"allow":["GET"]}}],"collection":[{"href":"https:\/\/www.europesays.com\/pl\/wp-json\/wp\/v2\/posts"}],"about":[{"href":"https:\/\/www.europesays.com\/pl\/wp-json\/wp\/v2\/types\/post"}],"author":[{"embeddable":true,"href":"https:\/\/www.europesays.com\/pl\/wp-json\/wp\/v2\/users\/2"}],"replies":[{"embeddable":true,"href":"https:\/\/www.europesays.com\/pl\/wp-json\/wp\/v2\/comments?post=656307"}],"version-history":[{"count":0,"href":"https:\/\/www.europesays.com\/pl\/wp-json\/wp\/v2\/posts\/656307\/revisions"}],"wp:featuredmedia":[{"embeddable":true,"href":"https:\/\/www.europesays.com\/pl\/wp-json\/wp\/v2\/media\/656308"}],"wp:attachment":[{"href":"https:\/\/www.europesays.com\/pl\/wp-json\/wp\/v2\/media?parent=656307"}],"wp:term":[{"taxonomy":"category","embeddable":true,"href":"https:\/\/www.europesays.com\/pl\/wp-json\/wp\/v2\/categories?post=656307"},{"taxonomy":"post_tag","embeddable":true,"href":"https:\/\/www.europesays.com\/pl\/wp-json\/wp\/v2\/tags?post=656307"}],"curies":[{"name":"wp","href":"https:\/\/api.w.org\/{rel}","templated":true}]}}