{"id":656333,"date":"2026-08-30T19:20:11","date_gmt":"2026-08-30T19:20:11","guid":{"rendered":"https:\/\/www.europesays.com\/pl\/656333\/"},"modified":"2026-08-30T19:20:11","modified_gmt":"2026-08-30T19:20:11","slug":"orlen-final-mistrzostw-polski-rozstrzygniety-znamy-nowych-zlotych-medalistow","status":"publish","type":"post","link":"https:\/\/www.europesays.com\/pl\/656333\/","title":{"rendered":"ORLEN fina\u0142 mistrzostw Polski rozstrzygni\u0119ty. Znamy nowych z\u0142otych medalist\u00f3w"},"content":{"rendered":"<p>W Rzeszowie zako\u0144czy\u0142 si\u0119 emocjonuj\u0105cy ORLEN fina\u0142 mistrzostw Polski w siatk\u00f3wce pla\u017cowej. Nowymi mistrzyniami kraju zosta\u0142y Maja Kruczek i Zuzanna Michalska, a w rywalizacji m\u0119\u017cczyzn triumfowali Piotr Kantor i Filip Lejawa, prezentuj\u0105c najwy\u017cszy sportowy poziom.<\/p>\n<p class=\"toc__title\">Spis tre\u015bci<\/p>\n<p><a class=\"toc__link\" href=\"#sensacyjne-triumfatorki-grajace-z-prawej-strony-drabinki\">Sensacyjne triumfatorki graj\u0105ce z prawej strony drabinki<\/a><a class=\"toc__link\" href=\"#kto-zdominowal-rywalizacje-siatkarzy-na-piasku\">Kto zdominowa\u0142 rywalizacj\u0119 siatkarzy na piasku?<\/a><\/p>\n<p>Sensacyjne triumfatorki graj\u0105ce z prawej strony drabinki<\/p>\n<p>W turnieju fina\u0142owym na specjalnie przygotowanych boiskach wyst\u0105pi\u0142o szesna\u015bcie par kobiecych oraz dwadzie\u015bcia cztery duety m\u0119skie. Maja Kruczek i Zuzanna Michalska udowodni\u0142y, \u017ce mo\u017cna si\u0119gn\u0105\u0107 po z\u0142oto, graj\u0105c z prawej strony drabinki. W niedziel\u0119 stoczy\u0142y trzy pojedynki, a w meczu o tytu\u0142 pokona\u0142y Urszul\u0119 \u0141unio i Justyn\u0119 Tomal\u0119 po zaci\u0119tym tie-breaku.<\/p>\n<p>Walka o trzecie miejsce w\u015br\u00f3d kobiet r\u00f3wnie\u017c dostarczy\u0142a wielu emocji. Br\u0105zowe medale zdoby\u0142y Julia Gierczy\u0144ska i Patrycja Jundzi\u0142\u0142, kt\u00f3re w decyduj\u0105cym starciu okaza\u0142y si\u0119 lepsze od ust\u0119puj\u0105cych mistrzy\u0144 z 2025 roku, Aleksandry Gromadowskiej i Agnieszki Adamek. Ten pojedynek tak\u017ce rozstrzygn\u0105\u0142 si\u0119 w trzech setach.<\/p>\n<p>Kto zdominowa\u0142 rywalizacj\u0119 siatkarzy na piasku?<\/p>\n<p>Mecz o br\u0105zowy medal w m\u0119skim turnieju zgromadzi\u0142 na boisku dwie pary, kt\u00f3re w niedzielny poranek rywalizowa\u0142y w \u0107wier\u0107fina\u0142ach. Igor Ciemachowski i Kacper Taudul zwyci\u0119\u017cyli po tie-breaku z duetem Jaros\u0142aw Lech i Wiktor Mielczarek. To kolejne osi\u0105gni\u0119cie Ciemachowskiego i Taudula, kt\u00f3rzy wcze\u015bniej zapewnili sobie start w mistrzostwach Europy w Starych Jab\u0142onkach.<\/p>\n<p>W wielkim finale spotkali si\u0119 Piotr Kantor i Filip Lejawa oraz Marek Subocz i Micha\u0142 Witko\u015b. Do\u015bwiadczenie Kantora, dla kt\u00f3rego by\u0142 to dziesi\u0105ty fina\u0142 w karierze, odegra\u0142o kluczow\u0105 rol\u0119. W ubieg\u0142ym sezonie Kantor i Lejawa musieli uzna\u0107 wy\u017cszo\u015b\u0107 Micha\u0142a Bryla i Bartosza \u0141osiaka, jednak tym razem zdobyli z\u0142oto. Na koniec turnieju przyznano r\u00f3wnie\u017c nagrody MVP, kt\u00f3re trafi\u0142y w r\u0119ce Mai Kruczek oraz Filipa Lejawy.<\/p>\n","protected":false},"excerpt":{"rendered":"W Rzeszowie zako\u0144czy\u0142 si\u0119 emocjonuj\u0105cy ORLEN fina\u0142 mistrzostw Polski w siatk\u00f3wce pla\u017cowej. Nowymi mistrzyniami kraju zosta\u0142y Maja Kruczek&hellip;\n","protected":false},"author":2,"featured_media":656334,"comment_status":"","ping_status":"","sticky":false,"template":"","format":"standard","meta":{"footnotes":"","_share_on_mastodon":"0"},"categories":[52097],"tags":[774,42,38,40,39,41],"class_list":["post-656333","post","type-post","status-publish","format-standard","has-post-thumbnail","category-orlen","tag-orlen","tag-pl","tag-poland","tag-polish","tag-polska","tag-polski"],"share_on_mastodon":{"url":"https:\/\/pubeurope.com\/@pl\/117186083334085647","error":""},"_links":{"self":[{"href":"https:\/\/www.europesays.com\/pl\/wp-json\/wp\/v2\/posts\/656333","targetHints":{"allow":["GET"]}}],"collection":[{"href":"https:\/\/www.europesays.com\/pl\/wp-json\/wp\/v2\/posts"}],"about":[{"href":"https:\/\/www.europesays.com\/pl\/wp-json\/wp\/v2\/types\/post"}],"author":[{"embeddable":true,"href":"https:\/\/www.europesays.com\/pl\/wp-json\/wp\/v2\/users\/2"}],"replies":[{"embeddable":true,"href":"https:\/\/www.europesays.com\/pl\/wp-json\/wp\/v2\/comments?post=656333"}],"version-history":[{"count":0,"href":"https:\/\/www.europesays.com\/pl\/wp-json\/wp\/v2\/posts\/656333\/revisions"}],"wp:featuredmedia":[{"embeddable":true,"href":"https:\/\/www.europesays.com\/pl\/wp-json\/wp\/v2\/media\/656334"}],"wp:attachment":[{"href":"https:\/\/www.europesays.com\/pl\/wp-json\/wp\/v2\/media?parent=656333"}],"wp:term":[{"taxonomy":"category","embeddable":true,"href":"https:\/\/www.europesays.com\/pl\/wp-json\/wp\/v2\/categories?post=656333"},{"taxonomy":"post_tag","embeddable":true,"href":"https:\/\/www.europesays.com\/pl\/wp-json\/wp\/v2\/tags?post=656333"}],"curies":[{"name":"wp","href":"https:\/\/api.w.org\/{rel}","templated":true}]}}