{"id":656371,"date":"2026-08-30T19:44:12","date_gmt":"2026-08-30T19:44:12","guid":{"rendered":"https:\/\/www.europesays.com\/pl\/656371\/"},"modified":"2026-08-30T19:44:12","modified_gmt":"2026-08-30T19:44:12","slug":"ludzie-tuska-jako-prelegenci-zondacrypto-ministrowie-nie-maja-oporow","status":"publish","type":"post","link":"https:\/\/www.europesays.com\/pl\/656371\/","title":{"rendered":"Ludzie Tuska jako prelegenci Zondacrypto? &#8222;Ministrowie nie maj\u0105 opor\u00f3w&#8221;"},"content":{"rendered":"<p data-v-01d4021f=\"\">Kataryna, znana publicystka i komentatorka na platformie X przypomnia\u0142a ciekawe zdarzenie. To impreza z po\u0142owy pa\u017adziernika sponsorowana przez Zondacrypto. Na li\u015bcie prelegent\u00f3w znale\u017ali si\u0119 w\u00f3wczas szef podejrzanej gie\u0142dy Przemys\u0142aw Kral, ale tak\u017ce Krzysztof Gawkowski, szef resortu cyfryzacji oraz Dariusz Standerski, jego wiceminister. <\/p>\n<p>Co z ochron\u0105 kontrwywiadowcz\u0105?<\/p>\n<p data-v-01d4021f=\"\">W pa\u017adzierniku Zondacrypto Polska reklamowa\u0142a wyst\u0105pienie on-line swojego prezesa Przemys\u0142awa Krala podczas imprezy The Hack Summit, kt\u00f3rej sponsorem by\u0142a gie\u0142da kryptowalut. \u00a0<\/p>\n<p data-v-01d4021f=\"\">Ciekawe, czy ostatecznie si\u0119 pojawili, czy w ostatniej chwili zadzia\u0142a\u0142a ochrona kontrwywiadowcza<\/p>\n<p data-v-01d4021f=\"\">&#8211; zastanawia\u0142a si\u0119 dziennikarka, komentuj\u0105c zapowiadan\u0105 obecno\u015b\u0107 przedstawicieli rz\u0105du.<\/p>\n<p data-v-01d4021f=\"\">\u00a0<\/p>\n<p>&#8222;Ministrowie nie maj\u0105 opor\u00f3w&#8221;<\/p>\n<p data-v-01d4021f=\"\">Komentatorka podj\u0119\u0142a polemik\u0119 z komentuj\u0105cymi jej wpis u\u017cytkownikami. Jeden z nich pr\u00f3bowa\u0142 lekcewa\u017cy\u0107 obecno\u015b\u0107 nazwisk przedstawicieli rz\u0105du na imprezie gie\u0142dy, o kontakty z kt\u00f3r\u0105 gabinet Tuska oskar\u017ca polityk\u00f3w opozycji.\u00a0<\/p>\n<p data-v-01d4021f=\"\">S\u0142ysza\u0142em, \u017ce kt\u00f3ry\u015b polityk koalicji 15\/10 by\u0142 na meczu Rakowa na Zondacrypto Arena w Cz\u0119stochowie. Prze\u015bledzi\u0142bym ten w\u0105tek\u00a0<\/p>\n<p data-v-01d4021f=\"\">&#8211; kpi\u0142 jeden u\u017cytkownik\u00f3w.\u00a0<\/p>\n<p data-v-01d4021f=\"\">Tak, to identyczna sytuacja jak wyst\u0119p na imprezie sponsorowanej przez Zond\u0119, gdy si\u0119 ju\u017c od dawna wie, co to za firma. Fajnie, \u017ce konstytucyjni ministrowie nie maj\u0105 opor\u00f3w<\/p>\n<p data-v-01d4021f=\"\">&#8211; ripostowa\u0142a Kataryna.<\/p>\n<p data-v-01d4021f=\"\">\u00a0<\/p>\n<p data-v-01d4021f=\"\">Przypomnijmy, \u017ce w kwietniu premier Donald Tusk powiadomi\u0142, \u017ce otrzyma\u0142 od Agencji Bezpiecze\u0144stwa Wewn\u0119trznego informacje na temat dzia\u0142a\u0144 Przemys\u0142awa Krala. Powiedzia\u0142 w\u00f3wczas, \u017ce na prze\u0142omie pa\u017adziernika i listopada 2025 roku wp\u0142aci\u0142 on \u015brodki na fundacje pos\u0142a PiS Zbigniewa Ziobry i pos\u0142a Konfederacji Przemys\u0142awa Wiplera.\u00a0<\/p>\n<p data-v-01d4021f=\"\">Ju\u017c w\u00f3wczas domaga\u0142 si\u0119 wyja\u015bnienia tej sprawy, ale tylko w kontek\u015bcie polityk\u00f3w opozycji.<\/p>\n<p data-v-01d4021f=\"\">sc\/wPolityce.pl za X<\/p>\n<p data-v-01d4021f=\"\">\u00a0<\/p>\n","protected":false},"excerpt":{"rendered":"Kataryna, znana publicystka i komentatorka na platformie X przypomnia\u0142a ciekawe zdarzenie. To impreza z po\u0142owy pa\u017adziernika sponsorowana przez&hellip;\n","protected":false},"author":2,"featured_media":656372,"comment_status":"","ping_status":"","sticky":false,"template":"","format":"standard","meta":{"footnotes":"","_share_on_mastodon":"0"},"categories":[62713],"tags":[121116,1345,88380,127822,13347,72917,907,99789,4362,2462,1005,380,423,231,127821,123474,3654],"class_list":["post-656371","post","type-post","status-publish","format-standard","has-post-thumbnail","category-donald-tusk","tag-analizy-polityczne","tag-donald-tusk","tag-komentarze-polityczne","tag-kulisy-polityki","tag-opozycja","tag-partie-polityczne","tag-polityka","tag-polityka-krajowa","tag-polityka-zagraniczna","tag-polska-polityka","tag-prezydent","tag-rzad","tag-sejm","tag-sondaze","tag-wiadomosci-polityczne","tag-wpolityce-pl","tag-wybory"],"share_on_mastodon":{"url":"https:\/\/pubeurope.com\/@pl\/117186177637748845","error":""},"_links":{"self":[{"href":"https:\/\/www.europesays.com\/pl\/wp-json\/wp\/v2\/posts\/656371","targetHints":{"allow":["GET"]}}],"collection":[{"href":"https:\/\/www.europesays.com\/pl\/wp-json\/wp\/v2\/posts"}],"about":[{"href":"https:\/\/www.europesays.com\/pl\/wp-json\/wp\/v2\/types\/post"}],"author":[{"embeddable":true,"href":"https:\/\/www.europesays.com\/pl\/wp-json\/wp\/v2\/users\/2"}],"replies":[{"embeddable":true,"href":"https:\/\/www.europesays.com\/pl\/wp-json\/wp\/v2\/comments?post=656371"}],"version-history":[{"count":0,"href":"https:\/\/www.europesays.com\/pl\/wp-json\/wp\/v2\/posts\/656371\/revisions"}],"wp:featuredmedia":[{"embeddable":true,"href":"https:\/\/www.europesays.com\/pl\/wp-json\/wp\/v2\/media\/656372"}],"wp:attachment":[{"href":"https:\/\/www.europesays.com\/pl\/wp-json\/wp\/v2\/media?parent=656371"}],"wp:term":[{"taxonomy":"category","embeddable":true,"href":"https:\/\/www.europesays.com\/pl\/wp-json\/wp\/v2\/categories?post=656371"},{"taxonomy":"post_tag","embeddable":true,"href":"https:\/\/www.europesays.com\/pl\/wp-json\/wp\/v2\/tags?post=656371"}],"curies":[{"name":"wp","href":"https:\/\/api.w.org\/{rel}","templated":true}]}}