{"id":656427,"date":"2026-08-30T20:30:26","date_gmt":"2026-08-30T20:30:26","guid":{"rendered":"https:\/\/www.europesays.com\/pl\/656427\/"},"modified":"2026-08-30T20:30:26","modified_gmt":"2026-08-30T20:30:26","slug":"widzew-lodz-lech-poznan-relacja-na-zywo-ekstraklasa-live","status":"publish","type":"post","link":"https:\/\/www.europesays.com\/pl\/656427\/","title":{"rendered":"Widzew \u0141\u00f3d\u017a &#8211; Lech Pozna\u0144: relacja na \u017cywo. Ekstraklasa LIVE"},"content":{"rendered":"<p><a href=\"https:\/\/przegladsportowy.onet.pl\/\" title=\"Strona g\u0142\u00f3wna serwisu\" aria-label=\"Strona g\u0142\u00f3wna serwisu\" data-astro-prefetch=\"tap\" class=\"ods-a-logo-main\" rel=\"nofollow noopener\" target=\"_blank\"><img src=\"https:\/\/cdn.przegladsportowy.onet.pl\/img\/Logo_desktop_Onet.svg\" class=\"ods-a-logo-main__image\" alt=\"Logo\" width=\"107\" height=\"60\" fetchpriority=\"high\" decoding=\"sync\" style=\"height:60px\"\/><\/a><a href=\"https:\/\/przegladsportowy.onet.pl\/\" title=\"Strona g\u0142\u00f3wna serwisu\" aria-label=\"Strona g\u0142\u00f3wna serwisu\" class=\"ods-a-logo-brand\" rel=\"nofollow noopener\" target=\"_blank\"><img src=\"https:\/\/cdn.przegladsportowy.onet.pl\/img\/Logo_desktop_Przeglad-Sportowy.svg\" class=\"ods-a-logo-brand__image\" alt=\"Logo serwisu\" width=\"96\" height=\"62\" fetchpriority=\"high\" decoding=\"sync\"\/><\/a><a href=\"https:\/\/przegladsportowy.onet.pl\/\" class=\"ods-a-link--breadcrumb ods-a-link--breadcrumb--light\" rel=\"nofollow noopener\" target=\"_blank\"><\/a><a href=\"https:\/\/przegladsportowy.onet.pl\/pilka-nozna\" class=\"ods-a-link--breadcrumb ods-a-link--breadcrumb--light\" rel=\"nofollow noopener\" target=\"_blank\">Pi\u0142ka no\u017cna<\/a><a href=\"https:\/\/przegladsportowy.onet.pl\/pilka-nozna\/ekstraklasa\" class=\"ods-a-link--breadcrumb ods-a-link--breadcrumb--light\" rel=\"nofollow noopener\" target=\"_blank\">Ekstraklasa<\/a>Ekstraklasa: Widzew \u0141\u00f3d\u017a &#8211; Lech Pozna\u0144 [RELACJA NA \u017bYWO]<\/p>\n<p class=\"ods-a-lead-text\">Widzew \u0141\u00f3d\u017a &#8211; Lech Pozna\u0144 to trzecie spotkanie w niedzielnej ods\u0142onie 6. kolejki PKO BP Ekstraklasy. Ten mecz poprowadzi s\u0119dzia \u0141ukasz Ku\u017ama.<\/p>\n<p><img class=\"ods-a-photo ods-a-photo--background\" src=\"https:\/\/www.europesays.com\/pl\/wp-content\/uploads\/2026\/08\/RYok9lBaHR0cHM6Ly9vY2RuLmV1L3B1bHNjbXMvTURBXy9kYmQ0YWJlY2ZhYTFhYTQ4YzM3YTA1NDE0MWE5MzQxOC5qcGeSlQMAz.jpeg\"   height=\"489\" width=\"870\" alt=\"Fran Alvarez\" fetchpriority=\"high\" decoding=\"auto\" url=\"https:\/\/ocdn.eu\/pulscms\/MDA_\/dbd4abecfaa1aa48c37a054141a93418.jpg\" description=\"Fran Alvarez\" author=\"Rus\u0142an Taran \/ Getty Images\" source=\"\"\/><\/p>\n<p>Rus\u0142an Taran \/ Getty Images<\/p>\n<p>Fran Alvarez<\/p>\n<p>Widzew ma za sob\u0105 pi\u0119\u0107 pojedynk\u00f3w, w kt\u00f3rych wywalczy\u0142 sze\u015b\u0107 oczek. Ekipa z \u0141odzi zajmuje 10. miejsce w ligowej tabeli.<\/p>\n<p>Lech zdoby\u0142 siedem punkt\u00f3w i plasuje si\u0119 na 5. lokacie. Poznaniacy rozegrali trzy spotkania.<\/p>\n<p>Kto si\u0119gnie po zwyci\u0119stwo? \u015aled\u017a relacj\u0119 na \u017cywo w Przegl\u0105dzie Sportowym Onet z meczu Widzew \u0141\u00f3d\u017a &#8211; Lech Pozna\u0144. Pocz\u0105tek spotkania w niedziel\u0119, 30 sierpnia o godz. 20:15.<\/p>\n<p>Data utworzenia:30 sierpnia 2026, 19:53<\/p>\n<p><img loading=\"lazy\" class=\"ods-a-photo ods-a-author-avatar__single__img\" src=\"https:\/\/www.europesays.com\/pl\/wp-content\/uploads\/2026\/08\/1788121825_251_MT4k9k_aHR0cHM6Ly9jZG4ucHJ6ZWdsYWRzcG9ydG93eS5vbmV0LnBsL2ltZy9hdmF0YXJfcGxhY2Vob2xkZXIucG5nkZMFzLTMt.jpeg\" height=\"90\" width=\"90\" alt=\"Autor Mariusz Ka\u0144kowski\" fetchpriority=\"auto\" decoding=\"auto\"\/>Materia\u0142 promocyjny<a href=\"\" class=\"ods-o-card__link ods-o-card__link--media\" data-lps-url=\"true\" data-uuid-ui=\"\" data-astro-prefetch=\"tap\"><img class=\"ods-a-photo ods-a-photo--background\" height=\"170\" width=\"300\" loading=\"lazy\" fetchpriority=\"auto\" decoding=\"async\"\/><\/a><\/p>\n<p class=\"ods-c-modal-premium__title\">To jest materia\u0142Premium<\/p>\n<p class=\"ods-c-modal-premium__subtitle\">Do\u0142\u0105cz\u00a0do\u00a0Premium i\u00a0odblokuj\u00a0wszystkie\u00a0funkcje dla\u00a0materia\u0142\u00f3w\u00a0Premium:<\/p>\n<p class=\"ods-c-modal-premium__subtitle\">\u2713czytaj\u2713s\u0142uchaj\u2713skracaj<\/p>\n<p><a href=\"#\" class=\"ods-c-modal-premium__button\">Do\u0142\u0105cz do premium<\/a><\/p>\n<p>Odpowied\u017a na pytanie przygotowana przez Onet Czat z AI:<\/p>\n<p>Co\u015b posz\u0142o nie tak.Spr\u00f3buj ponownie p\u00f3\u017aniej.<\/p>\n<p>Wyczerpa\u0142e\u015b dzienny limit konwersacji z Onet Czatem z AI.Spr\u00f3buj ponownie jutro. Pami\u0119taj, \u017ce wci\u0105\u017c mo\u017cesz korzysta\u0107 z tre\u015bci na Onecie!<\/p>\n<p><img class=\"ods-a-photo ods-a-photo--background\" src=\"https:\/\/cdn.przegladsportowy.onet.pl\/1\/hoJk9lBaHR0cHM6Ly9vY2RuLmV1L3B1bHNjbXMvTURBXy9kNWI2ZDk3NmI3MWM4YWNlNTQ3ZDM3M2QyNDI5MmE3My5wbmeRkwUCAt4AAqEwB6ExBA\" height=\"1\" width=\"1\" alt=\"-\" loading=\"lazy\" fetchpriority=\"low\" decoding=\"auto\" url=\"https:\/\/ocdn.eu\/pulscms\/MDA_\/d5b6d976b71c8ace547d373d24292a73.png\" description=\"\" author=\"-\" source=\"-\"\/><\/p>\n<p>&#8211; \/ &#8211;<\/p>\n<p><img class=\"ods-a-photo ods-a-author-avatar__double__img\" height=\"24\" width=\"24\" alt=\"Autor 1, Autor 2\" fetchpriority=\"auto\" decoding=\"auto\"\/><img class=\"ods-a-photo ods-a-author-avatar__double__img\" height=\"24\" width=\"24\" alt=\"Autor 1, Autor 2\" fetchpriority=\"auto\" decoding=\"auto\"\/>Zesp\u00f3\u0142 dziennikarzy<\/p>\n","protected":false},"excerpt":{"rendered":"Pi\u0142ka no\u017cnaEkstraklasaEkstraklasa: Widzew \u0141\u00f3d\u017a &#8211; Lech Pozna\u0144 [RELACJA NA \u017bYWO] Widzew \u0141\u00f3d\u017a &#8211; Lech Pozna\u0144 to trzecie spotkanie&hellip;\n","protected":false},"author":2,"featured_media":656428,"comment_status":"","ping_status":"","sticky":false,"template":"","format":"standard","meta":{"footnotes":"","_share_on_mastodon":"0"},"categories":[51609],"tags":[61195,274,2806,48,46,948,42,38,40,39,41,1817,47,130,3469],"class_list":["post-656427","post","type-post","status-publish","format-standard","has-post-thumbnail","category-poznan","tag-bottomfeed_styl","tag-ekstraklasa","tag-lech_poznan","tag-nat_styl","tag-omp","tag-pilka_nozna","tag-pl","tag-poland","tag-polish","tag-polska","tag-polski","tag-poznan","tag-screening_general","tag-wiadomosci_sportowe","tag-widzew_lodz"],"share_on_mastodon":{"url":"https:\/\/pubeurope.com\/@pl\/117186359723927984","error":""},"_links":{"self":[{"href":"https:\/\/www.europesays.com\/pl\/wp-json\/wp\/v2\/posts\/656427","targetHints":{"allow":["GET"]}}],"collection":[{"href":"https:\/\/www.europesays.com\/pl\/wp-json\/wp\/v2\/posts"}],"about":[{"href":"https:\/\/www.europesays.com\/pl\/wp-json\/wp\/v2\/types\/post"}],"author":[{"embeddable":true,"href":"https:\/\/www.europesays.com\/pl\/wp-json\/wp\/v2\/users\/2"}],"replies":[{"embeddable":true,"href":"https:\/\/www.europesays.com\/pl\/wp-json\/wp\/v2\/comments?post=656427"}],"version-history":[{"count":0,"href":"https:\/\/www.europesays.com\/pl\/wp-json\/wp\/v2\/posts\/656427\/revisions"}],"wp:featuredmedia":[{"embeddable":true,"href":"https:\/\/www.europesays.com\/pl\/wp-json\/wp\/v2\/media\/656428"}],"wp:attachment":[{"href":"https:\/\/www.europesays.com\/pl\/wp-json\/wp\/v2\/media?parent=656427"}],"wp:term":[{"taxonomy":"category","embeddable":true,"href":"https:\/\/www.europesays.com\/pl\/wp-json\/wp\/v2\/categories?post=656427"},{"taxonomy":"post_tag","embeddable":true,"href":"https:\/\/www.europesays.com\/pl\/wp-json\/wp\/v2\/tags?post=656427"}],"curies":[{"name":"wp","href":"https:\/\/api.w.org\/{rel}","templated":true}]}}