{"id":656433,"date":"2026-08-30T20:34:24","date_gmt":"2026-08-30T20:34:24","guid":{"rendered":"https:\/\/www.europesays.com\/pl\/656433\/"},"modified":"2026-08-30T20:34:24","modified_gmt":"2026-08-30T20:34:24","slug":"polska-po-raz-12-tak-wyglada-klasyfikacja-koncowa-memorialu-wagnera","status":"publish","type":"post","link":"https:\/\/www.europesays.com\/pl\/656433\/","title":{"rendered":"Polska po raz 12. Tak wygl\u0105da klasyfikacja ko\u0144cowa Memoria\u0142u Wagnera"},"content":{"rendered":"\n<p class=\"contentpart contentpart--default contentpart--text\" data-position=\"0\">Od pi\u0105tku <a href=\"https:\/\/sportowefakty.wp.pl\/siatkowka\/krakow-arena\" rel=\"nofollow noopener\" target=\"_blank\">Tauron Arena w Krakowie<\/a>\u00a0by\u0142a aren\u0105 wielkiego siatkarskiego \u015bwi\u0119ta. Mowa o 23. edycji <a href=\"https:\/\/sportowefakty.wp.pl\/siatkowka\/memorial-huberta-wagnera\" rel=\"nofollow noopener\" target=\"_blank\">Memoria\u0142u Huberta Jerzego Wagnera<\/a>, kt\u00f3ra zgromadzi\u0142a zespo\u0142y ze \u015bcis\u0142ej \u015bwiatowej czo\u0142\u00f3wki. Opr\u00f3cz <a href=\"https:\/\/sportowefakty.wp.pl\/siatkowka\/reprezentacja\" rel=\"nofollow noopener\" target=\"_blank\">Polski<\/a>\u00a0kibice mieli okazj\u0119 obserwowa\u0107 <a href=\"https:\/\/sportowefakty.wp.pl\/siatkowka\/reprezentacja-francji-mezczyzn\" rel=\"nofollow noopener\" target=\"_blank\">Francj\u0119<\/a>, <a href=\"https:\/\/sportowefakty.wp.pl\/siatkowka\/reprezentacja-usa-mezczyzn\" rel=\"nofollow noopener\" target=\"_blank\">USA<\/a>\u00a0oraz <a href=\"https:\/\/sportowefakty.wp.pl\/siatkowka\/slowenia\" rel=\"nofollow noopener\" target=\"_blank\">S\u0142oweni\u0119<\/a>. Dla wszystkich zespo\u0142\u00f3w by\u0142o to ostatnie przetarcie przed mistrzostwami kontynent\u00f3w.<\/p>\n<p class=\"contentpart contentpart--default contentpart--text\" data-position=\"1\">Bia\u0142o-Czerwoni nie okazali si\u0119 go\u015bcinni dla rywali. Gospodarze na otwarcie pokonali po pi\u0119ciosetowej walce S\u0142owe\u0144c\u00f3w, by dzie\u0144 p\u00f3\u017aniej wygra\u0107 z Amerykanami 3:1. W niedziel\u0119 Polacy zmierzyli si\u0119 z Tr\u00f3jkolorowymi, a stawk\u0105 tego spotkania by\u0142o zwyci\u0119stwo w memoriale.<\/p>\n<p>  <img decoding=\"async\" src=\"https:\/\/v.wpimg.pl\/X3dwLnN2d1IFFTpdYUl6R0ZNbgcnEHQREVV2TGEGbUtRT2MdOlZ2RBQUKABgQjQcDRotCStBd1IAAWMeIlM7VgwYIAorQAdEFFk_GCkQJQ\" alt=\"\" width=\"45\" height=\"58\" loading=\"lazy\"\/>  <\/p>\n<p class=\"contentpart contentpart--default contentpart--text\" data-position=\"2\">ZOBACZ WIDEO: Nie musia\u0142, a i tak wyszed\u0142 do dziennikarzy. Kochanowski przem\u00f3wi\u0142<\/p>\n<p class=\"contentpart contentpart--default contentpart--text\" data-position=\"4\">W pierwszej partii Francuzi zaprezentowali dobr\u0105 gr\u0119 i zas\u0142u\u017cenie okazali si\u0119 lepsi. Przegrany set wyra\u017anie zmobilizowa\u0142 zawodnik\u00f3w <a href=\"https:\/\/sportowefakty.wp.pl\/siatkowka\/nikola-grbic\" rel=\"nofollow noopener\" target=\"_blank\">Nikoli Grbicia<\/a>, co pokaza\u0142 dalszy przebieg tego meczu. Nasi siatkarze weszli na poziom, do kt\u00f3rego Tr\u00f3jkolorowi nie byli w stanie doskoczy\u0107. Polacy wygrali 3:1 (22:25, 25:17, 25:15, 25:20) i odnie\u015bli ko\u0144cowy triumf w Memoriale Wagnera.<\/p>\n<p class=\"contentpart contentpart--default contentpart--text\" data-position=\"5\">To ju\u017c 12. zwyci\u0119stwo Bia\u0142o-Czerwonych w tej imprezie. Drugie miejsce zaj\u0119li Francuzi, a podium uzupe\u0142nili Amerykanie. Reprezentacja USA w meczu o 3. miejsce pokona\u0142a po pe\u0142nym emocji starciu 3:2 S\u0142oweni\u0119.<\/p>\n<p class=\"contentpart contentpart--default contentpart--text\" data-position=\"6\">Klasyfikacja ko\u0144cowa 23. edycji Memoria\u0142u Huberta Jerzego Wagnera:<\/p>\n<p class=\"contentpart contentpart--default contentpart--text\" data-position=\"7\">1. Polska\u00a0<br \/>2. Francja\u00a0<br \/>3. USA<br \/>4. S\u0142owenia<\/p>\n<p class=\"contentpart contentpart--default contentpart--text\" data-position=\"8\">Polacy pokazali tym samym, \u017ce po triumfie w Lidze Narod\u00f3w nie stracili formy. Wlali r\u00f3wnie\u017c w serca kibic\u00f3w ogromn\u0105 wiar\u0119 przed mistrzostwami Europy, kt\u00f3re odb\u0119d\u0105 si\u0119 w dniach 9-26 wrze\u015bnia. Bia\u0142o-Czerwoni rywalizacj\u0119 w tej imprezie rozpoczn\u0105 w grupie B, gdzie zagraj\u0105 z Bu\u0142gari\u0105, Ukrain\u0105, Portugali\u0105, Izraelem i Macedoni\u0105 P\u00f3\u0142nocn\u0105.<\/p>\n","protected":false},"excerpt":{"rendered":"Od pi\u0105tku Tauron Arena w Krakowie\u00a0by\u0142a aren\u0105 wielkiego siatkarskiego \u015bwi\u0119ta. Mowa o 23. edycji Memoria\u0142u Huberta Jerzego Wagnera,&hellip;\n","protected":false},"author":2,"featured_media":656434,"comment_status":"","ping_status":"","sticky":false,"template":"","format":"standard","meta":{"footnotes":"","_share_on_mastodon":"0"},"categories":[12],"tags":[96,35732,3159,42,38,40,39,41,539,131,570,36697,71],"class_list":["post-656433","post","type-post","status-publish","format-standard","has-post-thumbnail","category-polska","tag-francja","tag-memorial-huberta-jerzego-wagnera","tag-nikola-grbic","tag-pl","tag-poland","tag-polish","tag-polska","tag-polski","tag-reprezentacje","tag-siatkowka","tag-slowenia","tag-tauron-arena-krakow","tag-usa"],"share_on_mastodon":{"url":"https:\/\/pubeurope.com\/@pl\/117186375130588099","error":""},"_links":{"self":[{"href":"https:\/\/www.europesays.com\/pl\/wp-json\/wp\/v2\/posts\/656433","targetHints":{"allow":["GET"]}}],"collection":[{"href":"https:\/\/www.europesays.com\/pl\/wp-json\/wp\/v2\/posts"}],"about":[{"href":"https:\/\/www.europesays.com\/pl\/wp-json\/wp\/v2\/types\/post"}],"author":[{"embeddable":true,"href":"https:\/\/www.europesays.com\/pl\/wp-json\/wp\/v2\/users\/2"}],"replies":[{"embeddable":true,"href":"https:\/\/www.europesays.com\/pl\/wp-json\/wp\/v2\/comments?post=656433"}],"version-history":[{"count":0,"href":"https:\/\/www.europesays.com\/pl\/wp-json\/wp\/v2\/posts\/656433\/revisions"}],"wp:featuredmedia":[{"embeddable":true,"href":"https:\/\/www.europesays.com\/pl\/wp-json\/wp\/v2\/media\/656434"}],"wp:attachment":[{"href":"https:\/\/www.europesays.com\/pl\/wp-json\/wp\/v2\/media?parent=656433"}],"wp:term":[{"taxonomy":"category","embeddable":true,"href":"https:\/\/www.europesays.com\/pl\/wp-json\/wp\/v2\/categories?post=656433"},{"taxonomy":"post_tag","embeddable":true,"href":"https:\/\/www.europesays.com\/pl\/wp-json\/wp\/v2\/tags?post=656433"}],"curies":[{"name":"wp","href":"https:\/\/api.w.org\/{rel}","templated":true}]}}