{"id":656435,"date":"2026-08-30T20:35:33","date_gmt":"2026-08-30T20:35:33","guid":{"rendered":"https:\/\/www.europesays.com\/pl\/656435\/"},"modified":"2026-08-30T20:35:33","modified_gmt":"2026-08-30T20:35:33","slug":"eliminacje-ms-koszykarzy-polska-niemcy-9496-to-pierwsza-porazka-bialo-czerwonych-w-eliminacjach","status":"publish","type":"post","link":"https:\/\/www.europesays.com\/pl\/656435\/","title":{"rendered":"Eliminacje M\u015a koszykarzy\/ Polska &#8211; Niemcy 94:96. To pierwsza pora\u017cka bia\u0142o-czerwonych w eliminacjach"},"content":{"rendered":"<p>&#13;<br \/>\n&#13;<br \/>\n    &#13;<br \/>\n    Eliminacje M\u015a koszykarzy\/ Polska &#8211; Niemcy 94:96. To pierwsza pora\u017cka bia\u0142o-czerwonych w eliminacjach &#8211; wiadomosci.com&#13;<br \/>\n    &#13;<br \/>\n    &#13;<\/p>\n<p>    &#13;<\/p>\n<p>    &#13;<br \/>\n&#13;<br \/>\n    &#13;<\/p>\n<p>&#13;<br \/>\n&#13;<br \/>\n&#13;<br \/>\n&#13;<br \/>\n&#13;<\/p>\n<p>\t&#13;<br \/>\n&#13;<br \/>\n&#13;<br \/>\n&#13;<br \/>\n    &#13;<br \/>\n    &#13;<br \/>\n&#13;<br \/>\n&#13;<\/p>\n<p>                &#13;<\/p>\n<p>&#13;<br \/>\n                                    <img decoding=\"async\" fetchpriority=\"high\" width=\"650\" height=\"433\" class=\"entry-thumb\" src=\"https:\/\/www.europesays.com\/pl\/wp-content\/uploads\/2026\/08\/net-26830450.jpg\"   alt=\"\" title=\"Igor Milicic Tristan da Silva\"\/>&#13;<br \/>\n                                    Gda\u00f1sk, 30.08.2026. Polak Igor Milicic (C-P) i Tristan da Silva (C-L) z Niemiec podczas meczu eliminacyjnego mistrzostw \u009cwiata 2027 koszykarzy, 30 bm. (mk) PAP\/Adam War\u00bfawa<\/p>\n<p><a href=\"https:\/\/wiadomosci.com\/author\/pj\/\" class=\"tdb-author-photo\" title=\"PJ\" rel=\"nofollow noopener\" target=\"_blank\"><img alt=\"PJ\" src=\"https:\/\/www.europesays.com\/pl\/wp-content\/uploads\/2026\/08\/1788122124_421_e20804007b292fb944e047cb5928f92054f4134c75188487f63b3e1758d7b085.jpeg\"  class=\"avatar avatar-120 photo\" height=\"120\" width=\"120\" loading=\"lazy\" decoding=\"async\"\/><\/a><\/p>\n<p>Polacy maj\u0105 w grupie K bilans 7-1, identyczny jak Niemcy i Chorwacja.<\/p>\n<p>Polska \u2013 Niemcy 94:96 (15:28, 16:13, 27:29, 25:13, dogr. 11:13)<\/p>\n<p>Polska: Mateusz Ponitka 20, Igor Milici\u0107 18, Jordan Loyd 16, Andrzej Pluta 14, Dominik Olejniczak 12, Micha\u0142 Soko\u0142owski 5, Aleksander Balcerowski 4, Przemys\u0142aw \u017bo\u0142nierewicz 4, Kamil \u0141\u0105czy\u0144ski 1, Jaros\u0142aw Zyskowski 0, Kuba Pi\u015bla 0, Szymon Zapa\u0142a 0.<\/p>\n<p>Niemcy: Dennis Schroeder 18, Johannes Thiemann 14, Maodo Lo 13, Isaac Bonga 10, Tristan da Silva 9, Louis Olinde 8, Daniel Theis 7, Oscar Da Silva 6, Malte Delow 6, David Kramer 5, Kay Bruhnke 0.<\/p>\n<p>Komplet publiczno\u015bci w Ergo Arenie przez 40 minut zagrzewa\u0142 bia\u0142o-czerwonych do walki, stwarzaj\u0105c fantastyczna opraw\u0119 pojedynku z mistrzami \u015bwiata i Europy. Spotkanie by\u0142o zaci\u0119te, ale to Niemcy dyktowali cz\u0119\u015bciej warunki. W drugiej po\u0142owie podopieczni trenera Igora Milicicia zagrali z wi\u0119ksz\u0105 determinacj\u0105 i waleczno\u015bci\u0105, doprowadzili w ko\u0144c\u00f3wce do remisu i dogrywki, ale ostatecznie okazali si\u0119 minimalnie gorsi od rywali.<\/p>\n<p>Bia\u0142o-czerwoni rozpocz\u0119li spotkanie w identycznym sk\u0142adzie jak zwyci\u0119ski, czwartkowy mecz w Rydze z Izraelem \u2013 z kapitanem Mateuszem Ponitk\u0105, naturalizowanym Jordanem Loydem, Igorem Miliciciem juniorem, Micha\u0142em Soko\u0142owskim i Aleksandrem Balcerowskim.<\/p>\n<p>Od pocz\u0105tku meczu iskrzy\u0142o mi\u0119dzy zawodnikami, Lloyd i lider Niemc\u00f3w Dennis Schroeder zostali ukarani po kilku sekundach meczu faulami technicznymi, potem by\u0142y spi\u0119cia Balcerowskiego z wysokimi graczami rywali, czy walka na parkiecie \u2013 przypominaj\u0105ca bardziej zapasy ni\u017c koszyk\u00f3wk\u0119 \u2013 Soko\u0142owskiego z Johannesem Thiemannem.<\/p>\n<p>By\u0142o 5:5, 8:7 dla Polak\u00f3w, a po chwili 12:9 dla mistrz\u00f3w globu. Niemcy mieli przewag\u0119 pod koszami, w zbi\u00f3rkach defensywnych i ofensywnych, co pozwala\u0142o im zwi\u0119ksza\u0107 prowadzenie. Lepiej trafiali te\u017c z dystansu (5 razy w pierwszej kwarcie), dzi\u0119ki czemu prowadzili 17:13, 21:15, a nawet 28:15 po dw\u00f3ch rzutach za trzy punkty Maodo Lo w ko\u0144c\u00f3wce pierwszej kwarty.<\/p>\n<p>Twarda defensywa Niemc\u00f3w sprawia\u0142a, \u017ce bia\u0142o-czerwonym trudno przychodzi\u0142o zdobywanie punkt\u00f3w, ale i konstruowanie akcji. Aktywny Ponitka i Loyd mieli za ma\u0142o wsparcia podkoszowych (obydwaj do przerwy cztery punkty), a i rezerwowi, kt\u00f3rzy wchodzili na parkiet nie dok\u0142adali tyle, co rezerwowi przyjezdnych. Go\u015bcie prowadzili ju\u017c 34:18 w 14. minucie spotkania i sztab trenerski musia\u0142 wzi\u0105\u0107 czas. Po nim lepsza obrona Polak\u00f3w \u2013 akcje Igora Milicica czy Przemys\u0142awa \u017bo\u0142nierewicza pozwoli\u0142y zmniejszy\u0107 dystans do Niemc\u00f3w. Po rzucie Andrzeja Pluty by\u0142o 29:36, ale b\u0142yskawiczne trzy punkty Thiemanna ponownie da\u0142y 10-punktowe prowadzenia.<\/p>\n<p>Do przerwy by\u0142o 41:31 dla go\u015bci i dziesi\u0119ciopunktowa r\u00f3\u017cnica utrzymywa\u0142a si\u0119 przez trzeci\u0105 kwart\u0119, cho\u0107 uda\u0142o si\u0119 zniwelowa\u0107 straty do sze\u015bciu punkt\u00f3w 40:46 w 23. min., gdy za trzy punkty trafi\u0142 Loyd. Naturalizowany Amerykanin gra\u0142 coraz lepiej, ale w 28. minucie zosta\u0142 ukarany przewinieniem technicznym i musia\u0142 zej\u015b\u0107 z parkietu. Potem taki sam faul otrzyma\u0142a polska \u0142awka. Nerwowa atmosfera s\u0142u\u017cy\u0142a rywalom, kt\u00f3rzy potrafili zachowa\u0107 wi\u0119cej spokoju i wykorzystywali to, \u017ce momentami s\u0119dziowie pozwalali na tward\u0105 gr\u0119 na granicy przepis\u00f3w. Po 30 minutach Polska przegrywa\u0142a 58:70.<\/p>\n<p>Zryw bia\u0142o-czerwonych na pocz\u0105tku czwartej kwarty to dwa rzuty za trzy punkty Pluty i Milicicia i w 32. minucie Niemcy mieli jedynie dwa punkty przewagi 72:70. Pluta wykorzysta\u0142 tylko jeden rzut wolny i by\u0142o 71:72, ale w kolejnej akcji kapitan Schroeder trafi\u0142 zza linii 6,75 m, nast\u0119pnie wykorzysta\u0142 dwa wolne i Niemcy znowu odskoczyli 80:73. Mimo to bia\u0142o-czerwoni potrafili jeszcze raz wykrzesa\u0107 z siebie maksimum energii. Po akcjach Ponitki i rzutach Soko\u0142owskiego Polacy doprowadzili na dwie minuty przed ko\u0144cem do remis 83:83.<\/p>\n<p>Przez 120 sekund \u017cadnej z dru\u017cyn nie uda\u0142o si\u0119 zdoby\u0107 punkt\u00f3w, b\u0142\u0119dy pope\u0142nili i liderzy Polski i Niemiec, w tym Schroeder, kt\u00f3ry nadepn\u0105\u0142 na lini\u0119 autu naciskany przez polsk\u0105 obron\u0119. W ostatniej akcji na 16,7 sekund bia\u0142o-czerwoni mieli szans\u0119 na punkty, ale pope\u0142nili strat\u0119.<\/p>\n<p>Potrzebna by\u0142\u0105 wi\u0119c dogrywka. Rozpocz\u0105\u0142 j\u0105 dwoma punktami Schroeder, a potem mistrzowie prowadzili nawet 90:83. Za pi\u0119\u0107 fauli spadli kolejno Soko\u0142owski, Ponitka i kilka sekund przed ko\u0144cem dogrywki Olejniczak, ale ci, kt\u00f3rzy mogli, dalej walczyli.<\/p>\n<p>Milici\u0107 dobija\u0142 rzuty koleg\u00f3w i sam decydowa\u0142 o akcjach. To w\u0142a\u015bnie po jego trafieniach Polacy przegrywali 90:92, a po chwili 92:94. M\u0142ody Kuba Pi\u015bla wymusi\u0142 u Schroedera b\u0142\u0105d krok\u00f3w. Do remisu 94:94 po dw\u00f3ch ofensywnych zbi\u00f3rkach Olejniczaka doprowadzi\u0142 Przemys\u0142aw \u017bo\u0142nierewicz. Zegar wskazywa\u0142 38 sekund do ko\u0144ca dodatkowego czasu gry.<\/p>\n<p>Faulowany Schroeder wykorzysta\u0142 obydw wolne. Polacy mieli 17 sekund na odwr\u00f3cenie los\u00f3w meczu, ale nie zdo\u0142ali umie\u015bci\u0107 pi\u0142ki w koszu.<\/p>\n<p>Niemcy wygrali walk\u0119 pod tablicami 40:38, ale to Polacy mieli mniej strat \u2013 14 (przy 16 rywali) i lepsz\u0105 skuteczno\u015b\u0107 za dwa punkty (59,4 proc.), przy 51,7 proc. Niemc\u00f3w. Jednak to mistrzowie \u015bwiata wyjechali z Ergo Areny ze zwyci\u0119stwem.<\/p>\n<p>Kapitan Ponitka, kt\u00f3ry w sobot\u0119 obchodzi\u0142 33. urodziny, mia\u0142 20 pkt, 8 zbi\u00f3rek i 5 asyst, Milici\u0107 18 pkt i 8 zbi\u00f3rek, a Olejniczak zako\u0144czy\u0142 spotkanie z double-double.<\/p>\n<p>Kolejne spotkanie w eliminacjach M\u015a odb\u0119dzie si\u0119 27 listopada w Gliwicach z Chorwacj\u0105.(PAP)<\/p>\n<p>olga\/ bia\/<\/p>\n<p><a data-no-instant=\"1\" href=\"https:\/\/aquaverdewater.com\/\" rel=\"noopener nofollow\" class=\"a2t-link\" target=\"_blank\" aria-label=\"aqua-verde-1\"><img loading=\"lazy\" decoding=\"async\" src=\"https:\/\/www.europesays.com\/pl\/wp-content\/uploads\/2026\/08\/1788122130_941_aqua-verde-1.jpg\" alt=\"\"   width=\"1402\" height=\"1122\"\/><\/a><\/p>\n<p><a data-no-instant=\"1\" href=\"https:\/\/kongrespoloniimedycznej.org\/\" rel=\"noopener nofollow\" class=\"a2t-link\" target=\"_blank\" aria-label=\"KPM_Banner__300x250\"><img loading=\"lazy\" decoding=\"async\" src=\"https:\/\/www.europesays.com\/pl\/wp-content\/uploads\/2026\/08\/1788122133_606_KPM_Banner__300x250.jpg\" alt=\"\" width=\"300\" height=\"250\" style=\"display: inline-block;\"\/><\/a><\/p>\n<p>&#13;<br \/>\n&#13;<\/p>\n<p>&#13;<br \/>\n&#13;<br \/>\n    &#13;<br \/>\n&#13;<\/p>\n<p>&#13;<br \/>\n&#13;<\/p>\n","protected":false},"excerpt":{"rendered":"&#13; &#13; &#13; Eliminacje M\u015a koszykarzy\/ Polska &#8211; Niemcy 94:96. To pierwsza pora\u017cka bia\u0142o-czerwonych w eliminacjach &#8211; wiadomosci.com&#13;&hellip;\n","protected":false},"author":2,"featured_media":656436,"comment_status":"","ping_status":"","sticky":false,"template":"","format":"standard","meta":{"footnotes":"","_share_on_mastodon":"0"},"categories":[12],"tags":[2449,42,38,40,39,41],"class_list":["post-656435","post","type-post","status-publish","format-standard","has-post-thumbnail","category-polska","tag-koszykowka","tag-pl","tag-poland","tag-polish","tag-polska","tag-polski"],"share_on_mastodon":{"url":"https:\/\/pubeurope.com\/@pl\/117186379041969615","error":""},"_links":{"self":[{"href":"https:\/\/www.europesays.com\/pl\/wp-json\/wp\/v2\/posts\/656435","targetHints":{"allow":["GET"]}}],"collection":[{"href":"https:\/\/www.europesays.com\/pl\/wp-json\/wp\/v2\/posts"}],"about":[{"href":"https:\/\/www.europesays.com\/pl\/wp-json\/wp\/v2\/types\/post"}],"author":[{"embeddable":true,"href":"https:\/\/www.europesays.com\/pl\/wp-json\/wp\/v2\/users\/2"}],"replies":[{"embeddable":true,"href":"https:\/\/www.europesays.com\/pl\/wp-json\/wp\/v2\/comments?post=656435"}],"version-history":[{"count":0,"href":"https:\/\/www.europesays.com\/pl\/wp-json\/wp\/v2\/posts\/656435\/revisions"}],"wp:featuredmedia":[{"embeddable":true,"href":"https:\/\/www.europesays.com\/pl\/wp-json\/wp\/v2\/media\/656436"}],"wp:attachment":[{"href":"https:\/\/www.europesays.com\/pl\/wp-json\/wp\/v2\/media?parent=656435"}],"wp:term":[{"taxonomy":"category","embeddable":true,"href":"https:\/\/www.europesays.com\/pl\/wp-json\/wp\/v2\/categories?post=656435"},{"taxonomy":"post_tag","embeddable":true,"href":"https:\/\/www.europesays.com\/pl\/wp-json\/wp\/v2\/tags?post=656435"}],"curies":[{"name":"wp","href":"https:\/\/api.w.org\/{rel}","templated":true}]}}