{"id":656447,"date":"2026-08-30T20:42:12","date_gmt":"2026-08-30T20:42:12","guid":{"rendered":"https:\/\/www.europesays.com\/pl\/656447\/"},"modified":"2026-08-30T20:42:12","modified_gmt":"2026-08-30T20:42:12","slug":"trojstronne-spotkanie-usa-rosja-ukraina-jest-komentarz-kremla","status":"publish","type":"post","link":"https:\/\/www.europesays.com\/pl\/656447\/","title":{"rendered":"Tr\u00f3jstronne spotkanie USA-Rosja-Ukraina? Jest komentarz Kremla"},"content":{"rendered":"<p>W ten spos\u00f3b skomentowa\u0142 doniesienia portalu Axios, wed\u0142ug kt\u00f3rych <a href=\"https:\/\/wiadomosci.onet.pl\/swiat\/usa-wystapily-z-propozycja-podczas-wizyty-szefa-cia-w-moskwie-szczyt-konczacy-wojne\/pse2hhe\" id=\"ad780f8d-2ae7-4c42-8191-e42cc6c9fbda\" rel=\"nofollow noopener\" target=\"_blank\">dyrektor CIA John Ratcliffe podczas wizyty w Moskwie proponowa\u0142 zorganizowanie spotkania z udzia\u0142em Putina, Donalda Trumpa i Wo\u0142odymyra Ze\u0142enskiego<\/a>.<\/p>\n<p>\u2014 Od dawna pojawiaj\u0105 si\u0119 propozycje, by zorganizowa\u0107 szczyt Putin-Trump-Ze\u0142enski. Dobrze znacie stanowisko naszego prezydenta: takie spotkanie jest mo\u017cliwe wy\u0142\u0105cznie w celu zatwierdzenia uzgodnie\u0144. Uzgodnienia to wcale nie jest prosta transakcja \u2014 przytacza s\u0142owa Pieskowa agencja Interfax.<\/p>\n<p>Dalszy ci\u0105g artyku\u0142u pod materia\u0142em wideo<\/p>\n<p>Przedstawiciel Kremla podkre\u015bli\u0142, \u017ce to bardzo z\u0142o\u017cony proces regulacyjny, sk\u0142adaj\u0105cy si\u0119 z ogromnej liczby szczeg\u00f3\u0142\u00f3w.<\/p>\n<p>\u2014 Oczywi\u015bcie spotykanie si\u0119 prezydent\u00f3w, by to wszystko omawia\u0107, jest zupe\u0142nie bezcelowe. Mog\u0105 spotka\u0107 si\u0119 tylko po to, by sfinalizowa\u0107 ustalenia. Natomiast prawdziwym uregulowaniem nie chce si\u0119 zaj\u0105\u0107 strona kijowska \u2014 podsumowa\u0142 Pieskow.<\/p>\n<p>Kij\u00f3w na skraju wyczerpania. Rosja pr\u00f3buje zam\u0119czy\u0107 ukrai\u0144sk\u0105 stolic\u0119. &#8222;Maraton przetrwania&#8221; [OPINIA]<\/p>\n<p class=\"ods-o-frame-in-text__paragraph\"><a href=\"https:\/\/wiadomosci.onet.pl\/swiat\/rosja-probuje-zameczyc-kijow-miasto-na-skraju-wyczerpania\/xjmrs4v?tpcc=202608_bloczek_newsroom\" id=\"600a9f41-fe18-418a-b28b-e0ece7311a2c\" rel=\"nofollow noopener\" target=\"_blank\">Przeczytaj ca\u0142o\u015b\u0107 artyku\u0142u!<\/a><\/p>\n<p><img class=\"ods-a-photo ods-a-photo--background\" src=\"https:\/\/www.europesays.com\/pl\/wp-content\/uploads\/2026\/08\/vkck9lBaHR0cHM6Ly9vY2RuLmV1L3B1bHNjbXMvTURBXy9mNmU5MmIyMzI3YzgwOTU1MDNjOGI4ODNhZTAzYjdkMS5wbmeRlQLNA.jpeg\" height=\"251\" width=\"450\" alt=\"Stra\u017cacy gasz\u0105cy po\u017car na targu w Kijowie po rosyjskim ataku, 16 sierpnia 2026 r.\" loading=\"lazy\" fetchpriority=\"low\" decoding=\"async\"\/>Putin nie chce spotka\u0107 si\u0119 z Ze\u0142enskim<\/p>\n<p>Donald Trump jeszcze w sierpniu 2025 r. m\u00f3wi\u0142, \u017ce rozpocz\u0105\u0142 przygotowania do tr\u00f3jstronnego szczytu, w kt\u00f3rym mieli wzi\u0105\u0107 udzia\u0142 on sam, Ze\u0142enski i W\u0142adimir Putin. Liczy\u0142, \u017ce odb\u0119dzie si\u0119 on w ci\u0105gu dw\u00f3ch tygodni. Od tego czasu nie dosz\u0142o jednak do \u017cadnego tr\u00f3jstronnego spotkania.<\/p>\n<p><a href=\"https:\/\/wiadomosci.onet.pl\/swiat\/wolodymyr-zelenski-napisal-list-do-wladimira-putina\/0m5jqhb\" id=\"51d79405-ea44-48dc-b34b-983774783be4\" rel=\"nofollow noopener\" target=\"_blank\">4 czerwca bie\u017c\u0105cego roku Ze\u0142enski opublikowa\u0142 otwarty list do Putina<\/a>, w kt\u00f3rym zaproponowa\u0142 prezydentowi Rosji osobiste spotkanie, by uzgodni\u0107 zako\u0144czenie wojny. <a href=\"https:\/\/wiadomosci.onet.pl\/swiat\/wladimir-putin-odpowiedzial-wolodymyrowi-zelenskiemu-chodzi-o-ich-spotkanie\/994h3hk\" id=\"e5550b0f-d72b-4259-81bd-6906baa96f5b\" rel=\"nofollow noopener\" target=\"_blank\">Nast\u0119pnego dnia Putin, przemawiaj\u0105c na Petersburskim Forum Ekonomicznym, stwierdzi\u0142, \u017ce obecnie nie widzi sensu spotkania z Ze\u0142enskim<\/a>.<\/p>\n","protected":false},"excerpt":{"rendered":"W ten spos\u00f3b skomentowa\u0142 doniesienia portalu Axios, wed\u0142ug kt\u00f3rych dyrektor CIA John Ratcliffe podczas wizyty w Moskwie proponowa\u0142&hellip;\n","protected":false},"author":2,"featured_media":656448,"comment_status":"","ping_status":"","sticky":false,"template":"","format":"standard","meta":{"footnotes":"","_share_on_mastodon":"0"},"categories":[14],"tags":[61195,32,33,14131,445,44,27,76,20036,34,35,28,31,48,25,46,40,41,87,47,80,29,30,26,408,309,82,83,84],"class_list":["post-656447","post","type-post","status-publish","format-standard","has-post-thumbnail","category-swiat","tag-bottomfeed_styl","tag-breaking-news","tag-breakingnews","tag-cia","tag-dmitrij_pieskow","tag-donald_trump","tag-headlines","tag-inwazja_rosji_na_ukraine","tag-john_ratcliffe","tag-latest-news","tag-latestnews","tag-naglowki","tag-najwazniejsze-artykuly","tag-nat_styl","tag-news","tag-omp","tag-polish","tag-polski","tag-rosja","tag-screening_general","tag-swiat","tag-top-stories","tag-topstories","tag-wiadomosci","tag-wladimir_putin","tag-wolodymyr_zelenski","tag-world","tag-world-news","tag-worldnews"],"share_on_mastodon":{"url":"https:\/\/pubeurope.com\/@pl\/117186406479166322","error":""},"_links":{"self":[{"href":"https:\/\/www.europesays.com\/pl\/wp-json\/wp\/v2\/posts\/656447","targetHints":{"allow":["GET"]}}],"collection":[{"href":"https:\/\/www.europesays.com\/pl\/wp-json\/wp\/v2\/posts"}],"about":[{"href":"https:\/\/www.europesays.com\/pl\/wp-json\/wp\/v2\/types\/post"}],"author":[{"embeddable":true,"href":"https:\/\/www.europesays.com\/pl\/wp-json\/wp\/v2\/users\/2"}],"replies":[{"embeddable":true,"href":"https:\/\/www.europesays.com\/pl\/wp-json\/wp\/v2\/comments?post=656447"}],"version-history":[{"count":0,"href":"https:\/\/www.europesays.com\/pl\/wp-json\/wp\/v2\/posts\/656447\/revisions"}],"wp:featuredmedia":[{"embeddable":true,"href":"https:\/\/www.europesays.com\/pl\/wp-json\/wp\/v2\/media\/656448"}],"wp:attachment":[{"href":"https:\/\/www.europesays.com\/pl\/wp-json\/wp\/v2\/media?parent=656447"}],"wp:term":[{"taxonomy":"category","embeddable":true,"href":"https:\/\/www.europesays.com\/pl\/wp-json\/wp\/v2\/categories?post=656447"},{"taxonomy":"post_tag","embeddable":true,"href":"https:\/\/www.europesays.com\/pl\/wp-json\/wp\/v2\/tags?post=656447"}],"curies":[{"name":"wp","href":"https:\/\/api.w.org\/{rel}","templated":true}]}}