{"id":656455,"date":"2026-08-30T20:46:17","date_gmt":"2026-08-30T20:46:17","guid":{"rendered":"https:\/\/www.europesays.com\/pl\/656455\/"},"modified":"2026-08-30T20:46:17","modified_gmt":"2026-08-30T20:46:17","slug":"dostep-do-broni-prezydent-podzielil-sie-osobista-historia","status":"publish","type":"post","link":"https:\/\/www.europesays.com\/pl\/656455\/","title":{"rendered":"Dost\u0119p do broni? Prezydent podzieli\u0142 si\u0119 osobist\u0105 histori\u0105!"},"content":{"rendered":"<p data-v-01d4021f=\"\">Prezydent Karol Nawrocki odni\u00f3s\u0142 si\u0119 do kwestii liberalizacji dost\u0119pu do broni palnej dla Polak\u00f3w. Opowiedzia\u0142 histori\u0119 z w\u0142asnego \u017cycia, dotycz\u0105c\u0105 zagro\u017cenia ze strony Federacji Rosyjskiej. <\/p>\n<p align=\"left\" data-v-01d4021f=\"\">Podczas spotkania z m\u0142odzie\u017c\u0105 w Juracie prezydent Nawrocki\u00a0zosta\u0142 zapytany o kwesti\u0119 przepis\u00f3w dotycz\u0105cych posiadania broni w Polsce i ewentualnej kwestii liberalizacji dost\u0119pu do niej. <\/p>\n<p align=\"left\" data-v-01d4021f=\"\">W odpowiedzi prezydent\u00a0opowiedzia\u0142 m.in. w\u0142asn\u0105 histori\u0119, gdy sam uzyska\u0142 dost\u0119p do broni palnej. <\/p>\n<p align=\"left\" data-v-01d4021f=\"\">Najpierw powiem, jak sam do tego podchodz\u0119. Gdy by\u0142em jeszcze prezesem Instytutu Pami\u0119ci Narodowej, to zacz\u0119\u0142a mnie \u015bciga\u0107 Federacja Rosyjska, bo zniszczy\u0142em&#8230; zdemontowa\u0142em jako prezes Instytutu Pami\u0119ci Narodowej oko\u0142o 50 sowieckich pomnik\u00f3w. To ma zwi\u0105zek z odpowiedzi\u0105 na to pytanie<\/p>\n<p align=\"left\" data-v-01d4021f=\"\">\u2013\u00a0powiedzia\u0142. <\/p>\n<p align=\"left\" data-v-01d4021f=\"\">W zwi\u0105zku z czym Federacja Rosyjska zacz\u0119\u0142a mnie \u015bciga\u0107, grozi mi 5 lat pozbawienia wolno\u015bci albo 5 lat \u0142agr\u00f3w Federacji Rosyjskiej za to, czego dokona\u0142em. No i poczu\u0142em si\u0119 zagro\u017cony. Uzna\u0142em, \u017ce niestety przy ma\u0142ym ruchu granicznym mi\u0119dzy moim rodzinnym Gda\u0144skiem a Kaliningradem \u2013 nie wiem, czy pami\u0119tacie\u00a0pa\u0144stwo taki sza\u0142, jak tworzono ma\u0142e ruchy graniczne, przyje\u017cd\u017ca\u0142o na zakupy wielu Rosjan nie tylko do Tr\u00f3jmiasta, ale do ca\u0142ej Polski \u2013 postanowi\u0142em, \u017ce si\u0119 uzbroj\u0119. I od wielu lat&#8230; teraz ju\u017c jako prezydent Polski nie, ale m\u00f3wi\u0142em to tak\u017ce w kampanii wyborczej, chodzi\u0142em uzbrojony. Przeszed\u0142em konkretne testy: testy psychologiczne, testy zdrowotne, ca\u0142y cykl przygotowa\u0144. Zda\u0142em normalnie egzamin<\/p>\n<p align=\"left\" data-v-01d4021f=\"\">\u2013\u00a0m\u00f3wi\u0142 prezydent.<\/p>\n<p>Restrykcyjne przepisy<\/p>\n<p align=\"left\" data-v-01d4021f=\"\">Karol Nawrocki przekonywa\u0142, \u017ce jego zdaniem, przepisy dot. dost\u0119pu do broni s\u0105 zbyt restrykcyjne.\u00a0<\/p>\n<p data-v-01d4021f=\"\">Refleksj\u0119 z tego do\u015bwiadczenia mam tak\u0105, \u017ce dzisiaj na poziomie dost\u0119pu do broni osobistej, broni indywidualnej, te restrykcje s\u0105 zbyt g\u0142\u0119bokie. Nie jestem zwolennikiem rozwi\u0105za\u0144 takich, jak w niekt\u00f3rych stanach w Stanach Zjednoczonych, aby ten dost\u0119p by\u0142 zupe\u0142nie powszechny do broni \u2013 czy to osobistej, czy kolekcjonerskiej. Ale mam te\u017c \u015bwiadomo\u015b\u0107, \u017ce cho\u0107by takie pa\u0144stwa jak Szwajcaria przy powszechnym dost\u0119pie i s\u0142u\u017cbie, i przy wi\u0119kszym dost\u0119pie, mo\u017cliwo\u015bci do broni, s\u0105 po prostu dzi\u0119ki temu bezpieczniejsze<\/p>\n<p align=\"left\" data-v-01d4021f=\"\">\u2013\u00a0stwierdzi\u0142.<\/p>\n<p align=\"left\" data-v-01d4021f=\"\">Prezydent zapewni\u0142 jednak,\u00a0\u017ce jest otwarty w kwestii wszelkich inicjatyw zwi\u0105zanych z kwesti\u0105 dost\u0119pu do broni. <\/p>\n<p align=\"left\" data-v-01d4021f=\"\">Wi\u0119c szczerze zawsze odpowiadam, \u017ce jestem otwarty na inicjatywy liberalizowania dost\u0119pu do broni i do wzmacniania obrony cywilnej. Ale t\u0105 granic\u0105\u00a0gdzie\u015b jest powszechny dost\u0119p pozbawiony rygorystycznych bada\u0144 psychologicznych i umiej\u0119tno\u015bci pos\u0142ugiwania si\u0119 broni\u0105. Wi\u0119c nie m\u00f3wi\u0119 \u201enie\u201d dla liberalizacji, ale nie jestem \u2013 \u017ceby to nie zabrzmia\u0142o jak \u201ekebab z mieszanym sosem\u201d \u2013 ale je\u015bli b\u0119d\u0105 rozs\u0105dne inicjatywy odnosz\u0105ce si\u0119 do pewnego stopnia liberalizacji dost\u0119pu do broni, to na pewno je popr\u0119. O, tak<\/p>\n<p align=\"left\" data-v-01d4021f=\"\">\u2013\u00a0powiedzia\u0142.<\/p>\n<p align=\"left\" data-v-01d4021f=\"\">\u017ar.wPolityce.pl za X\/Kancelaria Prezydenta<\/p>\n","protected":false},"excerpt":{"rendered":"Prezydent Karol Nawrocki odni\u00f3s\u0142 si\u0119 do kwestii liberalizacji dost\u0119pu do broni palnej dla Polak\u00f3w. Opowiedzia\u0142 histori\u0119 z w\u0142asnego&hellip;\n","protected":false},"author":2,"featured_media":656456,"comment_status":"","ping_status":"","sticky":false,"template":"","format":"standard","meta":{"footnotes":"","_share_on_mastodon":"0"},"categories":[62712],"tags":[121116,690,88380,127822,13347,72917,907,99789,4362,2462,1005,380,423,231,127821,123474,3654],"class_list":["post-656455","post","type-post","status-publish","format-standard","has-post-thumbnail","category-karol-nawrocki","tag-analizy-polityczne","tag-karol-nawrocki","tag-komentarze-polityczne","tag-kulisy-polityki","tag-opozycja","tag-partie-polityczne","tag-polityka","tag-polityka-krajowa","tag-polityka-zagraniczna","tag-polska-polityka","tag-prezydent","tag-rzad","tag-sejm","tag-sondaze","tag-wiadomosci-polityczne","tag-wpolityce-pl","tag-wybory"],"share_on_mastodon":{"url":"https:\/\/pubeurope.com\/@pl\/117186421229971567","error":""},"_links":{"self":[{"href":"https:\/\/www.europesays.com\/pl\/wp-json\/wp\/v2\/posts\/656455","targetHints":{"allow":["GET"]}}],"collection":[{"href":"https:\/\/www.europesays.com\/pl\/wp-json\/wp\/v2\/posts"}],"about":[{"href":"https:\/\/www.europesays.com\/pl\/wp-json\/wp\/v2\/types\/post"}],"author":[{"embeddable":true,"href":"https:\/\/www.europesays.com\/pl\/wp-json\/wp\/v2\/users\/2"}],"replies":[{"embeddable":true,"href":"https:\/\/www.europesays.com\/pl\/wp-json\/wp\/v2\/comments?post=656455"}],"version-history":[{"count":0,"href":"https:\/\/www.europesays.com\/pl\/wp-json\/wp\/v2\/posts\/656455\/revisions"}],"wp:featuredmedia":[{"embeddable":true,"href":"https:\/\/www.europesays.com\/pl\/wp-json\/wp\/v2\/media\/656456"}],"wp:attachment":[{"href":"https:\/\/www.europesays.com\/pl\/wp-json\/wp\/v2\/media?parent=656455"}],"wp:term":[{"taxonomy":"category","embeddable":true,"href":"https:\/\/www.europesays.com\/pl\/wp-json\/wp\/v2\/categories?post=656455"},{"taxonomy":"post_tag","embeddable":true,"href":"https:\/\/www.europesays.com\/pl\/wp-json\/wp\/v2\/tags?post=656455"}],"curies":[{"name":"wp","href":"https:\/\/api.w.org\/{rel}","templated":true}]}}