{"id":656457,"date":"2026-08-30T20:50:13","date_gmt":"2026-08-30T20:50:13","guid":{"rendered":"https:\/\/www.europesays.com\/pl\/656457\/"},"modified":"2026-08-30T20:50:13","modified_gmt":"2026-08-30T20:50:13","slug":"frekwencja-6-kolejki-pko-bp-ekstraklasy-cksport-pl-sport-kielce-korona-kielce","status":"publish","type":"post","link":"https:\/\/www.europesays.com\/pl\/656457\/","title":{"rendered":"Frekwencja 6. kolejki PKO BP Ekstraklasy &#8211; CKsport.pl &#8211; Sport Kielce | Korona Kielce"},"content":{"rendered":"<p>\u0141\u0105czna frekwencja podczas 6. kolejki PKO BP Ekstraklasy wynios\u0142a 140 469 widz\u00f3w.<\/p>\n<p>Najwi\u0119cej fan\u00f3w zgromadzi\u0142y derby Krakowa pomi\u0119dzy Wis\u0142\u0105 Krak\u00f3w a Wieczyst\u0105 Krak\u00f3w, kt\u00f3re z trybun obejrza\u0142o 33 000 os\u00f3b. Drugie miejsce pod wzgl\u0119dem frekwencji zaj\u0105\u0142 pojedynek G\u00f3rnika Zabrze z GKS-em Katowice. Na trybunach podczas \u201e\u015al\u0105skiego Klasyku\u201d\u00a0zasiad\u0142o 27 659 widz\u00f3w.<\/p>\n<p>Ostatni stopie\u0144 frekwencyjnego podium przypad\u0142 w udziale starciu Legii Warszawa ze \u015al\u0105skiem Wroc\u0142aw, kt\u00f3re zgromadzi\u0142o 27 072 kibic\u00f3w. Na kolejnym miejscu znalaz\u0142 si\u0119 ostatni pojedynek tej serii Widzewa \u0141\u00f3d\u017a z Lechem Pozna\u0144, kt\u00f3ry obejrza\u0142o 17 555 os\u00f3b.<\/p>\n<p>Nast\u0119pnie uplasowa\u0142o si\u0119 spotkanie Motoru Lublin z Piastem Gliwice, na kt\u00f3rym obecnych by\u0142o 9 379 widz\u00f3w. Mniej obserwator\u00f3w zanotowano w Radomiu, gdzie starcie Radomiaka z Cracovi\u0105 obejrza\u0142o 7 470 os\u00f3b.<\/p>\n<p>Na meczu Wis\u0142y P\u0142ock z Koron\u0105 Kielce pojawi\u0142o si\u0119 6 884 kibic\u00f3w, w tym 183 sympatyk\u00f3w kieleckiego zespo\u0142u. Nieco ni\u017csz\u0105 frekwencj\u0119 odnotowano w Lubinie, gdzie pojedynek KGHM Zag\u0142\u0119bia Lubin z Pogoni\u0105 Szczecin obejrza\u0142o 6 123 widz\u00f3w.<\/p>\n<p>Najmniejsz\u0105 frekwencj\u0119 w rozegranych w tej serii spotkaniach zanotowano w Cz\u0119stochowie. Starcie Rakowa z Jagielloni\u0105 Bia\u0142ystok zgromadzi\u0142o bowiem 5 327 kibic\u00f3w.<\/p>\n<p>Frekwencja 6. kolejki PKO BP Ekstraklasy:<\/p>\n<p>Fot. Marcin Deszczka<\/p>\n<p><a href=\"https:\/\/dapkielce.pl\/\" target=\"_blank\" rel=\"noopener nofollow\"> <img decoding=\"async\" style=\"width: 100%; height: auto; display: block;\" src=\"https:\/\/www.europesays.com\/pl\/wp-content\/uploads\/2026\/08\/1788123012_778_dap_grafika.png\" alt=\"DAP Kielce Grafika\"\/> <\/a><\/p>\n<p>&#8212;&#8212;&#8212;&#8212;<br \/>\nDzi\u0119kujemy, \u017ce jeste\u015b z nami i wspierasz tw\u00f3rczo\u015b\u0107 dost\u0119pn\u0105 na CKsport.pl. Kliknij w link poni\u017cej i postaw naszej redakcji symboliczn\u0105 kaw\u0119.<\/p>\n<p><a href=\"https:\/\/buycoffee.to\/cksportpl\" target=\"_blank\" rel=\"noopener nofollow\"><img decoding=\"async\" style=\"width: 300px; display: block; margin-left: auto; margin-right: auto;\" src=\"https:\/\/buycoffee.to\/btn\/buycoffeeto-btn-primary.svg\" alt=\"Postaw mi kaw\u0119 na buycoffee.to\"\/><\/a><\/p>\n","protected":false},"excerpt":{"rendered":"\u0141\u0105czna frekwencja podczas 6. kolejki PKO BP Ekstraklasy wynios\u0142a 140 469 widz\u00f3w. Najwi\u0119cej fan\u00f3w zgromadzi\u0142y derby Krakowa pomi\u0119dzy&hellip;\n","protected":false},"author":2,"featured_media":656458,"comment_status":"","ping_status":"","sticky":false,"template":"","format":"standard","meta":{"footnotes":"","_share_on_mastodon":"0"},"categories":[52122],"tags":[2398,8050,2570,4979,2615,3548,2908,215,713,3364,2810,6010,752,2573,42,61070,1111,38,40,39,41,2167,2369,697,4065,3651,5810,2614],"class_list":["post-656457","post","type-post","status-publish","format-standard","has-post-thumbnail","category-pko-bank-polski","tag-cracovia","tag-frekwencja","tag-gks-katowice","tag-gornik-zabrze","tag-jagiellonia-bialystok","tag-kghm-zaglebie-lubin","tag-korona-kielce","tag-lech-poznan","tag-legia-warszawa","tag-motor-lublin","tag-piast-gliwice","tag-pko-bank-polski","tag-pko-bp","tag-pko-bp-ekstraklasa","tag-pl","tag-podsumowanie-kolejki","tag-pogon-szczecin","tag-poland","tag-polish","tag-polska","tag-polski","tag-radomiak-radom","tag-rakow-czestochowa","tag-slask-wroclaw","tag-widzew-lodz","tag-wieczysta-krakow","tag-wisla-krakow","tag-wisla-plock"],"share_on_mastodon":{"url":"https:\/\/pubeurope.com\/@pl\/117186438053210778","error":""},"_links":{"self":[{"href":"https:\/\/www.europesays.com\/pl\/wp-json\/wp\/v2\/posts\/656457","targetHints":{"allow":["GET"]}}],"collection":[{"href":"https:\/\/www.europesays.com\/pl\/wp-json\/wp\/v2\/posts"}],"about":[{"href":"https:\/\/www.europesays.com\/pl\/wp-json\/wp\/v2\/types\/post"}],"author":[{"embeddable":true,"href":"https:\/\/www.europesays.com\/pl\/wp-json\/wp\/v2\/users\/2"}],"replies":[{"embeddable":true,"href":"https:\/\/www.europesays.com\/pl\/wp-json\/wp\/v2\/comments?post=656457"}],"version-history":[{"count":0,"href":"https:\/\/www.europesays.com\/pl\/wp-json\/wp\/v2\/posts\/656457\/revisions"}],"wp:featuredmedia":[{"embeddable":true,"href":"https:\/\/www.europesays.com\/pl\/wp-json\/wp\/v2\/media\/656458"}],"wp:attachment":[{"href":"https:\/\/www.europesays.com\/pl\/wp-json\/wp\/v2\/media?parent=656457"}],"wp:term":[{"taxonomy":"category","embeddable":true,"href":"https:\/\/www.europesays.com\/pl\/wp-json\/wp\/v2\/categories?post=656457"},{"taxonomy":"post_tag","embeddable":true,"href":"https:\/\/www.europesays.com\/pl\/wp-json\/wp\/v2\/tags?post=656457"}],"curies":[{"name":"wp","href":"https:\/\/api.w.org\/{rel}","templated":true}]}}