{"id":656479,"date":"2026-08-30T21:03:51","date_gmt":"2026-08-30T21:03:51","guid":{"rendered":"https:\/\/www.europesays.com\/pl\/656479\/"},"modified":"2026-08-30T21:03:51","modified_gmt":"2026-08-30T21:03:51","slug":"niemcy-komentuja-zwyciestwo-z-polska-tak-nazwali-bialo-czerwonych","status":"publish","type":"post","link":"https:\/\/www.europesays.com\/pl\/656479\/","title":{"rendered":"Niemcy komentuj\u0105 zwyci\u0119stwo z Polsk\u0105. Tak nazwali Bia\u0142o-Czerwonych"},"content":{"rendered":"<p><img decoding=\"async\" src=\"https:\/\/www.europesays.com\/pl\/wp-content\/uploads\/2026\/08\/ODkyNDkuYCUKGzh3RA5tMElDbC0CV2NmHlt0ZkRCeHQTVj0iRhIuKAccPD1FAj8nDxdgNAdaPywEDSE3REMufV9MK3JSRiolWk17.jpeg\" alt=\"\" width=\"770\" height=\"\" loading=\"lazy\" class=\"img\" data-v-7a35039b=\"\"\/>  <\/p>\n<p forced-expanded=\"true\" class=\"part\" data-v-f5947694=\"\" data-v-20ea25b2=\"\">&#8222;Thriller w dogrywce: Niemcy prawie awansowali&#8221; &#8211; to tytu\u0142 na portalu sport1.de. &#8222;Mistrzowie \u015bwiata wygrali z dotychczas niepokonanymi gospodarzami, Polsk\u0105, w eliminacjach do M\u015a&#8221; &#8211; czytamy w lidzie.<\/p>\n<p forced-expanded=\"true\" class=\"part\" data-v-f5947694=\"\" data-v-20ea25b2=\"\">&#8222;Dzi\u0119ki stalowym nerwom, obro\u0144cy tytu\u0142u, Niemcy, wygrali najwa\u017cniejszy mecz w Polsce i maj\u0105 ju\u017c w r\u0119ku bilet na mistrzostwa \u015bwiata w Koszyk\u00f3wce 2027. Trzy dni po spodziewanym zwyci\u0119stwie nad Holandi\u0105 w Kolonii (99:83), odnie\u015bli ci\u0119\u017cko wywalczone zwyci\u0119stwo 96:94 w Gda\u0144sku, a mecz rozstrzygn\u0105\u0142 si\u0119 w dogrywce&#8221; &#8211; podkre\u015blaj\u0105 dziennikarze sport1.de.<\/p>\n<p forced-expanded=\"true\" class=\"part\" data-v-f5947694=\"\" data-v-20ea25b2=\"\">Opisuj\u0105 kuriozalny pocz\u0105tek spotkania, nazywaj\u0105c go &#8222;katastrofalnym&#8221;. Dennis Schroeder otrzyma\u0142 przewinienie techniczne ju\u017c po czterech sekundach, a kolejne dwa faule pope\u0142ni\u0142 w ci\u0105gu kolejnych czterech minut. Trener Alex Mumbru posadzi\u0142 kapitana na \u0142awce rezerwowych.<\/p>\n<p forced-expanded=\"true\" class=\"part\" data-v-f5947694=\"\" data-v-20ea25b2=\"\">&#8211; Ciesz\u0119 si\u0119 z tego bardzo wa\u017cnego zwyci\u0119stwa. To by\u0142 bardzo fizyczny mecz z wieloma faulami &#8211; przyzna\u0142 Schroeder, kt\u00f3ry po powrocie na parkiet popisa\u0142 si\u0119 kilkoma znakomitymi akcjami i z 18 pkt. poprowadzi\u0142 Niemc\u00f3w do wygranej.<\/p>\n","protected":false},"excerpt":{"rendered":"&#8222;Thriller w dogrywce: Niemcy prawie awansowali&#8221; &#8211; to tytu\u0142 na portalu sport1.de. &#8222;Mistrzowie \u015bwiata wygrali z dotychczas niepokonanymi&hellip;\n","protected":false},"author":2,"featured_media":656480,"comment_status":"","ping_status":"","sticky":false,"template":"","format":"standard","meta":{"footnotes":"","_share_on_mastodon":"0"},"categories":[12],"tags":[18873,26353,2449,295,42,38,40,39,41,539],"class_list":["post-656479","post","type-post","status-publish","format-standard","has-post-thumbnail","category-polska","tag-basket-w-europie","tag-el-ms-2027","tag-koszykowka","tag-niemcy","tag-pl","tag-poland","tag-polish","tag-polska","tag-polski","tag-reprezentacje"],"share_on_mastodon":{"url":"https:\/\/pubeurope.com\/@pl\/117186493051718441","error":""},"_links":{"self":[{"href":"https:\/\/www.europesays.com\/pl\/wp-json\/wp\/v2\/posts\/656479","targetHints":{"allow":["GET"]}}],"collection":[{"href":"https:\/\/www.europesays.com\/pl\/wp-json\/wp\/v2\/posts"}],"about":[{"href":"https:\/\/www.europesays.com\/pl\/wp-json\/wp\/v2\/types\/post"}],"author":[{"embeddable":true,"href":"https:\/\/www.europesays.com\/pl\/wp-json\/wp\/v2\/users\/2"}],"replies":[{"embeddable":true,"href":"https:\/\/www.europesays.com\/pl\/wp-json\/wp\/v2\/comments?post=656479"}],"version-history":[{"count":0,"href":"https:\/\/www.europesays.com\/pl\/wp-json\/wp\/v2\/posts\/656479\/revisions"}],"wp:featuredmedia":[{"embeddable":true,"href":"https:\/\/www.europesays.com\/pl\/wp-json\/wp\/v2\/media\/656480"}],"wp:attachment":[{"href":"https:\/\/www.europesays.com\/pl\/wp-json\/wp\/v2\/media?parent=656479"}],"wp:term":[{"taxonomy":"category","embeddable":true,"href":"https:\/\/www.europesays.com\/pl\/wp-json\/wp\/v2\/categories?post=656479"},{"taxonomy":"post_tag","embeddable":true,"href":"https:\/\/www.europesays.com\/pl\/wp-json\/wp\/v2\/tags?post=656479"}],"curies":[{"name":"wp","href":"https:\/\/api.w.org\/{rel}","templated":true}]}}