{"id":656493,"date":"2026-08-30T21:11:14","date_gmt":"2026-08-30T21:11:14","guid":{"rendered":"https:\/\/www.europesays.com\/pl\/656493\/"},"modified":"2026-08-30T21:11:14","modified_gmt":"2026-08-30T21:11:14","slug":"google-zmienilo-nazwe-jeziora-ontario-taka-decyzje-podjal-donald-trump","status":"publish","type":"post","link":"https:\/\/www.europesays.com\/pl\/656493\/","title":{"rendered":"Google zmieni\u0142o nazw\u0119 jeziora Ontario. Tak\u0105 decyzj\u0119 podj\u0105\u0142 Donald Trump"},"content":{"rendered":"<p>Jak na decyzj\u0119 Donalda Trumpa zareagowa\u0142o Google?<\/p>\n<p>Zgodnie z decyzj\u0105 Donalda Trumpa Google zmieni\u0142o ju\u017c w ameryka\u0144skiej wersji swoich aplikacji nazw\u0119 jeziora Ontario na jezioro Ameryka. W zwi\u0105zku z tym osoby korzystaj\u0105ce z map na terenie USA zobacz\u0105 nowe oznaczenie. Za\u015b u\u017cytkownicy u\u017cywaj\u0105cy aplikacji poza Stanami Zjednoczonymi dalej b\u0119d\u0105 widzie\u0107 okre\u015blenie jezioro Ontario, a nazwa ameryka\u0144ska b\u0119dzie podana w nawiasie.<\/p>\n","protected":false},"excerpt":{"rendered":"Jak na decyzj\u0119 Donalda Trumpa zareagowa\u0142o Google? Zgodnie z decyzj\u0105 Donalda Trumpa Google zmieni\u0142o ju\u017c w ameryka\u0144skiej wersji&hellip;\n","protected":false},"author":2,"featured_media":656494,"comment_status":"","ping_status":"","sticky":false,"template":"","format":"standard","meta":{"footnotes":"","_share_on_mastodon":"0"},"categories":[14],"tags":[61195,32,33,44,490,27,74101,193,34,35,28,31,48,25,46,40,41,47,80,29,30,71,26,82,83,84],"class_list":["post-656493","post","type-post","status-publish","format-standard","has-post-thumbnail","category-swiat","tag-bottomfeed_styl","tag-breaking-news","tag-breakingnews","tag-donald_trump","tag-google","tag-headlines","tag-jeziora","tag-kanada","tag-latest-news","tag-latestnews","tag-naglowki","tag-najwazniejsze-artykuly","tag-nat_styl","tag-news","tag-omp","tag-polish","tag-polski","tag-screening_general","tag-swiat","tag-top-stories","tag-topstories","tag-usa","tag-wiadomosci","tag-world","tag-world-news","tag-worldnews"],"share_on_mastodon":{"url":"https:\/\/pubeurope.com\/@pl\/117186519912198609","error":""},"_links":{"self":[{"href":"https:\/\/www.europesays.com\/pl\/wp-json\/wp\/v2\/posts\/656493","targetHints":{"allow":["GET"]}}],"collection":[{"href":"https:\/\/www.europesays.com\/pl\/wp-json\/wp\/v2\/posts"}],"about":[{"href":"https:\/\/www.europesays.com\/pl\/wp-json\/wp\/v2\/types\/post"}],"author":[{"embeddable":true,"href":"https:\/\/www.europesays.com\/pl\/wp-json\/wp\/v2\/users\/2"}],"replies":[{"embeddable":true,"href":"https:\/\/www.europesays.com\/pl\/wp-json\/wp\/v2\/comments?post=656493"}],"version-history":[{"count":0,"href":"https:\/\/www.europesays.com\/pl\/wp-json\/wp\/v2\/posts\/656493\/revisions"}],"wp:featuredmedia":[{"embeddable":true,"href":"https:\/\/www.europesays.com\/pl\/wp-json\/wp\/v2\/media\/656494"}],"wp:attachment":[{"href":"https:\/\/www.europesays.com\/pl\/wp-json\/wp\/v2\/media?parent=656493"}],"wp:term":[{"taxonomy":"category","embeddable":true,"href":"https:\/\/www.europesays.com\/pl\/wp-json\/wp\/v2\/categories?post=656493"},{"taxonomy":"post_tag","embeddable":true,"href":"https:\/\/www.europesays.com\/pl\/wp-json\/wp\/v2\/tags?post=656493"}],"curies":[{"name":"wp","href":"https:\/\/api.w.org\/{rel}","templated":true}]}}