{"id":656513,"date":"2026-08-30T21:25:17","date_gmt":"2026-08-30T21:25:17","guid":{"rendered":"https:\/\/www.europesays.com\/pl\/656513\/"},"modified":"2026-08-30T21:25:17","modified_gmt":"2026-08-30T21:25:17","slug":"zuzel-wybrzeze-awansowalo-do-finalu-juz-po-drugiej-serii-roznica-klas-w-gdansku","status":"publish","type":"post","link":"https:\/\/www.europesays.com\/pl\/656513\/","title":{"rendered":"\u017bu\u017cel. Wybrze\u017ce awansowa\u0142o do fina\u0142u ju\u017c po drugiej serii. R\u00f3\u017cnica klas w Gda\u0144sku"},"content":{"rendered":"\n<p class=\"contentpart contentpart--default contentpart--text\" data-position=\"0\">Po tym, jak Wybrze\u017ce Gda\u0144sk wygra\u0142o w Opolu a\u017c 55:35 by\u0142o jasne, \u017ce tylko cud mo\u017ce spowodowa\u0107 jakiekolwiek problemy z awansem do fina\u0142u ekipy znad morza i rzeczywi\u015bcie r\u00f3\u017cnice mi\u0119dzy oboma zespo\u0142ami by\u0142y olbrzymie. Co prawda na inauguracj\u0119 <a href=\"https:\/\/sportowefakty.wp.pl\/zuzel\/timo-lahti\" rel=\"nofollow noopener\" target=\"_blank\">Timo Lahti<\/a>\u00a0przyjecha\u0142 na ostatnim miejscu, jednak w kolejnych dw\u00f3ch wy\u015bcigach gospodarze wygrali podw\u00f3jnie.<\/p>\n<p class=\"contentpart contentpart--default contentpart--text\" data-position=\"1\">Bardzo efektown\u0105 jazd\u0119 zaprezentowa\u0142 <a href=\"https:\/\/sportowefakty.wp.pl\/zuzel\/eryk-kaminski\" rel=\"nofollow noopener\" target=\"_blank\">Eryk Kami\u0144ski<\/a>, kt\u00f3ry najpierw spad\u0142 z trzeciego miejsca na czwarte, a nast\u0119pnie mija\u0142 na trasie m\u0142odzie\u017cowc\u00f3w OK Kolejarza Opole. Po tym, jak atakiem na <a href=\"https:\/\/sportowefakty.wp.pl\/zuzel\/jan-przanowski\" rel=\"nofollow noopener\" target=\"_blank\">Jana Przanowskiego<\/a>\u00a0<a href=\"https:\/\/sportowefakty.wp.pl\/zuzel\/hubert-legowik\" rel=\"nofollow noopener\" target=\"_blank\">Hubert \u0141\u0119gowik<\/a>\u00a0przerwa\u0142 pass\u0119 dw\u00f3ch podw\u00f3jnych pora\u017cek z rz\u0119du, przy pierwszej przerwie na r\u00f3wnanie toru by\u0142o 17:7.<\/p>\n<p>  <img decoding=\"async\" src=\"https:\/\/v.wpimg.pl\/X3dwLnN2d1IFFTpdYUl6R0ZNbgcnEHQREVV2TGEGbUtRT2MdOlZ2RBQUKABgQjQcDRotCStBd1IAAWMeIlM7VgwYIAorQAdEFFk_GCkQJQ\" alt=\"\" width=\"45\" height=\"58\" loading=\"lazy\"\/>  <\/p>\n<p class=\"contentpart contentpart--default contentpart--text\" data-position=\"2\">R\u00f3\u017cnica klas mi\u0119dzy dwoma zespo\u0142ami by\u0142a olbrzymia. Po tym, jak w drugiej serii jedynym, kt\u00f3ry urwa\u0142 punkt na rywalu by\u0142 <a href=\"https:\/\/sportowefakty.wp.pl\/zuzel\/vaclav-milik\" rel=\"nofollow noopener\" target=\"_blank\">Vaclav Milik<\/a>, kt\u00f3ry po walce wygra\u0142 z <a href=\"https:\/\/sportowefakty.wp.pl\/zuzel\/mateusz-bartkowiak\" rel=\"nofollow noopener\" target=\"_blank\">Mateuszem Bartkowiakiem<\/a>, kwestia oficjalnego awansu do fina\u0142u Krajowej Ligi \u017bu\u017clowej rozstrzygn\u0119\u0142a si\u0119 ju\u017c po 7. biegu. Zawodnicy Wybrze\u017ca przy wyniku 31:11, prowadz\u0105c w dwumeczu 86:46 mogliby ju\u017c nie doje\u017cd\u017ca\u0107 do mety, a i tak osi\u0105gn\u0119liby cel jaki mieli przed starciem z OK Kolejarzem.<\/p>\n<p class=\"contentpart contentpart--default contentpart--text\" data-position=\"3\">ZOBACZ WIDEO: Magazyn PGE Ekstraligi. Go\u015bcie: St\u0119pniewski, Chomski<\/p>\n<p class=\"contentpart contentpart--default contentpart--text\" data-position=\"5\">Opolanie zdo\u0142ali w tym spotkaniu wygrywa\u0107 swoje wy\u015bcigi, jednak mia\u0142o to miejsce wtedy, gdy swoj\u0105 szans\u0119 w rywalizacji z liderami OK Kolejarza dostawa\u0142 Miko\u0142aj Krok. Wychowanek Stali Gorz\u00f3w nie potrafi\u0142 jednak nawi\u0105za\u0107 walki z du\u017co bardziej obje\u017cd\u017conymi rywalami. W pozosta\u0142ych biegach przewaga Wybrze\u017ca by\u0142a jednak a\u017c nadto widoczna, dzi\u0119ki czemu przed wy\u015bcigami nominowanymi by\u0142o ju\u017c 52:26.<\/p>\n<p class=\"contentpart contentpart--default contentpart--text\" data-position=\"6\">W ostatnich biegach ponownie szans\u0119 otrzymali dwaj juniorzy Wybrze\u017ca Gda\u0144sk i OK Kolejarz zdo\u0142a\u0142 zmniejszy\u0107 straty do 22 punkt\u00f3w r\u00f3\u017cnicy. Nie zmieni\u0142o to jednak odbioru spotkania przez gda\u0144skich kibic\u00f3w. Wybrze\u017ce w dwumeczu wygra\u0142o 111:69 i jest z pewno\u015bci\u0105 faworytem przed fina\u0142ami.<\/p>\n<p>  <img decoding=\"async\" src=\"https:\/\/v.wpimg.pl\/X3dwLnN2d1IFFTpdYUl6R0ZNbgcnEHQREVV2TGEGbUtRT2MdOlZ2RBQUKABgQjQcDRotCStBd1IAAWMeIlM7VgwYIAorQAdEFFk_GCkQJQ\" alt=\"\" width=\"45\" height=\"58\" loading=\"lazy\"\/>  <\/p>\n<p class=\"contentpart contentpart--default contentpart--text\" data-position=\"7\">Punktacja:<\/p>\n<p class=\"contentpart contentpart--default contentpart--text\" data-position=\"8\"><a href=\"https:\/\/sportowefakty.wp.pl\/zuzel\/wybrzeze-gdansk\" rel=\"nofollow noopener\" target=\"_blank\">Wybrze\u017ce Gda\u0144sk<\/a> &#8211; 56 pkt.<br \/>9. Jacob Thorssell &#8211; 11+1 (3,3,2*,3,-)<br \/>10. Krystian Pieszczek &#8211; 10+1 (3,2*,3,1,1)<br \/>11. Timo Lahti &#8211; 9 (0,3,3,3,-)<br \/>12. Mateusz Bartkowiak &#8211; 6+2 (2*,1,1,2*)<br \/>13. Tim Soerensen &#8211; 10 (3,3,2,-,2)<br \/>14. Jan Przanowski &#8211; 4 (3,1,-)<br \/>15. Eryk Kami\u0144ski &#8211; 6+3 (2*,2*,1,1*)<br \/>16. Miko\u0142aj Krok &#8211; 0 (0,0,0)<\/p>\n<p class=\"contentpart contentpart--default contentpart--text\" data-position=\"9\"><a href=\"https:\/\/sportowefakty.wp.pl\/zuzel\/ok-kolejarz-opole\" rel=\"nofollow noopener\" target=\"_blank\">OK Kolejarz Opole<\/a> &#8211; 34 pkt.<br \/>1. James Pearson &#8211; 3+1 (1*,0,1,1)<br \/>2. Jonas Jeppesen &#8211; 4 (1,1,0,2,0)<br \/>3. Vaclav Milik &#8211; 11 (2,2,1,3,3)<br \/>4. Hubert \u0141\u0119gowik &#8211; 7+1 (2,0,3,0,2*)<br \/>5. Oskar Polis &#8211; 8+1 (d,1,2,2*,3)<br \/>6. Dawid Rozp\u0119dek &#8211; 1 (1,-,0)<br \/>7. Oskar Rumi\u0144ski &#8211; 0 (d,0,0)<br \/>8. Dastin \u0141ukaszczyk &#8211; 0 (w)<\/p>\n<p class=\"contentpart contentpart--default contentpart--text\" data-position=\"10\">Bieg po biegu:<br \/>1. (63,66) Thorssell, Milik, Pearson, Lahti &#8211; 3:3 &#8211; (3:3)<br \/>2. (64,23) Przanowski, Kami\u0144ski, Rozp\u0119dek, Rumi\u0144ski (d) &#8211; 5:1 &#8211; (8:4)<br \/>3. (63,17) Soerensen, Bartkowiak, Jeppesen, Polis (d) &#8211; 5:1 &#8211; (13:5)<br \/>4. (63,48) Pieszczek, \u0141\u0119gowik, Przanowski, \u0141ukaszczyk (w) &#8211; 4:2 &#8211; (17:7)<br \/>5. (64,08) Lahti, Milik, Bartkowiak, \u0141\u0119gowik &#8211; 4:2 &#8211; (21:9)<br \/>6. (63,96) Soerensen, Kami\u0144ski, Jeppesen, Pearson &#8211; 5:1 &#8211; (26:10)<br \/>7. (63,59) Thorssell, Pieszczek, Polis, Rumi\u0144ski &#8211; 5:1 &#8211; (31:11)<br \/>8. (64,40) \u0141\u0119gowik, Soerensen, Milik, Krok &#8211; 2:4 &#8211; (33:15)<br \/>9. (64,11) Pieszczek, Thorssell, Pearson, Jeppesen &#8211; 5:1 &#8211; (38:16)<br \/>10. (64,18) Lahti, Polis, Bartkowiak, Rozp\u0119dek &#8211; 4:2 &#8211; (42:18)<br \/>11. (64,54) Thorssell, Bartkowiak, Pearson, \u0141\u0119gowik &#8211; 5:1 &#8211; (47:19)<br \/>12. (64,66) Lahti, Jeppesen, Kami\u0144ski, Rumi\u0144ski &#8211; 4:2 &#8211; (51:21)<br \/>13. (64,42) Milik, Polis, Pieszczek, Krok &#8211; 1:5 &#8211; (52:26)<br \/>14. (64,56) Polis, Soerensen, Kami\u0144ski, Jeppesen &#8211; 3:3 &#8211; (55:29)<br \/>15. (64,63) Milik, \u0141\u0119gowik, Pieszczek, Krok &#8211; 1:5 &#8211; (56:34)<\/p>\n<p>  <img decoding=\"async\" src=\"https:\/\/v.wpimg.pl\/X3dwLnN2d1IFFTpdYUl6R0ZNbgcnEHQREVV2TGEGbUtRT2MdOlZ2RBQUKABgQjQcDRotCStBd1IAAWMeIlM7VgwYIAorQAdEFFk_GCkQJQ\" alt=\"\" width=\"45\" height=\"58\" loading=\"lazy\"\/>  <\/p>\n<p class=\"contentpart contentpart--default contentpart--text\" data-position=\"11\">NCD: 63,17 &#8211; uzyska\u0142 Tim Soerensen w III biegu.<br \/>S\u0119dzia: <a href=\"https:\/\/sportowefakty.wp.pl\/zuzel\/andrzej-kraskiewicz\" rel=\"nofollow noopener\" target=\"_blank\">Andrzej Kraskiewicz<\/a><br \/>Widz\u00f3w: 4 500.<br \/>Startowano wed\u0142ug I zestawu startowego (w biegach nominowanych wed\u0142ug II zestawu).<\/p>\n<p class=\"contentpart contentpart--default contentpart--text\" data-position=\"12\">Wynik dwumeczu: 111.69.<\/p>\n","protected":false},"excerpt":{"rendered":"Po tym, jak Wybrze\u017ce Gda\u0144sk wygra\u0142o w Opolu a\u017c 55:35 by\u0142o jasne, \u017ce tylko cud mo\u017ce spowodowa\u0107 jakiekolwiek&hellip;\n","protected":false},"author":2,"featured_media":656514,"comment_status":"","ping_status":"","sticky":false,"template":"","format":"standard","meta":{"footnotes":"","_share_on_mastodon":"0"},"categories":[51610],"tags":[1048,3404,29972,4547,42,38,40,39,41,36348,4102,174],"class_list":["post-656513","post","type-post","status-publish","format-standard","has-post-thumbnail","category-gdansk","tag-gdansk","tag-krajowa-liga-zuzlowa","tag-ok-kolejarz-opole","tag-opole","tag-pl","tag-poland","tag-polish","tag-polska","tag-polski","tag-stadion-im-zbigniewa-podleckiego-w-gdansku","tag-wybrzeze-gdansk","tag-zuzel"],"share_on_mastodon":{"url":"https:\/\/pubeurope.com\/@pl\/117186575039397229","error":""},"_links":{"self":[{"href":"https:\/\/www.europesays.com\/pl\/wp-json\/wp\/v2\/posts\/656513","targetHints":{"allow":["GET"]}}],"collection":[{"href":"https:\/\/www.europesays.com\/pl\/wp-json\/wp\/v2\/posts"}],"about":[{"href":"https:\/\/www.europesays.com\/pl\/wp-json\/wp\/v2\/types\/post"}],"author":[{"embeddable":true,"href":"https:\/\/www.europesays.com\/pl\/wp-json\/wp\/v2\/users\/2"}],"replies":[{"embeddable":true,"href":"https:\/\/www.europesays.com\/pl\/wp-json\/wp\/v2\/comments?post=656513"}],"version-history":[{"count":0,"href":"https:\/\/www.europesays.com\/pl\/wp-json\/wp\/v2\/posts\/656513\/revisions"}],"wp:featuredmedia":[{"embeddable":true,"href":"https:\/\/www.europesays.com\/pl\/wp-json\/wp\/v2\/media\/656514"}],"wp:attachment":[{"href":"https:\/\/www.europesays.com\/pl\/wp-json\/wp\/v2\/media?parent=656513"}],"wp:term":[{"taxonomy":"category","embeddable":true,"href":"https:\/\/www.europesays.com\/pl\/wp-json\/wp\/v2\/categories?post=656513"},{"taxonomy":"post_tag","embeddable":true,"href":"https:\/\/www.europesays.com\/pl\/wp-json\/wp\/v2\/tags?post=656513"}],"curies":[{"name":"wp","href":"https:\/\/api.w.org\/{rel}","templated":true}]}}