{"id":656523,"date":"2026-08-30T21:36:25","date_gmt":"2026-08-30T21:36:25","guid":{"rendered":"https:\/\/www.europesays.com\/pl\/656523\/"},"modified":"2026-08-30T21:36:25","modified_gmt":"2026-08-30T21:36:25","slug":"nawrocki-polska-nie-zapomina-o-tych-ktorzy-zgineli-na-wolyniu-tylko-za-to-ze-byli-polakami","status":"publish","type":"post","link":"https:\/\/www.europesays.com\/pl\/656523\/","title":{"rendered":"Nawrocki: Polska nie zapomina o tych, kt\u00f3rzy zgin\u0119li na Wo\u0142yniu tylko za to, \u017ce byli Polakami"},"content":{"rendered":"<p>W niedziel\u0119 na starym polskim cmentarzu w Ostr\u00f3wkach w rejonie Lubomla pochowano szcz\u0105tki 55 Polak\u00f3w, ofiar zbrodni wo\u0142y\u0144skiej z Ostr\u00f3wek i Woli Ostrowieckiej. Tragedia tych dw\u00f3ch, nieistniej\u0105cych dzi\u015b wsi, rozegra\u0142a si\u0119 30 sierpnia 1943 r. Szcz\u0105tki ofiar ekshumowano na prze\u0142omie lipca i sierpnia.<\/p>\n<p>Niedzielnej pogrzebowej mszy przewodniczy\u0142 przewodnicz\u0105cy Konferencji Episkopatu Ukrainy, ordynariusz diecezji \u0142uckiej Ko\u015bcio\u0142a rzymskokatolickiego, bp Witalij Skomarowski. Uczestniczyli w niej duchowni ukrai\u0144skich ko\u015bcio\u0142\u00f3w katolickich i prawos\u0142awnych.<\/p>\n<p>List od prezydenta Nawrockiego odczyta\u0142 jego doradca spo\u0142eczny, prezydent Che\u0142ma Jakub Banaszek.<\/p>\n<p>\u201eNigdy nie zapominamy o tych, kt\u00f3rzy skonali w m\u0119czarniach tylko dlatego, \u017ce byli Polakami. Nie zaprzestaniemy stara\u0144 o to, aby wszyscy nasi rodacy zg\u0142adzeni przez cz\u0142onk\u00f3w OUN-UPA (Organizacji Ukrai\u0144skich Nacjonalist\u00f3w \u2013 Ukrai\u0144skiej Powsta\u0144czej Armii) zostali nale\u017cycie pogrzebani i upami\u0119tnieni\u201d \u2013 podkre\u015bli\u0142 prezydent.<\/p>\n<p>Nawrocki pozytywnie oceni\u0142 zgod\u0119 w\u0142adz ukrai\u0144skich na prowadzenie ekshumacji w kolejnych miejscach na terenie Ukrainy. Uzna\u0142 tak\u017ce, \u017ce \u201epami\u0119\u0107 o barbarzy\u0144skich zbrodniach cz\u0142onk\u00f3w OUN-UPA pope\u0142nionych na Polakach jest i musi pozosta\u0107 cz\u0119\u015bci\u0105 powszechnej edukacji dla pokoju\u201d.<\/p>\n<p>\u201ePrzestrzegam tych, kt\u00f3rzy mieni\u0105 si\u0119 kontynuatorami tradycji banderyzmu i haniebnej kolaboracji ukrai\u0144skich nacjonalist\u00f3w z hitlerowsk\u0105 III Rzesz\u0105. Tego rodzaju deklaracje to stawianie si\u0119 poza wsp\u00f3lnot\u0105 obywateli wolnego, cywilizowanego \u015bwiata. Oraz czytelny znak nieprzyja\u017ani wobec Polski i Polak\u00f3w\u201d \u2013 o\u015bwiadczy\u0142.<\/p>\n<p>\u201eA tym samym droga ku nies\u0142awie, izolacji i upadkowi. Ufam, \u017ce wszyscy, kt\u00f3rzy dobrze \u017cycz\u0105 Polsce i Ukrainie, stawiaj\u0105 na ich wsp\u00f3\u0142prac\u0119 i chc\u0105 pokrzy\u017cowa\u0107 plany odwiecznego wroga wolno\u015bci naszego regionu\u201d \u2013 zaznaczy\u0142 Nawrocki.<\/p>\n<p>Ekshumowane szcz\u0105tki z\u0142o\u017cono w niedziel\u0119 w jednej z dw\u00f3ch istniej\u0105cych ju\u017c mogi\u0142 zbiorowych, powsta\u0142ych w wyniku poprzednich ekshumacji w 1992, 2011 oraz 2015 roku. Znajduje si\u0119 ona na lewo od krzy\u017ca, upami\u0119tniaj\u0105cego ofiary zbrodni, kt\u00f3ry zosta\u0142 ods\u0142oni\u0119ty w 2011 r.<\/p>\n<p>W uroczysto\u015bciach uczestniczy\u0142y rodziny pomordowanych i przedstawiciele w\u0142adz. Obecni byli m.in.: wicemarsza\u0142ek Sejmu Piotr Zgorzelski, ministra kultury i dziedzictwa narodowego Marta Cienkowska i zast\u0119pca prezesa Instytutu Pami\u0119ci Narodowej dr hab. Karol Polejowski. Stron\u0119 ukrai\u0144sk\u0105 reprezentowa\u0142 wiceminister kultury Iwan Werbycki.<\/p>\n<p>Wicemarsza\u0142ek Sejmu Zgorzelski, zwracaj\u0105c si\u0119 do zgromadzonych podkre\u015bli\u0142, \u017ce relacje mi\u0119dzy narodami powinny by\u0107 budowane w oparciu o prawd\u0119. \u201eZbrodni\u0119 trzeba nazwa\u0107 ludob\u00f3jstwem ze szczeg\u00f3lnym okrucie\u0144stwem. Oczekiwa\u0107 nale\u017cy, \u017ce zaprzestanie si\u0119 gloryfikacji oprawc\u00f3w i ci\u0105g\u0142ych prowokacji\u201d \u2013 m\u00f3wi\u0142.<\/p>\n<p>Zaznaczy\u0142 tak\u017ce, \u017ce dzi\u015b Polska i Ukraina nie s\u0105 dla siebie wrogami. \u201eUkraina nie jest wrogiem Polski, a Polska nie jest wrogiem Ukrainy. Ukraina i Polska maj\u0105 od wiek\u00f3w jednego, wsp\u00f3lnego wroga. Kiedy\u015b by\u0142a to Imperialna Rosja, dzisiaj nazywa si\u0119 Federacja Rosyjska. To jest prawdziwy wr\u00f3g\u201d \u2013 o\u015bwiadczy\u0142 Zgorzelski.<\/p>\n<p>Wed\u0142ug IPN zag\u0142ada Ostr\u00f3wek i Woli Ostrowieckiej by\u0142a jednym z najtragiczniejszych epizod\u00f3w zbrodni wo\u0142y\u0144skiej. 30 sierpnia 1943 r. o \u015bwicie kure\u0144 (ukrai\u0144ski pododdzia\u0142) UPA Iwana K\u0142ymczaka \u201e\u0141ysego\u201d oraz sotnia Iwana Zareczniuka \u201eWorona\u201d, przy wsparciu ukrai\u0144skich mieszka\u0144c\u00f3w okolicznych wsi, otoczyli obie polskie wsie szczelnym kordonem. Mieszka\u0144c\u00f3w zgromadzono na placach szkolnych pod pretekstem zebrania.<\/p>\n<p>W Ostr\u00f3wkach m\u0119\u017cczyzn zap\u0119dzono do szko\u0142y i zabudowa\u0144, gdzie w grupach po 10 os\u00f3b byli mordowani uderzeniami siekier, drewnianymi maczugami i strza\u0142ami w ty\u0142 g\u0142owy. Kobiety z dzie\u0107mi i starc\u00f3w zamkni\u0119to w ko\u015bciele. Podobny los spotka\u0142 mieszka\u0144c\u00f3w Woli Ostrowieckiej \u2013 m\u0119\u017cczyzn zabijano za stodo\u0142\u0105 w gospodarstwie Aleksandra Stra\u017cyca, a p\u00f3\u017aniej podpalono budynek ze zgromadzonymi kobietami i dzie\u0107mi, wrzucaj\u0105c granaty przez okna.<\/p>\n<p>W ci\u0105gu zaledwie kilku godzin Ukrai\u0144cy zabili w obu wsiach ok. 1050 os\u00f3b, w tym setki dzieci i kobiet. Ocala\u0142ych uratowa\u0142o niespodziewane pojawienie si\u0119 niemieckiego patrolu, kt\u00f3ry wywo\u0142a\u0142 panik\u0119 w\u015br\u00f3d napastnik\u00f3w. Po rzezi wsie spl\u0105drowano i spalono, a cia\u0142a pomordowanych wrzucano do masowych do\u0142\u00f3w, studni i row\u00f3w. Dzi\u015b na miejscu dawnych polskich osad rozci\u0105gaj\u0105 si\u0119 pola i \u0142\u0105ki \u2013 przypomnia\u0142 IPN.<\/p>\n<p>\u00a0<\/p>\n<p>Z Ostr\u00f3wek Jaros\u0142aw Junko (PAP)<\/p>\n<p><a data-no-instant=\"1\" href=\"https:\/\/aquaverdewater.com\/\" rel=\"noopener nofollow\" class=\"a2t-link\" target=\"_blank\" aria-label=\"aqua-verde-1\"><img loading=\"lazy\" decoding=\"async\" src=\"https:\/\/www.europesays.com\/pl\/wp-content\/uploads\/2026\/08\/1788125785_327_aqua-verde-1.jpg\" alt=\"\"   width=\"1402\" height=\"1122\"\/><\/a><\/p>\n","protected":false},"excerpt":{"rendered":"W niedziel\u0119 na starym polskim cmentarzu w Ostr\u00f3wkach w rejonie Lubomla pochowano szcz\u0105tki 55 Polak\u00f3w, ofiar zbrodni wo\u0142y\u0144skiej&hellip;\n","protected":false},"author":2,"featured_media":656524,"comment_status":"","ping_status":"","sticky":false,"template":"","format":"standard","meta":{"footnotes":"","_share_on_mastodon":"0"},"categories":[12],"tags":[690,42,38,40,39,41,415,7659],"class_list":["post-656523","post","type-post","status-publish","format-standard","has-post-thumbnail","category-polska","tag-karol-nawrocki","tag-pl","tag-poland","tag-polish","tag-polska","tag-polski","tag-ukraina","tag-wolyn"],"share_on_mastodon":{"url":"https:\/\/pubeurope.com\/@pl\/117186618706790261","error":""},"_links":{"self":[{"href":"https:\/\/www.europesays.com\/pl\/wp-json\/wp\/v2\/posts\/656523","targetHints":{"allow":["GET"]}}],"collection":[{"href":"https:\/\/www.europesays.com\/pl\/wp-json\/wp\/v2\/posts"}],"about":[{"href":"https:\/\/www.europesays.com\/pl\/wp-json\/wp\/v2\/types\/post"}],"author":[{"embeddable":true,"href":"https:\/\/www.europesays.com\/pl\/wp-json\/wp\/v2\/users\/2"}],"replies":[{"embeddable":true,"href":"https:\/\/www.europesays.com\/pl\/wp-json\/wp\/v2\/comments?post=656523"}],"version-history":[{"count":0,"href":"https:\/\/www.europesays.com\/pl\/wp-json\/wp\/v2\/posts\/656523\/revisions"}],"wp:featuredmedia":[{"embeddable":true,"href":"https:\/\/www.europesays.com\/pl\/wp-json\/wp\/v2\/media\/656524"}],"wp:attachment":[{"href":"https:\/\/www.europesays.com\/pl\/wp-json\/wp\/v2\/media?parent=656523"}],"wp:term":[{"taxonomy":"category","embeddable":true,"href":"https:\/\/www.europesays.com\/pl\/wp-json\/wp\/v2\/categories?post=656523"},{"taxonomy":"post_tag","embeddable":true,"href":"https:\/\/www.europesays.com\/pl\/wp-json\/wp\/v2\/tags?post=656523"}],"curies":[{"name":"wp","href":"https:\/\/api.w.org\/{rel}","templated":true}]}}