{"id":656545,"date":"2026-08-30T21:46:33","date_gmt":"2026-08-30T21:46:33","guid":{"rendered":"https:\/\/www.europesays.com\/pl\/656545\/"},"modified":"2026-08-30T21:46:33","modified_gmt":"2026-08-30T21:46:33","slug":"tusk-przekazal-informacje-od-szefa-nato-musimy-byc-przygotowani-2","status":"publish","type":"post","link":"https:\/\/www.europesays.com\/pl\/656545\/","title":{"rendered":"Tusk przekaza\u0142 informacje od szefa NATO. &#8222;Musimy by\u0107 przygotowani&#8221;"},"content":{"rendered":"<p>Redakcja polecaTusk po rozmowie z szefem NATO. Ostrzega przed prowokacj\u0105 Rosji<\/p>\n<p class=\"font-primary mb-8 text-lg leading-[1.55] [&amp;_a]:text-[#23437D] [&amp;_a]:underline [&amp;_a]:font-bold\">Premier Donald Tusk poinformowa\u0142, \u017ce sekretarz generalny<br \/>\nNATO Mark Rutte przedstawi\u0142 mu swoj\u0105 ocen\u0119 sytuacji w regionie oraz rozwoju<br \/>\nwydarze\u0144 na froncie ukrai\u0144sko-rosyjskim.<\/p>\n<p class=\"text-dark text-center text-lg leading-[1.35] font-semibold italic md:!text-2xl\">Tak jak ostrzega\u0142em, eskalacja ze strony Rosji post\u0119puje. Ukraina potrzebuje wi\u0119kszego wsparcia w powietrzu, co ma tak\u017ce znaczenie dla naszego bezpiecze\u0144stwa. To zadanie dla ca\u0142ej Europy<\/p>\n<p>premier Donald Tusk<\/p>\n<p class=\"font-primary mb-8 text-lg leading-[1.55] [&amp;_a]:text-[#23437D] [&amp;_a]:underline [&amp;_a]:font-bold\">Szef rz\u0105du zaznaczy\u0142 r\u00f3wnie\u017c, \u017ce nadchodz\u0105ce miesi\u0105ce mog\u0105<br \/>\nmie\u0107 kluczowe znaczenie dla bezpiecze\u0144stwa Polski i ca\u0142ego Sojuszu.<\/p>\n<p class=\"text-dark text-center text-lg leading-[1.35] font-semibold italic md:!text-2xl\">Najbli\u017csze p\u00f3\u0142 roku b\u0119dzie rozstrzygaj\u0105ce i musimy by\u0107 przygotowani jako Polska i NATO na r\u00f3\u017cne scenariusze. Nie mo\u017cemy wykluczy\u0107 prowokacji ze strony Rosji wobec kt\u00f3rego\u015b z cz\u0142onk\u00f3w NATO<\/p>\n<p>premier Donald TuskPolitico: szef CIA ostrzeg\u0142 Rosj\u0119, wskaza\u0142 trzy pa\u0144stwa NATO<\/p>\n<p class=\"font-primary mb-8 text-lg leading-[1.55] [&amp;_a]:text-[#23437D] [&amp;_a]:underline [&amp;_a]:font-bold\">Wed\u0142ug portalu Politico, kt\u00f3ry powo\u0142uje si\u0119 na dwa \u017ar\u00f3d\u0142a<br \/>\nzbli\u017cone do sprawy, podczas nieoczekiwanej wizyty w Moskwie we wtorek <a href=\"https:\/\/polskieradio24.pl\/swiat\/co-tym-razem-szykuje-rosja-tajemnicza-podroz-szefa-cia-do-moskwy\" rel=\"nofollow noopener\" target=\"_blank\">dyrektor<br \/>\nCIA John Ratcliffe ostrzeg\u0142 rosyjskie w\u0142adze<\/a> przed dzia\u0142aniami eskalacyjnymi i<br \/>\natakiem na pa\u0144stwa NATO, ze szczeg\u00f3lnym uwzgl\u0119dnieniem Litwy, \u0141otwy i Estonii.<br \/>\nJak oceni\u0142 ISW w niedawnym raporcie, pilny charakter wizyty \u015bwiadczy\u0142 o realnym<br \/>\ni bliskim niebezpiecze\u0144stwie.<\/p>\n<p class=\"font-primary mb-8 text-lg leading-[1.55] [&amp;_a]:text-[#23437D] [&amp;_a]:underline [&amp;_a]:font-bold\">Podr\u00f3\u017c Ratcliffe\u2019a na pok\u0142adzie wojskowego transportowca z<br \/>\nmi\u0119dzyl\u0105dowaniem w Rydze by\u0142a pierwsz\u0105 wizyt\u0105 szefa CIA w Moskwie, o kt\u00f3rej<br \/>\npublicznie wiadomo, od 2021 r., kiedy jego poprzednik Bill Burns spotka\u0142 si\u0119 z<br \/>\nW\u0142adimirem Putinem, by ostrzec go przed realizacj\u0105 plan\u00f3w najazdu na Ukrain\u0119.<\/p>\n<p>Redakcja poleca<\/p>\n","protected":false},"excerpt":{"rendered":"Redakcja polecaTusk po rozmowie z szefem NATO. Ostrzega przed prowokacj\u0105 Rosji Premier Donald Tusk poinformowa\u0142, \u017ce sekretarz generalny&hellip;\n","protected":false},"author":2,"featured_media":656546,"comment_status":"","ping_status":"","sticky":false,"template":"","format":"standard","meta":{"footnotes":"","_share_on_mastodon":"0"},"categories":[62713],"tags":[425,1345,160,87],"class_list":["post-656545","post","type-post","status-publish","format-standard","has-post-thumbnail","category-donald-tusk","tag-bezpieczenstwo","tag-donald-tusk","tag-nato","tag-rosja"],"share_on_mastodon":{"url":"https:\/\/pubeurope.com\/@pl\/117186657228298544","error":""},"_links":{"self":[{"href":"https:\/\/www.europesays.com\/pl\/wp-json\/wp\/v2\/posts\/656545","targetHints":{"allow":["GET"]}}],"collection":[{"href":"https:\/\/www.europesays.com\/pl\/wp-json\/wp\/v2\/posts"}],"about":[{"href":"https:\/\/www.europesays.com\/pl\/wp-json\/wp\/v2\/types\/post"}],"author":[{"embeddable":true,"href":"https:\/\/www.europesays.com\/pl\/wp-json\/wp\/v2\/users\/2"}],"replies":[{"embeddable":true,"href":"https:\/\/www.europesays.com\/pl\/wp-json\/wp\/v2\/comments?post=656545"}],"version-history":[{"count":0,"href":"https:\/\/www.europesays.com\/pl\/wp-json\/wp\/v2\/posts\/656545\/revisions"}],"wp:featuredmedia":[{"embeddable":true,"href":"https:\/\/www.europesays.com\/pl\/wp-json\/wp\/v2\/media\/656546"}],"wp:attachment":[{"href":"https:\/\/www.europesays.com\/pl\/wp-json\/wp\/v2\/media?parent=656545"}],"wp:term":[{"taxonomy":"category","embeddable":true,"href":"https:\/\/www.europesays.com\/pl\/wp-json\/wp\/v2\/categories?post=656545"},{"taxonomy":"post_tag","embeddable":true,"href":"https:\/\/www.europesays.com\/pl\/wp-json\/wp\/v2\/tags?post=656545"}],"curies":[{"name":"wp","href":"https:\/\/api.w.org\/{rel}","templated":true}]}}