{"id":656549,"date":"2026-08-30T21:51:38","date_gmt":"2026-08-30T21:51:38","guid":{"rendered":"https:\/\/www.europesays.com\/pl\/656549\/"},"modified":"2026-08-30T21:51:38","modified_gmt":"2026-08-30T21:51:38","slug":"pko-bp-ekstraklasa-rakow-na-samym-dnie-ostatni-mecz-jedrzejczyka-cksport-pl-sport-kielce-korona-kielce","status":"publish","type":"post","link":"https:\/\/www.europesays.com\/pl\/656549\/","title":{"rendered":"[PKO BP Ekstraklasa] Rak\u00f3w na samym dnie. Ostatni mecz J\u0119drzejczyka &#8211; CKsport.pl &#8211; Sport Kielce | Korona Kielce"},"content":{"rendered":"<p>Festiwal trafie\u0144 w 6. kolejce PKO BP Ekstraklasy. Jagiellonia strzeli\u0142a pi\u0119\u0107 goli w Cz\u0119stochowie, a GKS i Lech wygrywaj\u0105 wyjazdowe konfrontacje po dramatycznych ko\u0144c\u00f3wkach.<\/p>\n<p>Korona Kielce wygra\u0142a na inauguracj\u0119 w P\u0142ocku z Wis\u0142\u0105 2:0. Zwyci\u0119stwo \u201eKoroniarzy\u201d na Orlen Stadionie zapewni\u0142y trafienia Morgana Fassbendera oraz Mariusza St\u0119pi\u0144skiego. By\u0142 to pierwszy triumf \u201e\u017c\u00f3\u0142to-czerwonych\u201d w delegacji nad \u201eNafciarzami\u201d od 31 maja 2020 roku, kiedy wygrali na Mazowszu (4:1) po bramkach Adnana Kova\u010devicia, Marcina Cebuli, Peteriego Forsella oraz Jacka Kie\u0142ba. Wi\u0119cej o pi\u0105tkowym starciu przeczytasz <a href=\"https:\/\/www.cksport.pl\/pokazWiadomosc\/34146_korona_zdobyla_plock_po_szesciu_latach_przerwy.html\" rel=\"nofollow noopener\" target=\"_blank\">TUTAJ<\/a>.<\/p>\n<p><img decoding=\"async\" style=\"height: 100px; object-fit: contain;\" src=\"https:\/\/www.europesays.com\/pl\/wp-content\/uploads\/2026\/08\/1788126693_932_wisla_herb_1.png\" alt=\"Wis\u0142a P\u0142ock\"\/><\/p>\n<p>VS<\/p>\n<p><img decoding=\"async\" style=\"height: 100px; object-fit: contain;\" src=\"https:\/\/www.europesays.com\/pl\/wp-content\/uploads\/2026\/08\/1788126694_865_kor_9.png\" alt=\"Korona Kielce\"\/><br \/>\nPKO BP EKSTRAKLASA<br \/>\n0:2 (0:1)<br \/>\nskr\u00f3t meczu<\/p>\n<p>\u00a0<\/p>\n<p><a href=\"https:\/\/www.cksport.pl\" target=\"_blank\" rel=\"noopener nofollow\"><img decoding=\"async\" style=\"height: 40px; opacity: 0.8;\" src=\"https:\/\/www.europesays.com\/pl\/wp-content\/uploads\/2026\/08\/1788126695_120_ck_sport_1.png\" alt=\"CK Sport\"\/><\/a><\/p>\n<p>\u00a0<\/p>\n<p>Wis\u0142a P\u0142ock \u2013 Korona Kielce\u00a0<\/p>\n<p>0:2 (0:1)<\/p>\n<p>21&#8242; Fassbender, 49&#8242; St\u0119pi\u0144ski<\/p>\n<p>Wis\u0142a P\u0142ock: Leszczy\u0144ski \u2013 Silva, Kami\u0144ski, Haglund-Sangr\u00e9 \u2013 Gallapeni (56&#8242; Kobacki), Pomorski (82&#8242; Juri\u0107), Radwa\u0144ski, Rogelj \u2013 Kun, Hamuli\u0107 (56&#8242; Sekulski), Jimenez (67&#8242; Hiszpa\u0144ski).<\/p>\n<p>Korona Kielce: Dzieko\u0144ski \u2013 D\u0142ugosz, Rube\u017ei\u0107, Mos\u00f3r, Pi\u0119czek \u2013 Hellebrand, Jakubczyk, Remacle (76&#8242; Nono) \u2013 Barczak (88&#8242; Sotiriou), Fassbender (85&#8242; Ciszek) \u2013 St\u0119pi\u0144ski (76&#8242; B\u0105k).<\/p>\n<p>Legia Warszawa zremisowa\u0142a u siebie ze \u015al\u0105skiem Wroc\u0142aw 1:1. Go\u015bcie obj\u0119li prowadzenie w 35. minucie po skutecznie wykorzystanym rzucie karnym przez Piotra Samica-Talara. Legia d\u0142ugo nie potrafi\u0142a doprowadzi\u0107 do wyr\u00f3wnania, ale w samej ko\u0144c\u00f3wce do siatki trafi\u0142 Rafa\u0142 Adamski. Na pocz\u0105tku potyczki po\u017cegnano by\u0142ego zawodnika Korony Kielce Artura J\u0119drzejczyka, kt\u00f3ry oficjalnie zako\u0144czy\u0142 pi\u0142karsk\u0105 karier\u0119.<\/p>\n<p>Legia Warszawa \u2013 \u015al\u0105sk Wroc\u0142aw<\/p>\n<p>1:1 (0:1)<\/p>\n<p>90&#8242; Adamski \u2013 35&#8242; Samiec-Talar (k.)<\/p>\n<p>Legia Warszawa: Hindrich \u2013 Wszo\u0142ek, Pi\u0105tkowski, Augustyniak, Deziel Jr (85&#8242; Rajovi\u0107), Vinagre \u2013 \u0160ev\u010d\u00edk (46&#8242; Urba\u0144ski), Arreiol (76&#8242; Szczepaniak), J\u0119drzejczyk (2&#8242; Kapustka) \u2013 Zjawi\u0144ski, Kuchta (77&#8242; Adamski).<\/p>\n<p>\u015al\u0105sk Wroc\u0142aw: Niemczycki \u2013 Rosiak, Macenko (82&#8242; Szala), Ba, Malec, Llinares \u2013 Samiec-Talar, Tomasiewicz, Shabani (64&#8242; Yriarte), Marjanac \u2013 Demb\u00e9l\u00e9 (69&#8242; Banaszak).<\/p>\n<p>Radomiak Radom pokona\u0142 Cracovi\u0119 2:1. Go\u015bcie obj\u0119li prowadzenie tu\u017c po przerwie, gdy w 47. minucie na list\u0119 strzelc\u00f3w wpisa\u0142 si\u0119 Martin Minczew. Gospodarze szybko odpowiedzieli \u2013 w 55. minucie wyr\u00f3wna\u0142 Rafa\u0142 Wolski, a dziewi\u0119\u0107 minut p\u00f3\u017aniej ten sam zawodnik wykorzysta\u0142 rzut karny, zapewniaj\u0105c Radomiakowi zwyci\u0119stwo.<\/p>\n<p>Radomiak Radom \u2013 Cracovia<\/p>\n<p>2:1 (0:0)<\/p>\n<p>55&#8242; Wolski, 64&#8242; Wolski (k.) \u2013 47&#8242; Minczew<\/p>\n<p>Radomiak Radom: Majchrowicz \u2013 Ouattara, Szcze\u015bniak, Koperski, Grzesik \u2013 Nunnely (59&#8242; Tapsoba), D\u00f3nis, Wolski (74&#8242; Camar\u00e1), Luquinhas (87&#8242; Blasco), Lumungo (59&#8242; Conrado) \u2013 Gour\u00e9 (59&#8242; Guilherme Luiz).<\/p>\n<p>Cracovia: Madejski \u2013 Kakabadze, Henriksson (66&#8242; Baumgartner), Brahim Traor\u00e9, Perkovi\u0107 \u2013 Pi\u0142a (66&#8242; Zahiroleslam), Klich (73&#8242; Praszelik), Al-Ammari, Hasi\u0107, Minczew (66&#8242; Ltaief) \u2013 Berte (83&#8242; Kameri).<\/p>\n<p>Motor Lublin przegra\u0142 u siebie z Piast Gliwice 0:2. Gospodarze d\u0142ugo utrzymywali bezbramkowy remis, jednak w 78. minucie prowadzenie go\u015bciom da\u0142 Juande Rivas. W samej ko\u0144c\u00f3wce wynik spotkania ustali\u0142 za\u015b Szczepan Mucha.<\/p>\n<p>Motor Lublin \u2013 Piast Gliwice<\/p>\n<p>0:2 (0:0)<\/p>\n<p>78&#8242; Rivas, 90&#8242; Mucha<\/p>\n<p>Motor Lublin: Tratnik \u2013 Santos (72&#8242; Lukoszek), Bereszy\u0144ski, Barto\u0161, Luberecki \u2013 N&#8217;Diaye, Meyer, Simon (62&#8242; \u0141\u0119gowski), Rodrigues (82&#8242; Haxha), A\u00efko (62&#8242; Ronaldo) \u2013 Czubak.<\/p>\n<p>Piast Gliwice: Gril \u2013 Twumasi, Rivas, Czerwi\u0144ski, Lewicki \u2013 Lima (90&#8242; Mucha), Boisgard (84&#8242; Maziarz), \u0141abojko (65&#8242; Le\u015bniak), Vallejo (83&#8242; F\u00e9lix) \u2013 Ntamack (84&#8242; Katsant\u00f3nis), Sanca.<\/p>\n<p>W ma\u0142ych derbach Krakowa Wis\u0142a pokona\u0142a u siebie Wieczyst\u0105 2:0. Po bezbramkowej pierwszej po\u0142owie prowadzenie gospodarzom da\u0142 w 54. minucie Jordi S\u00e1nchez. Wynik spotkania ustali\u0142 w 80. minucie J\u00e9r\u00e9my Guillemenot, kt\u00f3ry pojawi\u0142 si\u0119 na boisku siedem minut wcze\u015bniej.<\/p>\n<p>Wis\u0142a Krak\u00f3w \u2013 Wieczysta Krak\u00f3w<\/p>\n<p>2:0 (0:0)<\/p>\n<p>54&#8242; S\u00e1nchez, 80&#8242; Guillemenot<\/p>\n<p>Wis\u0142a Krak\u00f3w: \u0141ubik \u2013 Giger, Uryga, Gruj\u010di\u0107, Krzy\u017canowski \u2013 Youan (58&#8242; Kuziemka), Duda (58&#8242; Rodado), Igbekeme, Ertlthaler, Bo\u017ei\u0107 (73&#8242; Mikulec) \u2013 S\u00e1nchez (73&#8242; Guillemenot).<\/p>\n<p>Wieczysta Krak\u00f3w: \u010cavlina \u2013 Fila (75&#8242; Dankowski), Wieteska, Mili\u0107, Pestka (63&#8242; Vojtko) \u2013 Semedo (75&#8242; Pu\u0161i\u0107), Maigaard, Christensen, Piaz\u00f3n (81&#8242; Bia\u0142ek), Lungoyi (63&#8242; Villar) \u2013 Koulo\u00faris.<\/p>\n<p>KGHM Zag\u0142\u0119bie Lubin zremisowa\u0142o u siebie z Pogo\u0144 Szczecin 0:0. W 23. minucie czerwon\u0105 kartk\u0105 zosta\u0142 ukarany gracz \u201ePortowc\u00f3w\u201d Filip \u010cui\u0107.<\/p>\n<p>KGHM Zag\u0142\u0119bie Lubin \u2013 Pogo\u0144 Szczecin<\/p>\n<p>0:0 (0:0)<\/p>\n<p>KGHM Zag\u0142\u0119bie Lubin: Alomerovi\u0107 \u2013 Grzybek (84&#8242; \u0141yczko), \u0141awniczak, Michalski, Jakuba, Nowogo\u0144ski (46&#8242; Kerk) \u2013 Regu\u0142a, Kocaba, Kolan, Mlinari\u0107 (69&#8242; Sypek) \u2013 Koss\u00eddis (69&#8242; Szymczak).<\/p>\n<p>Pogo\u0144 Szczecin: Cojocaru \u2013 Ali, Keram\u00edtsis, Szalai, Borges \u2013 Mukairu (90&#8242; Juwara), Acosta (63&#8242; Ulvestad), Dziczek, Wojciechowski (74&#8242; Biega\u0144ski), \u010curlinov (46&#8242; Mendy) \u2013 \u010cui\u0107.<\/p>\n<p>Jagiellonia Bia\u0142ystok rozbi\u0142a na wyje\u017adzie Rak\u00f3w Cz\u0119stochowa a\u017c 5:2 w niezwykle emocjonuj\u0105cym spotkaniu. Gospodarze obj\u0119li prowadzenie w 23. minucie po trafieniu Mahira Emrelego, jednak jeszcze przed przerw\u0105 Bia\u0142ostoczanie odwr\u00f3cili losy meczu \u2013 najpierw z rzutu karnego wyr\u00f3wna\u0142 Jes\u00fas Imaz, a w 37. minucie Nik Prelec da\u0142 Jagiellonii prowadzenie. Po zmianie stron Jakub Jendryka doprowadzi\u0142 do remisu, ale ko\u0144c\u00f3wka nale\u017ca\u0142a ju\u017c do go\u015bci. Guilherme Mont\u00f3ia wykorzysta\u0142 rzut karny, dwie minuty p\u00f3\u017aniej Ousmane Sow podwy\u017cszy\u0142 prowadzenie, a w 89. minucie Youssuf Sylla ustali\u0142 wynik.<\/p>\n<p>Rak\u00f3w Cz\u0119stochowa \u2013 Jagiellonia Bia\u0142ystok<\/p>\n<p>2:5 (1:2)<\/p>\n<p>23&#8242; Emreli, 56&#8242; Jendryka \u2013 31&#8242; Imaz (k.), 37&#8242; Prelec, 76&#8242; Mont\u00f3ia (k.), 78&#8242; Sow, 89&#8242; Sylla<\/p>\n<p>Rak\u00f3w Cz\u0119stochowa: Trelowski \u2013 Gaucho Debohi (46&#8242; Repka), Racovi\u021ban, Tudor (71&#8242; Brorsson) \u2013 Jendryka, Koczerhin, Struski (62&#8242; Kwiatkowski), Makuch, Moln\u00e1r (62&#8242; Diaby-Fadiga), Jean Carlos Silva (46&#8242; Perovi\u0107) \u2013 Emreli.<\/p>\n<p>Jagiellonia Bia\u0142ystok: Abramowicz \u2013 Wojtuszek, Konstant\u00f3poulos, Y\u016bki Kobayashi, Mont\u00f3ia \u2013 Rodrigo Concei\u00e7\u00e3o (90&#8242; J\u00f3\u017awiak), Romanczuk, Koz\u0142owski (69&#8242; Finndell), Imaz (46&#8242; Lozano), Szmyt (69&#8242; Sow) \u2013 Prelec (86&#8242; Sylla).<\/p>\n<p>GKS Katowice pokona\u0142 na wyje\u017adzie G\u00f3rnika Zabrze 3:2. Go\u015bcie obj\u0119li prowadzenie ju\u017c w 11. minucie za spraw\u0105 Ilji Szkurina i d\u0142ugo utrzymywali korzystny wynik. W ko\u0144c\u00f3wce meczu G\u00f3rnik odwr\u00f3ci\u0142 losy potyczki w zaledwie minut\u0119 \u2013 w 75. minucie z rzutu karnego wyr\u00f3wna\u0142 Kacper Urba\u0144ski, a chwil\u0119 p\u00f3\u017aniej Josema da\u0142 gospodarzom prowadzenie. Katowiczanie odpowiedzieli jednak w najlepszy mo\u017cliwy spos\u00f3b: Szkurin ponownie trafi\u0142 w 90. minucie, a ju\u017c w doliczonym czasie gry skompletowa\u0142 hat-tricka, zapewniaj\u0105c GKS-owi zwyci\u0119stwo.<\/p>\n<p>G\u00f3rnik Zabrze \u2013 GKS Katowice<\/p>\n<p>2:3 (0:1)<\/p>\n<p>75&#8242; Urba\u0144ski (k.), 76&#8242; Josema \u2013 11&#8242;, 90&#8242;, 90&#8242; Szkurin<\/p>\n<p>G\u00f3rnik Zabrze: Schulze \u2013 S\u00e1\u010dek, Janicki, Josema, Jan\u017ea \u2013 Gonz\u00e1lez (90&#8242; Ikia Dimi), Urba\u0144ski, Sad\u00edlek (60&#8242; Kubicki), Paulo Bernardo (59&#8242; Antiste), Ch\u0142a\u0144 \u2013 Prekop (84&#8242; Dietz).<\/p>\n<p>GKS Katowice: Kobylak \u2013 Jirka (89&#8242; Wasielewski), Klemenz (90&#8242; Czerwi\u0144ski), J\u0119drych, Resta, Gal\u00e1n \u2013 Markovic (89&#8242; Bartlewicz), Kowalczyk, Wolski (90&#8242; \u0141ukasiak), Nowak \u2013 Szkurin.<\/p>\n<p>Lech Pozna\u0144 pokona\u0142 Widzew w \u0141odzi 3:2. Go\u015bcie obj\u0119li prowadzenie ju\u017c w 6. minucie po trafieniu Antoniego Kozubala, a nast\u0119pnie podwy\u017cszyli je za spraw\u0105 Allahyara Sayyadmanesha. Widzew odpowiedzia\u0142 golem Karola \u015awiderskiego jeszcze przed przerw\u0105, a w 53. minucie Mariusz Fornalczyk doprowadzi\u0142 do wyr\u00f3wnania. O losach meczu zdecydowa\u0142a ko\u0144c\u00f3wka, gdy w ostatniej akcji i b\u0142\u0119dzie bramkarza Bart\u0142omieja Dr\u0105gowskiego zwyci\u0119skiego gola dla Lecha zdoby\u0142 Luis Palma.<\/p>\n<p>Widzew \u0141\u00f3d\u017a \u2013 Lech Pozna\u0144<\/p>\n<p>2:3 (1:2)<\/p>\n<p>27&#8242; \u015awiderski, 53&#8242; Fornalczyk \u2013 6&#8242; Kozubal, 22&#8242; Sayyadmanesh, 90&#8242; Luis Palma<\/p>\n<p>Widzew \u0141\u00f3d\u017a: Dr\u0105gowski \u2013 Krajewski, \u017byro, Kapuadi, Mario Garc\u00eda \u2013 Baena, Selahi, Fran \u00c1lvarez (86&#8242; Klukowski), Kornvig (70&#8242; Papanikol\u00e1ou), Fornalczyk (81&#8242; Biuk) \u2013 \u015awiderski (70&#8242; Bergier).<\/p>\n<p>Lech Pozna\u0144: Lis \u2013 Joel Pereira, Mo\u0144ka, Yegbe, Gurgul \u2013 W\u00e5lemark (88&#8242; Szymczak), Murawski (75&#8242; Berggren), Kozubal, Sayyadmanesh \u2013 Agnero (68&#8242; Luis Palma), Pablo Rodr\u00edguez (75&#8242; Jagie\u0142\u0142o).<\/p>\n<p>Wyniki 6. kolejki PKO BP Ekstraklasy:<\/p>\n<p>Tabela PKO Bank Polski Ekstraklasy po 6. kolejce sezonu 2026\/2027:<\/p>\n<p>Awans &#8211; Liga Mistrz\u00f3w (Kwalifikacje)<\/p>\n<p>Awans &#8211; Liga Europy (Kwalifikacje)<\/p>\n<p>Awans &#8211; Liga Konferencji (Kwalifikacje)<\/p>\n<p>Spadek &#8211; Betclic 1. Liga<\/p>\n<p>Fot. Marcin Deszczka<\/p>\n<p><a href=\"https:\/\/dapkielce.pl\/\" target=\"_blank\" rel=\"noopener nofollow\"> <img decoding=\"async\" style=\"width: 100%; height: auto; display: block;\" src=\"https:\/\/www.europesays.com\/pl\/wp-content\/uploads\/2026\/08\/1788126697_137_dap_grafika.png\" alt=\"DAP Kielce Grafika\"\/> <\/a><\/p>\n<p>&#8212;&#8212;&#8212;&#8212;<br \/>\nDzi\u0119kujemy, \u017ce jeste\u015b z nami i wspierasz tw\u00f3rczo\u015b\u0107 dost\u0119pn\u0105 na CKsport.pl. Kliknij w link poni\u017cej i postaw naszej redakcji symboliczn\u0105 kaw\u0119.<\/p>\n<p><a href=\"https:\/\/buycoffee.to\/cksportpl\" target=\"_blank\" rel=\"noopener nofollow\"><img decoding=\"async\" style=\"width: 300px; display: block; margin-left: auto; margin-right: auto;\" src=\"https:\/\/buycoffee.to\/btn\/buycoffeeto-btn-primary.svg\" alt=\"Postaw mi kaw\u0119 na buycoffee.to\"\/><\/a><\/p>\n","protected":false},"excerpt":{"rendered":"Festiwal trafie\u0144 w 6. kolejce PKO BP Ekstraklasy. Jagiellonia strzeli\u0142a pi\u0119\u0107 goli w Cz\u0119stochowie, a GKS i Lech&hellip;\n","protected":false},"author":2,"featured_media":656550,"comment_status":"","ping_status":"","sticky":false,"template":"","format":"standard","meta":{"footnotes":"","_share_on_mastodon":"0"},"categories":[52122],"tags":[2398,2570,4979,2615,3548,2908,215,713,3364,2810,6010,752,2573,42,61070,1111,38,40,39,41,2167,2369,697,4065,3651,5810,2614],"class_list":["post-656549","post","type-post","status-publish","format-standard","has-post-thumbnail","category-pko-bank-polski","tag-cracovia","tag-gks-katowice","tag-gornik-zabrze","tag-jagiellonia-bialystok","tag-kghm-zaglebie-lubin","tag-korona-kielce","tag-lech-poznan","tag-legia-warszawa","tag-motor-lublin","tag-piast-gliwice","tag-pko-bank-polski","tag-pko-bp","tag-pko-bp-ekstraklasa","tag-pl","tag-podsumowanie-kolejki","tag-pogon-szczecin","tag-poland","tag-polish","tag-polska","tag-polski","tag-radomiak-radom","tag-rakow-czestochowa","tag-slask-wroclaw","tag-widzew-lodz","tag-wieczysta-krakow","tag-wisla-krakow","tag-wisla-plock"],"share_on_mastodon":{"url":"https:\/\/pubeurope.com\/@pl\/117186678378421234","error":""},"_links":{"self":[{"href":"https:\/\/www.europesays.com\/pl\/wp-json\/wp\/v2\/posts\/656549","targetHints":{"allow":["GET"]}}],"collection":[{"href":"https:\/\/www.europesays.com\/pl\/wp-json\/wp\/v2\/posts"}],"about":[{"href":"https:\/\/www.europesays.com\/pl\/wp-json\/wp\/v2\/types\/post"}],"author":[{"embeddable":true,"href":"https:\/\/www.europesays.com\/pl\/wp-json\/wp\/v2\/users\/2"}],"replies":[{"embeddable":true,"href":"https:\/\/www.europesays.com\/pl\/wp-json\/wp\/v2\/comments?post=656549"}],"version-history":[{"count":0,"href":"https:\/\/www.europesays.com\/pl\/wp-json\/wp\/v2\/posts\/656549\/revisions"}],"wp:featuredmedia":[{"embeddable":true,"href":"https:\/\/www.europesays.com\/pl\/wp-json\/wp\/v2\/media\/656550"}],"wp:attachment":[{"href":"https:\/\/www.europesays.com\/pl\/wp-json\/wp\/v2\/media?parent=656549"}],"wp:term":[{"taxonomy":"category","embeddable":true,"href":"https:\/\/www.europesays.com\/pl\/wp-json\/wp\/v2\/categories?post=656549"},{"taxonomy":"post_tag","embeddable":true,"href":"https:\/\/www.europesays.com\/pl\/wp-json\/wp\/v2\/tags?post=656549"}],"curies":[{"name":"wp","href":"https:\/\/api.w.org\/{rel}","templated":true}]}}