{"id":656565,"date":"2026-08-30T22:06:19","date_gmt":"2026-08-30T22:06:19","guid":{"rendered":"https:\/\/www.europesays.com\/pl\/656565\/"},"modified":"2026-08-30T22:06:19","modified_gmt":"2026-08-30T22:06:19","slug":"rusza-remont-starowislnej-kierowcow-czekaja-zwezenia","status":"publish","type":"post","link":"https:\/\/www.europesays.com\/pl\/656565\/","title":{"rendered":"Rusza remont Starowi\u015blnej. Kierowc\u00f3w czekaj\u0105 zw\u0119\u017cenia"},"content":{"rendered":"<p>Stan techniczny ul. Starowi\u015blnej od dawna budzi zastrze\u017cenia pieszych, kierowc\u00f3w, rowerzyst\u00f3w i pasa\u017cer\u00f3w tramwaj\u00f3w. To w\u0142a\u015bnie pilna potrzeba interwencji zar\u00f3wno drogowej, jak i torowej zadecydowa\u0142a o odej\u015bciu od d\u0142ugotrwa\u0142ego procesu przebudowy na rzecz szybszego w realizacji remontu.<\/p>\n<p>Pierwszy etap obejmie chodnik po stronie numer\u00f3w nieparzystych mi\u0119dzy ul. Dietla a ul. Miodow\u0105. Nast\u0119pnie roboty b\u0119d\u0105 stopniowo przenosi\u0107 si\u0119 na kolejne fragmenty ulicy.\u2028Mieszka\u0144cy i kierowcy musz\u0105 liczy\u0107 si\u0119 z miejscowymi zw\u0119\u017ceniami jezdni i chodnik\u00f3w. W zwi\u0105zku z pracami piesi b\u0119d\u0105 miejscowo kierowani na chodnik po drugiej stronie ulicy. Na obj\u0119tym pracami odcinku b\u0119dzie r\u00f3wnie\u017c obowi\u0105zywa\u0142 zakaz zatrzymywania si\u0119.<\/p>\n<p>Zako\u0144czenie pierwszego etapu prac planowane jest na 30 listopada.<\/p>\n<p>Docelowo remont obejmie tak\u017ce konstrukcj\u0119 jezdni, chodnik\u00f3w i torowiska. Prace torowe rozpoczn\u0105 si\u0119 na pocz\u0105tku 2027 r. Zakres inwestycji obejmuje odcinek ul. Starowi\u015blnej \u2014 od ul. Dietla, przez skrzy\u017cowania z ul. Miodow\u0105, Dajw\u00f3r, Przemysk\u0105 i Joselewicza, a\u017c do mostu Powsta\u0144c\u00f3w \u015al\u0105skich.<\/p>\n<p>Po zrealizowaniu pierwszych czterech\u2014pi\u0119ciu etap\u00f3w, na pocz\u0105tku przysz\u0142ego roku rozpocznie si\u0119 zasadniczy etap tych prac przygotowawczych, w ramach kt\u00f3rego roboty przy mediach i chodnikach b\u0119d\u0105 kontynuowane na pozosta\u0142ych odcinkach ulicy.<\/p>\n<p>W zwi\u0105zku z decyzj\u0105 o pozostawieniu dwukierunkowego ruchu na ul. Starowi\u015blnej, Zesp\u00f3\u0142 Ogrodniczki Miejskiej przeanalizowa\u0142 mo\u017cliwo\u015bci wprowadzenia zieleni przy zachowaniu dotychczasowej organizacji ruchu. I uda\u0142o si\u0119 znale\u017a\u0107 miejsce na oko\u0142o 80 nowych drzew oraz kilkaset metr\u00f3w kwadratowych krzew\u00f3w i bylin. W przypadku Starowi\u015blnej drzewa nie by\u0142yby czym\u015b zupe\u0142nie nowym. Historycznie drzewa ros\u0142y wzd\u0142u\u017c tej ulicy i przez lata by\u0142y wa\u017cnym elementem jej krajobrazu. W wyniku kolejnych przebud\u00f3w i remont\u00f3w stopniowo jednak znika\u0142y, a\u017c zosta\u0142y ca\u0142kowicie usuni\u0119te. Ale drzewa to nie wszystko. Analizy pokaza\u0142y r\u00f3wnie\u017c du\u017cy potencja\u0142 do odbetonowania Starowi\u015blnej i wprowadzenia wi\u0119kszych powierzchni krzew\u00f3w i bylin.<\/p>\n<p>Jednak to zadanie na przysz\u0142o\u015b\u0107. Na razie kierowcy i piesi powinni zwraca\u0107 szczeg\u00f3ln\u0105 uwag\u0119 na oznakowanie oraz zmieniaj\u0105c\u0105 si\u0119 organizacj\u0119 ruchu.<\/p>\n","protected":false},"excerpt":{"rendered":"Stan techniczny ul. Starowi\u015blnej od dawna budzi zastrze\u017cenia pieszych, kierowc\u00f3w, rowerzyst\u00f3w i pasa\u017cer\u00f3w tramwaj\u00f3w. To w\u0142a\u015bnie pilna potrzeba&hellip;\n","protected":false},"author":2,"featured_media":656566,"comment_status":"","ping_status":"","sticky":false,"template":"","format":"standard","meta":{"footnotes":"","_share_on_mastodon":"0"},"categories":[51606],"tags":[61195,399,1304,48,46,55,42,38,40,39,41,47,52268],"class_list":["post-656565","post","type-post","status-publish","format-standard","has-post-thumbnail","category-krakow","tag-bottomfeed_styl","tag-informacje","tag-krakow","tag-nat_styl","tag-omp","tag-phx","tag-pl","tag-poland","tag-polish","tag-polska","tag-polski","tag-screening_general","tag-strefa_miast"],"share_on_mastodon":{"url":"https:\/\/pubeurope.com\/@pl\/117186736269667687","error":""},"_links":{"self":[{"href":"https:\/\/www.europesays.com\/pl\/wp-json\/wp\/v2\/posts\/656565","targetHints":{"allow":["GET"]}}],"collection":[{"href":"https:\/\/www.europesays.com\/pl\/wp-json\/wp\/v2\/posts"}],"about":[{"href":"https:\/\/www.europesays.com\/pl\/wp-json\/wp\/v2\/types\/post"}],"author":[{"embeddable":true,"href":"https:\/\/www.europesays.com\/pl\/wp-json\/wp\/v2\/users\/2"}],"replies":[{"embeddable":true,"href":"https:\/\/www.europesays.com\/pl\/wp-json\/wp\/v2\/comments?post=656565"}],"version-history":[{"count":0,"href":"https:\/\/www.europesays.com\/pl\/wp-json\/wp\/v2\/posts\/656565\/revisions"}],"wp:featuredmedia":[{"embeddable":true,"href":"https:\/\/www.europesays.com\/pl\/wp-json\/wp\/v2\/media\/656566"}],"wp:attachment":[{"href":"https:\/\/www.europesays.com\/pl\/wp-json\/wp\/v2\/media?parent=656565"}],"wp:term":[{"taxonomy":"category","embeddable":true,"href":"https:\/\/www.europesays.com\/pl\/wp-json\/wp\/v2\/categories?post=656565"},{"taxonomy":"post_tag","embeddable":true,"href":"https:\/\/www.europesays.com\/pl\/wp-json\/wp\/v2\/tags?post=656565"}],"curies":[{"name":"wp","href":"https:\/\/api.w.org\/{rel}","templated":true}]}}